{"id":17181,"date":"2025-10-02T09:18:24","date_gmt":"2025-10-02T09:18:24","guid":{"rendered":"https:\/\/presscouncil-ks.org\/?p=17181"},"modified":"2025-10-02T09:18:24","modified_gmt":"2025-10-02T09:18:24","slug":"savet-stampe-doneo-odluke-o-7-zalbi","status":"publish","type":"post","link":"http:\/\/presscouncil-ks.org\/?p=17181&lang=sr","title":{"rendered":"Savet \u0160tampe doneo odluke o 7 \u017ealbi"},"content":{"rendered":"<p><strong>Savet \u0160tampe Kosova (S\u0160K) u redovnom sastanku razmotrio je ukupno sedam \u017ealbi. Skup\u0161tina S\u0160K-a odlu\u010dila da jedna od njih bude usvojena, dve da se usvoje delimi\u010dno, dve da se ne usvoje, jedna je progla\u0161ena neprihvatljiva jedna neblagovremena.<\/strong><\/p>\n<p>&nbsp;<\/p>\n<p>\u017dalbe su se ticale navodnih kr\u0161enja odre\u0111enih poglavlja Kodeksa za \u0161tampane medije Kosova, kao \u0161to su Poglavlje II \u2013 Istinito izve\u0161tavanje, Poglavlje III &#8211; Podsticanje i govor mr\u017enje, Poglavlje IV \u2013 Pravo na odgovor i Poglavlje VII \u2013 Privatnost i za\u0161tita izvora.<\/p>\n<p>&nbsp;<\/p>\n<p>Savet \u0160tampe Kosova (S\u0160K) je odobrio tu\u017ebu Arsima Halilija protiv <a href=\"https:\/\/l.facebook.com\/l.php?u=http%3A%2F%2FKallxo.com%2F%3Ffbclid%3DIwZXh0bgNhZW0CMTAAYnJpZBExVXFuOVdlYThRTTY1Q28yRAEe81iul8eQ42LAxanlhQBRtvJVnRG1Uwc6YKsUQ0zyhfAbTfw-4_D2ULD5o-8_aem_L0M5j6AKhWuoAnOB2hqoCA&amp;h=AT3ArTXnxUqTYo0HF4Ny_2xu1WK2ngv5jH7021vP9jHtJMStM20zfy74rsI22sFSqSGV73vW4pCDoX-5xtgppYNQQskMfdnzVWFMvczOHDbkg1iOFE4kOl_tYwgf3Fz29RGSjbdSXCyByg&amp;__tn__=-UK-R&amp;c%5b0%5d=AT3YmOLwqVTU6h71AxtmAxU5eldbP-vElRjn-0t-hqGpowuk-DcBJW8Js3PloSTnJQoytZPTyOQBQ07IkncsvbKYGNIqEnoxR4s0Q5WixYBVPAmM5ypoSOjpzgn95IqzNRDo5VRDzCTEYZQlE2JeBYVnjaKFcrLfrdtduR_xJ30-Ic5xZ-bACUvoU2B964D1Y1bFVOm0jRIkWMtjTgU41TMq\"><strong>Kallxo.com<\/strong><\/a> zbog \u010dlanka pod nazivom \u201dReakcija na klevetni\u010dku kampanju o ugovoru iz 2017. izme\u0111u BIRN-a i RTK\u201c, utvrdiv\u0161i da su prekr\u0161ena poglavlja II i IV Kodeksa za \u0160tampu Kosova, koja se bave izve\u0161tavanjem istine, odnosno pravom na odgovor.<\/p>\n<p>&nbsp;<\/p>\n<p>S\u0160K je delimi\u010dno odobrio tu\u017ebu Albinota Bimba\u0161ija protiv <a href=\"https:\/\/l.facebook.com\/l.php?u=http%3A%2F%2FKosovalive.net%2F%3Ffbclid%3DIwZXh0bgNhZW0CMTAAYnJpZBExVXFuOVdlYThRTTY1Q28yRAEeVQh7ODUOZlyxtkfJG-82b7L9_1c8qkXUOJXFLc4_T_Sqz2bMG3POuXGCLo0_aem_DLiz1K8g2SStm5vjdZiRIA&amp;h=AT2EUHyrY0KQ90t0oLnAx2ppWtTgDlVcoSm4IxzUwR1fs7Mrqz1hRqkQcYwExItlMgWge7Ls7-aFz1Wm9u8vw1xjciQ8pKpM1x-XGKXVdnvEjVhIsf7fGW9ks38m3SZwjXPIa4JkWSq5Mg&amp;__tn__=-UK-R&amp;c%5b0%5d=AT3YmOLwqVTU6h71AxtmAxU5eldbP-vElRjn-0t-hqGpowuk-DcBJW8Js3PloSTnJQoytZPTyOQBQ07IkncsvbKYGNIqEnoxR4s0Q5WixYBVPAmM5ypoSOjpzgn95IqzNRDo5VRDzCTEYZQlE2JeBYVnjaKFcrLfrdtduR_xJ30-Ic5xZ-bACUvoU2B964D1Y1bFVOm0jRIkWMtjTgU41TMq\"><strong>Kosovalive.net<\/strong><\/a> zbog \u010dlanka pod nazivom \u201dSkandalozno: \u010clanovi kosovske dijaspore koji \u017eive u Austriji suo\u010davaju se sa mnogim problemima\u201c, utvrdiv\u0161i da su prekr\u0161ena poglavlja II i IV Kodeksa za \u0160tampu Kosova, koja se bave izve\u0161tavanjem istine, odnosno pravom na odgovor, ali ne i Poglavlje III, koje se bavi podsticanjem i govorom mr\u017enje, kako tvrdi podnosilac tu\u017ebe.<\/p>\n<p>&nbsp;<\/p>\n<p>S\u0160K je delimi\u010dno odobrio tu\u017ebu Telekom Kosova A.D. protiv <a href=\"https:\/\/l.facebook.com\/l.php?u=http%3A%2F%2FShenjester.net%2F%3Ffbclid%3DIwZXh0bgNhZW0CMTAAYnJpZBExVXFuOVdlYThRTTY1Q28yRAEePbbkgFEA7p27u8R7_j4oxbr55trSzMQrlQKPdp-PLENWkz_QWPXI4F_2DYs_aem_izad3wPpD2GW05lmlnifrA&amp;h=AT3P9_1VcCJ_GehOmAoQ0U2MlSoFjtXCubeUyU9shp1Ly44rGVu45dOtboPopMxRED5e18-x77LOqjN9OZ1FkwlkNBSnMWLpq_HN-XKVLkbkiGQDLCDEsj-d3aJXCu9OmB9FAqw876MgMw&amp;__tn__=-UK-R&amp;c%5b0%5d=AT3YmOLwqVTU6h71AxtmAxU5eldbP-vElRjn-0t-hqGpowuk-DcBJW8Js3PloSTnJQoytZPTyOQBQ07IkncsvbKYGNIqEnoxR4s0Q5WixYBVPAmM5ypoSOjpzgn95IqzNRDo5VRDzCTEYZQlE2JeBYVnjaKFcrLfrdtduR_xJ30-Ic5xZ-bACUvoU2B964D1Y1bFVOm0jRIkWMtjTgU41TMq\"><strong>Shenjester.net<\/strong><\/a> zbog \u010dlanka pod nazivom \u201dTelekom potvr\u0111uje Shenjestrino izve\u0161tavanje o Kurtijevom &#8216;sto\u010dnu hranu\u2019 medijima, \u017eelec\u0301i da to demantuje\u201c i video komentara na zvani\u010dnoj Fejsbuk stranici pod nazivom \u201dKurtijeva &#8216;sto\u010dnu hranu\u2019 za medije\u201c, utvrdiv\u0161i da je delimi\u010dno prekr\u0161eno Poglavlje II Kodeksa za \u0160tampu Kosova, koje se bavi istinitom izve\u0161tavanjem.<\/p>\n<p>&nbsp;<\/p>\n<p>S\u0160K nije odobrio (odbio) \u017ealbu Rilinda Gervale protiv <a href=\"https:\/\/l.facebook.com\/l.php?u=https%3A%2F%2FNacionale.com%2F%3Ffbclid%3DIwZXh0bgNhZW0CMTAAYnJpZBExVXFuOVdlYThRTTY1Q28yRAEeSL_XAdmEmSJ8517qS5B15yDLdrND1Mk8gt2ImjrlgSarl2bCkIqjVZM8APM_aem_P5NH0FfiJnIgQJg_q93v6w&amp;h=AT2IeazaAHyYsvvXQ6VBrL253roM1wFs_zwpW7TcAs04QlEGCjUaut9LDf1pXe0h6dgkv_qGVDqUO-W_mhb2t8CMdcFp44yre15pF6bhslH0rKnAEp_RPVUp7bfziX9MGCLY7HbrNFueOw&amp;__tn__=-UK-R&amp;c%5b0%5d=AT3YmOLwqVTU6h71AxtmAxU5eldbP-vElRjn-0t-hqGpowuk-DcBJW8Js3PloSTnJQoytZPTyOQBQ07IkncsvbKYGNIqEnoxR4s0Q5WixYBVPAmM5ypoSOjpzgn95IqzNRDo5VRDzCTEYZQlE2JeBYVnjaKFcrLfrdtduR_xJ30-Ic5xZ-bACUvoU2B964D1Y1bFVOm0jRIkWMtjTgU41TMq\"><strong>Nacionale.com<\/strong><\/a> zbog \u010dlanka pod nazivom \u201dRTK je uklonio urednika Visara Krasnic\u0301ija iz glavnih vesti, samo zato \u0161to je citirao Ta\u010dijev intervju u Klan Kosova\u201c, utvrdiv\u0161i da nije prekr\u0161eno Poglavlje II Kodeksa za \u0160tampu Kosova, koje se bavi izve\u0161tavanjem o istini, kako tvrdi podnosilac \u017ealbe.<\/p>\n<p>&nbsp;<\/p>\n<p>S\u0160K nije odobrio (odbio) \u017ealbu Vljore Bajrami protiv <a href=\"https:\/\/l.facebook.com\/l.php?u=http%3A%2F%2FKallxo.com%2F%3Ffbclid%3DIwZXh0bgNhZW0CMTAAYnJpZBExVXFuOVdlYThRTTY1Q28yRAEeVQh7ODUOZlyxtkfJG-82b7L9_1c8qkXUOJXFLc4_T_Sqz2bMG3POuXGCLo0_aem_DLiz1K8g2SStm5vjdZiRIA&amp;h=AT3ArTXnxUqTYo0HF4Ny_2xu1WK2ngv5jH7021vP9jHtJMStM20zfy74rsI22sFSqSGV73vW4pCDoX-5xtgppYNQQskMfdnzVWFMvczOHDbkg1iOFE4kOl_tYwgf3Fz29RGSjbdSXCyByg&amp;__tn__=-UK-R&amp;c%5b0%5d=AT3YmOLwqVTU6h71AxtmAxU5eldbP-vElRjn-0t-hqGpowuk-DcBJW8Js3PloSTnJQoytZPTyOQBQ07IkncsvbKYGNIqEnoxR4s0Q5WixYBVPAmM5ypoSOjpzgn95IqzNRDo5VRDzCTEYZQlE2JeBYVnjaKFcrLfrdtduR_xJ30-Ic5xZ-bACUvoU2B964D1Y1bFVOm0jRIkWMtjTgU41TMq\"><strong>Kallxo.com<\/strong><\/a> zbog fotografije u \u010dlanku pod nazivom \u201dAdvokat nije imao spise predmeta &#8211; ro\u010di\u0161te protiv optu\u017eenog Rinora Grajc\u0301evcija je odlo\u017eeno\u201c, utvrdiv\u0161i da nije prekr\u0161eno Poglavlje VII Kodeksa za \u0160tampu Kosova, koje se odnosi na za\u0161titu privatnosti, kako tvrdi podnosilac tu\u017ebe.<\/p>\n<p>&nbsp;<\/p>\n<p>S\u0160K je proglasio neprihvatljivom \u017ealbu Zize Pajazitija, koju zastupa advokat \u0160keljzen Behrami, protiv televizije Klan Kosova, utvrdiv\u0161i da nema nadle\u017enost za re\u0161avanje ovog slu\u010daja. S\u0160K upuc\u0301uje stranku da se obrati Nezavisnoj Komisiji za Medije (NKM), instituciji koja ima nadle\u017enost nad medijskim sadr\u017eajem koji nije objavljen u \u0161tampanim i onlajn medijima.<\/p>\n<p>&nbsp;<\/p>\n<p>S\u0160K je proglasio neblagovremenom \u017ealbu Zize Pajazitija, koju zastupa advokat \u0160keljzen Behrami, protiv <a href=\"http:\/\/gazetaexpress.com\/?fbclid=IwZXh0bgNhZW0CMTAAYnJpZBExVXFuOVdlYThRTTY1Q28yRAEeLYAC5_KRgKWd2zK51sgH57SLe_Bw5vEjB_5BbvmqkV_w50R6IDwfmnDhpIg_aem__kVPbyEx0_AxK1t7-a21TA\"><strong>Gazetaexpress.com<\/strong><\/a> zbog \u010dlanka pod nazivom \u201dSkandal se produbljuje: Druge devojke iz \u0161oubiznisa imaju &#8216;posebne&#8217; sastanke u zatvoru Re\u010d sa grupom Bajri\u201c, za koji podnosilac \u017ealbe smatra da kr\u0161i poglavlja II i IV Kosovskog kodeksa \u0161tampe.<\/p>\n<p>&nbsp;<\/p>\n<p>Isto tako, S\u0160K je suspendovao \u010dlanstvo nekoliko medijskih kuc\u0301a (<a href=\"https:\/\/l.facebook.com\/l.php?u=http%3A%2F%2FFakteplus.net%2F%3Ffbclid%3DIwZXh0bgNhZW0CMTAAYnJpZBExVXFuOVdlYThRTTY1Q28yRAEeByT6SCDxMpzCXWTfxgOjde2Q-MOH7q_eToZP97muPxQRLnMJH9ZVHwRfsxk_aem_AQ85F-OKxT7apQDSXWuslw&amp;h=AT0Zbb8rloO8cVu_Z6-m5zEH04Vq4Ve8HF3g3SeByooZEa4kSm_f6p16omHpFlwGFq4l6qtL_YHo29frLr10Ks3ZdKnChBfZkhRfGi7jlEABTCKGywa0NUq7h8LJ4JZQV_uTmOqy9Xeewg&amp;__tn__=-UK-R&amp;c%5b0%5d=AT3YmOLwqVTU6h71AxtmAxU5eldbP-vElRjn-0t-hqGpowuk-DcBJW8Js3PloSTnJQoytZPTyOQBQ07IkncsvbKYGNIqEnoxR4s0Q5WixYBVPAmM5ypoSOjpzgn95IqzNRDo5VRDzCTEYZQlE2JeBYVnjaKFcrLfrdtduR_xJ30-Ic5xZ-bACUvoU2B964D1Y1bFVOm0jRIkWMtjTgU41TMq\"><strong>Fakteplus.net<\/strong><\/a>, <a href=\"https:\/\/l.facebook.com\/l.php?u=http%3A%2F%2FKosovalive.org%2F%3Ffbclid%3DIwZXh0bgNhZW0CMTAAYnJpZBExVXFuOVdlYThRTTY1Q28yRAEePbbkgFEA7p27u8R7_j4oxbr55trSzMQrlQKPdp-PLENWkz_QWPXI4F_2DYs_aem_izad3wPpD2GW05lmlnifrA&amp;h=AT0CYoQDYIzrk53mpPLq5XkIZy6qlDwaX-I4nnwYfB35g_X0WEhCzP74BfK6GanjKUSIQSEMZS5hsdIlgPjVACDnJ6J2iNX0UYQSNBDI1OMb26GSJDBESCEgBxNKLHgQ-T_6RWszhTbtNw&amp;__tn__=-UK-R&amp;c%5b0%5d=AT3YmOLwqVTU6h71AxtmAxU5eldbP-vElRjn-0t-hqGpowuk-DcBJW8Js3PloSTnJQoytZPTyOQBQ07IkncsvbKYGNIqEnoxR4s0Q5WixYBVPAmM5ypoSOjpzgn95IqzNRDo5VRDzCTEYZQlE2JeBYVnjaKFcrLfrdtduR_xJ30-Ic5xZ-bACUvoU2B964D1Y1bFVOm0jRIkWMtjTgU41TMq\"><strong>Kosovalive.org<\/strong><\/a>, <a href=\"http:\/\/new-perspektiva.org\/?fbclid=IwZXh0bgNhZW0CMTAAYnJpZBExVXFuOVdlYThRTTY1Q28yRAEeq-uCsFS7psfLzFsEtdwES0XTIOgBKjBQd_lKpfuzcG2L7Os18Hw9FdsItPg_aem_hWHCwP4Afl9nLQX6fllmiQ\"><strong>New-perspektiva.org<\/strong><\/a>, <a href=\"https:\/\/l.facebook.com\/l.php?u=http%3A%2F%2FSporti1.com%2F%3Ffbclid%3DIwZXh0bgNhZW0CMTAAYnJpZBExVXFuOVdlYThRTTY1Q28yRAEeVQh7ODUOZlyxtkfJG-82b7L9_1c8qkXUOJXFLc4_T_Sqz2bMG3POuXGCLo0_aem_DLiz1K8g2SStm5vjdZiRIA&amp;h=AT2RLaBNjnQirrTlVYwKWRHK35LPXTot_Ff9zUngB-4NP3zYZhj9OJITCo_339-AzwhZfSKL3Xi-o8okvGk6Uqv8gW6ZtJCytmYIT2NJ1cRpsHBYkmmm4Co4rgBDK4tZdLjdplROmby6KA&amp;__tn__=-UK-R&amp;c%5b0%5d=AT3YmOLwqVTU6h71AxtmAxU5eldbP-vElRjn-0t-hqGpowuk-DcBJW8Js3PloSTnJQoytZPTyOQBQ07IkncsvbKYGNIqEnoxR4s0Q5WixYBVPAmM5ypoSOjpzgn95IqzNRDo5VRDzCTEYZQlE2JeBYVnjaKFcrLfrdtduR_xJ30-Ic5xZ-bACUvoU2B964D1Y1bFVOm0jRIkWMtjTgU41TMq\"><strong>Sporti1.com<\/strong><\/a>, Tribunashqiptare.info) zbog prestanka njihovog rada, kao i <a href=\"https:\/\/l.facebook.com\/l.php?u=http%3A%2F%2FShqip.com%2F%3Ffbclid%3DIwZXh0bgNhZW0CMTAAYnJpZBExVXFuOVdlYThRTTY1Q28yRAEeLYAC5_KRgKWd2zK51sgH57SLe_Bw5vEjB_5BbvmqkV_w50R6IDwfmnDhpIg_aem__kVPbyEx0_AxK1t7-a21TA&amp;h=AT0TEW121EMCiNhnTluzj4x1S83Y9MXA7nG00wlJNLGeUeImHY-I1SKSqvN-MSPJlc-Xw37RWAcw126VGe1PZ3taeL2o2PPmrilUZuz5SLLkNlnP1gcyS4HfCRQpEXkrM-usYOZp8r6zBQ&amp;__tn__=-UK-R&amp;c%5b0%5d=AT3YmOLwqVTU6h71AxtmAxU5eldbP-vElRjn-0t-hqGpowuk-DcBJW8Js3PloSTnJQoytZPTyOQBQ07IkncsvbKYGNIqEnoxR4s0Q5WixYBVPAmM5ypoSOjpzgn95IqzNRDo5VRDzCTEYZQlE2JeBYVnjaKFcrLfrdtduR_xJ30-Ic5xZ-bACUvoU2B964D1Y1bFVOm0jRIkWMtjTgU41TMq\"><strong>Shqip.com<\/strong><\/a>, jer vec\u0301 posluje sa sedi\u0161tem u drugoj zemlji.<\/p>\n<p><strong>\u00a0<\/strong><\/p>\n","protected":false},"excerpt":{"rendered":"<p>Savet \u0160tampe Kosova (S\u0160K) u redovnom sastanku razmotrio je ukupno sedam \u017ealbi. Skup\u0161tina S\u0160K-a odlu\u010dila da jedna od njih bude usvojena, dve da se usvoje delimi\u010dno, dve da se ne usvoje, jedna je progla\u0161ena neprihvatljiva jedna neblagovremena. &nbsp; \u017dalbe su se ticale navodnih kr\u0161enja odre\u0111enih poglavlja Kodeksa za \u0161tampane medije Kosova, kao \u0161to su Poglavlje [&hellip;]<\/p>\n","protected":false},"author":2,"featured_media":17173,"comment_status":"open","ping_status":"open","sticky":false,"template":"","format":"standard","meta":{"footnotes":""},"categories":[135],"tags":[],"class_list":["post-17181","post","type-post","status-publish","format-standard","has-post-thumbnail","hentry","category-vesti"],"acf":[],"yoast_head":"<!-- This site is optimized with the Yoast SEO plugin v28.3 - https:\/\/yoast.com\/product\/yoast-seo-wordpress\/ -->\n<title>Savet \u0160tampe doneo odluke o 7 \u017ealbi - K\u00ebshilli i Mediave t\u00eb Shkruara t\u00eb Kosov\u00ebs | P\u00ebr nj\u00eb gazetari etike dhe profesionale<\/title>\n<meta name=\"robots\" content=\"index, follow, max-snippet:-1, max-image-preview:large, max-video-preview:-1\" \/>\n<link rel=\"canonical\" href=\"http:\/\/presscouncil-ks.org\/?p=17181&lang=sr\" \/>\n<meta property=\"og:locale\" content=\"en_US\" \/>\n<meta property=\"og:type\" content=\"article\" \/>\n<meta property=\"og:title\" content=\"Savet \u0160tampe doneo odluke o 7 \u017ealbi - K\u00ebshilli i Mediave t\u00eb Shkruara t\u00eb Kosov\u00ebs | P\u00ebr nj\u00eb gazetari etike dhe profesionale\" \/>\n<meta property=\"og:description\" content=\"Savet \u0160tampe Kosova (S\u0160K) u redovnom sastanku razmotrio je ukupno sedam \u017ealbi. Skup\u0161tina S\u0160K-a odlu\u010dila da jedna od njih bude usvojena, dve da se usvoje delimi\u010dno, dve da se ne usvoje, jedna je progla\u0161ena neprihvatljiva jedna neblagovremena. &nbsp; \u017dalbe su se ticale navodnih kr\u0161enja odre\u0111enih poglavlja Kodeksa za \u0161tampane medije Kosova, kao \u0161to su Poglavlje [&hellip;]\" \/>\n<meta property=\"og:url\" content=\"http:\/\/presscouncil-ks.org\/?p=17181&amp;lang=sr\" \/>\n<meta property=\"og:site_name\" content=\"K\u00ebshilli i Mediave t\u00eb Shkruara t\u00eb Kosov\u00ebs | P\u00ebr nj\u00eb gazetari etike dhe profesionale\" \/>\n<meta property=\"article:publisher\" content=\"https:\/\/www.facebook.com\/KMSHKosove\" \/>\n<meta property=\"article:published_time\" content=\"2025-10-02T09:18:24+00:00\" \/>\n<meta property=\"og:image\" content=\"https:\/\/presscouncil-ks.org\/wp-content\/uploads\/2025\/10\/infografika-KMSHK-2.jpg\" \/>\n\t<meta property=\"og:image:width\" content=\"1536\" \/>\n\t<meta property=\"og:image:height\" content=\"1024\" \/>\n\t<meta property=\"og:image:type\" content=\"image\/jpeg\" \/>\n<meta name=\"author\" content=\"Editor\" \/>\n<meta name=\"twitter:card\" content=\"summary_large_image\" \/>\n<meta name=\"twitter:label1\" content=\"Written by\" \/>\n\t<meta name=\"twitter:data1\" content=\"Editor\" \/>\n\t<meta name=\"twitter:label2\" content=\"Est. reading time\" \/>\n\t<meta name=\"twitter:data2\" content=\"3 minutes\" \/>\n<script type=\"application\/ld+json\" class=\"yoast-schema-graph\">{\"@context\":\"https:\\\/\\\/schema.org\",\"@graph\":[{\"@type\":\"Article\",\"@id\":\"http:\\\/\\\/presscouncil-ks.org\\\/?p=17181&lang=sr#article\",\"isPartOf\":{\"@id\":\"http:\\\/\\\/presscouncil-ks.org\\\/?p=17181&lang=sr\"},\"author\":{\"name\":\"Editor\",\"@id\":\"http:\\\/\\\/presscouncil-ks.org\\\/#\\\/schema\\\/person\\\/b79d30c61264caeb733239c16cc4d673\"},\"headline\":\"Savet \u0160tampe doneo odluke o 7 \u017ealbi\",\"datePublished\":\"2025-10-02T09:18:24+00:00\",\"mainEntityOfPage\":{\"@id\":\"http:\\\/\\\/presscouncil-ks.org\\\/?p=17181&lang=sr\"},\"wordCount\":569,\"commentCount\":0,\"publisher\":{\"@id\":\"http:\\\/\\\/presscouncil-ks.org\\\/#organization\"},\"image\":{\"@id\":\"http:\\\/\\\/presscouncil-ks.org\\\/?p=17181&lang=sr#primaryimage\"},\"thumbnailUrl\":\"http:\\\/\\\/presscouncil-ks.org\\\/wp-content\\\/uploads\\\/2025\\\/10\\\/infografika-KMSHK-2.jpg\",\"articleSection\":[\"Vesti\"],\"inLanguage\":\"en-US\",\"potentialAction\":[{\"@type\":\"CommentAction\",\"name\":\"Comment\",\"target\":[\"http:\\\/\\\/presscouncil-ks.org\\\/?p=17181&lang=sr#respond\"]}]},{\"@type\":\"WebPage\",\"@id\":\"http:\\\/\\\/presscouncil-ks.org\\\/?p=17181&lang=sr\",\"url\":\"http:\\\/\\\/presscouncil-ks.org\\\/?p=17181&lang=sr\",\"name\":\"Savet \u0160tampe doneo odluke o 7 \u017ealbi - K\u00ebshilli i Mediave t\u00eb Shkruara t\u00eb Kosov\u00ebs | P\u00ebr nj\u00eb gazetari etike dhe profesionale\",\"isPartOf\":{\"@id\":\"http:\\\/\\\/presscouncil-ks.org\\\/#website\"},\"primaryImageOfPage\":{\"@id\":\"http:\\\/\\\/presscouncil-ks.org\\\/?p=17181&lang=sr#primaryimage\"},\"image\":{\"@id\":\"http:\\\/\\\/presscouncil-ks.org\\\/?p=17181&lang=sr#primaryimage\"},\"thumbnailUrl\":\"http:\\\/\\\/presscouncil-ks.org\\\/wp-content\\\/uploads\\\/2025\\\/10\\\/infografika-KMSHK-2.jpg\",\"datePublished\":\"2025-10-02T09:18:24+00:00\",\"breadcrumb\":{\"@id\":\"http:\\\/\\\/presscouncil-ks.org\\\/?p=17181&lang=sr#breadcrumb\"},\"inLanguage\":\"en-US\",\"potentialAction\":[{\"@type\":\"ReadAction\",\"target\":[\"http:\\\/\\\/presscouncil-ks.org\\\/?p=17181&lang=sr\"]}]},{\"@type\":\"ImageObject\",\"inLanguage\":\"en-US\",\"@id\":\"http:\\\/\\\/presscouncil-ks.org\\\/?p=17181&lang=sr#primaryimage\",\"url\":\"http:\\\/\\\/presscouncil-ks.org\\\/wp-content\\\/uploads\\\/2025\\\/10\\\/infografika-KMSHK-2.jpg\",\"contentUrl\":\"http:\\\/\\\/presscouncil-ks.org\\\/wp-content\\\/uploads\\\/2025\\\/10\\\/infografika-KMSHK-2.jpg\",\"width\":1536,\"height\":1024},{\"@type\":\"BreadcrumbList\",\"@id\":\"http:\\\/\\\/presscouncil-ks.org\\\/?p=17181&lang=sr#breadcrumb\",\"itemListElement\":[{\"@type\":\"ListItem\",\"position\":1,\"name\":\"Home\",\"item\":\"https:\\\/\\\/presscouncil-ks.org\\\/\"},{\"@type\":\"ListItem\",\"position\":2,\"name\":\"Savet \u0160tampe doneo odluke o 7 \u017ealbi\"}]},{\"@type\":\"WebSite\",\"@id\":\"http:\\\/\\\/presscouncil-ks.org\\\/#website\",\"url\":\"http:\\\/\\\/presscouncil-ks.org\\\/\",\"name\":\"https:\\\/\\\/presscouncil-ks.org\\\/\",\"description\":\"\",\"publisher\":{\"@id\":\"http:\\\/\\\/presscouncil-ks.org\\\/#organization\"},\"potentialAction\":[{\"@type\":\"SearchAction\",\"target\":{\"@type\":\"EntryPoint\",\"urlTemplate\":\"http:\\\/\\\/presscouncil-ks.org\\\/?s={search_term_string}\"},\"query-input\":{\"@type\":\"PropertyValueSpecification\",\"valueRequired\":true,\"valueName\":\"search_term_string\"}}],\"inLanguage\":\"en-US\"},{\"@type\":\"Organization\",\"@id\":\"http:\\\/\\\/presscouncil-ks.org\\\/#organization\",\"name\":\"K\u00ebshilli i Mediave t\u00eb Shkruara t\u00eb Kosov\u00ebs\",\"url\":\"http:\\\/\\\/presscouncil-ks.org\\\/\",\"logo\":{\"@type\":\"ImageObject\",\"inLanguage\":\"en-US\",\"@id\":\"http:\\\/\\\/presscouncil-ks.org\\\/#\\\/schema\\\/logo\\\/image\\\/\",\"url\":\"http:\\\/\\\/presscouncil-ks.org\\\/wp-content\\\/uploads\\\/2023\\\/06\\\/cropped-logo.png\",\"contentUrl\":\"http:\\\/\\\/presscouncil-ks.org\\\/wp-content\\\/uploads\\\/2023\\\/06\\\/cropped-logo.png\",\"width\":268,\"height\":166,\"caption\":\"K\u00ebshilli i Mediave t\u00eb Shkruara t\u00eb Kosov\u00ebs\"},\"image\":{\"@id\":\"http:\\\/\\\/presscouncil-ks.org\\\/#\\\/schema\\\/logo\\\/image\\\/\"},\"sameAs\":[\"https:\\\/\\\/www.facebook.com\\\/KMSHKosove\"]},{\"@type\":\"Person\",\"@id\":\"http:\\\/\\\/presscouncil-ks.org\\\/#\\\/schema\\\/person\\\/b79d30c61264caeb733239c16cc4d673\",\"name\":\"Editor\",\"image\":{\"@type\":\"ImageObject\",\"inLanguage\":\"en-US\",\"@id\":\"https:\\\/\\\/secure.gravatar.com\\\/avatar\\\/9534865f39e7b3527010ee17196a76d054b16d731a6a5bfe2f92a071c6e9bf4e?s=96&d=mm&r=g\",\"url\":\"https:\\\/\\\/secure.gravatar.com\\\/avatar\\\/9534865f39e7b3527010ee17196a76d054b16d731a6a5bfe2f92a071c6e9bf4e?s=96&d=mm&r=g\",\"contentUrl\":\"https:\\\/\\\/secure.gravatar.com\\\/avatar\\\/9534865f39e7b3527010ee17196a76d054b16d731a6a5bfe2f92a071c6e9bf4e?s=96&d=mm&r=g\",\"caption\":\"Editor\"},\"url\":\"http:\\\/\\\/presscouncil-ks.org\\\/?author=2\"}]}<\/script>\n<!-- \/ Yoast SEO plugin. -->","yoast_head_json":{"title":"Savet \u0160tampe doneo odluke o 7 \u017ealbi - K\u00ebshilli i Mediave t\u00eb Shkruara t\u00eb Kosov\u00ebs | P\u00ebr nj\u00eb gazetari etike dhe profesionale","robots":{"index":"index","follow":"follow","max-snippet":"max-snippet:-1","max-image-preview":"max-image-preview:large","max-video-preview":"max-video-preview:-1"},"canonical":"http:\/\/presscouncil-ks.org\/?p=17181&lang=sr","og_locale":"en_US","og_type":"article","og_title":"Savet \u0160tampe doneo odluke o 7 \u017ealbi - K\u00ebshilli i Mediave t\u00eb Shkruara t\u00eb Kosov\u00ebs | P\u00ebr nj\u00eb gazetari etike dhe profesionale","og_description":"Savet \u0160tampe Kosova (S\u0160K) u redovnom sastanku razmotrio je ukupno sedam \u017ealbi. Skup\u0161tina S\u0160K-a odlu\u010dila da jedna od njih bude usvojena, dve da se usvoje delimi\u010dno, dve da se ne usvoje, jedna je progla\u0161ena neprihvatljiva jedna neblagovremena. &nbsp; \u017dalbe su se ticale navodnih kr\u0161enja odre\u0111enih poglavlja Kodeksa za \u0161tampane medije Kosova, kao \u0161to su Poglavlje [&hellip;]","og_url":"http:\/\/presscouncil-ks.org\/?p=17181&lang=sr","og_site_name":"K\u00ebshilli i Mediave t\u00eb Shkruara t\u00eb Kosov\u00ebs | P\u00ebr nj\u00eb gazetari etike dhe profesionale","article_publisher":"https:\/\/www.facebook.com\/KMSHKosove","article_published_time":"2025-10-02T09:18:24+00:00","og_image":[{"width":1536,"height":1024,"url":"https:\/\/presscouncil-ks.org\/wp-content\/uploads\/2025\/10\/infografika-KMSHK-2.jpg","type":"image\/jpeg"}],"author":"Editor","twitter_card":"summary_large_image","twitter_misc":{"Written by":"Editor","Est. reading time":"3 minutes"},"schema":{"@context":"https:\/\/schema.org","@graph":[{"@type":"Article","@id":"http:\/\/presscouncil-ks.org\/?p=17181&lang=sr#article","isPartOf":{"@id":"http:\/\/presscouncil-ks.org\/?p=17181&lang=sr"},"author":{"name":"Editor","@id":"http:\/\/presscouncil-ks.org\/#\/schema\/person\/b79d30c61264caeb733239c16cc4d673"},"headline":"Savet \u0160tampe doneo odluke o 7 \u017ealbi","datePublished":"2025-10-02T09:18:24+00:00","mainEntityOfPage":{"@id":"http:\/\/presscouncil-ks.org\/?p=17181&lang=sr"},"wordCount":569,"commentCount":0,"publisher":{"@id":"http:\/\/presscouncil-ks.org\/#organization"},"image":{"@id":"http:\/\/presscouncil-ks.org\/?p=17181&lang=sr#primaryimage"},"thumbnailUrl":"http:\/\/presscouncil-ks.org\/wp-content\/uploads\/2025\/10\/infografika-KMSHK-2.jpg","articleSection":["Vesti"],"inLanguage":"en-US","potentialAction":[{"@type":"CommentAction","name":"Comment","target":["http:\/\/presscouncil-ks.org\/?p=17181&lang=sr#respond"]}]},{"@type":"WebPage","@id":"http:\/\/presscouncil-ks.org\/?p=17181&lang=sr","url":"http:\/\/presscouncil-ks.org\/?p=17181&lang=sr","name":"Savet \u0160tampe doneo odluke o 7 \u017ealbi - K\u00ebshilli i Mediave t\u00eb Shkruara t\u00eb Kosov\u00ebs | P\u00ebr nj\u00eb gazetari etike dhe profesionale","isPartOf":{"@id":"http:\/\/presscouncil-ks.org\/#website"},"primaryImageOfPage":{"@id":"http:\/\/presscouncil-ks.org\/?p=17181&lang=sr#primaryimage"},"image":{"@id":"http:\/\/presscouncil-ks.org\/?p=17181&lang=sr#primaryimage"},"thumbnailUrl":"http:\/\/presscouncil-ks.org\/wp-content\/uploads\/2025\/10\/infografika-KMSHK-2.jpg","datePublished":"2025-10-02T09:18:24+00:00","breadcrumb":{"@id":"http:\/\/presscouncil-ks.org\/?p=17181&lang=sr#breadcrumb"},"inLanguage":"en-US","potentialAction":[{"@type":"ReadAction","target":["http:\/\/presscouncil-ks.org\/?p=17181&lang=sr"]}]},{"@type":"ImageObject","inLanguage":"en-US","@id":"http:\/\/presscouncil-ks.org\/?p=17181&lang=sr#primaryimage","url":"http:\/\/presscouncil-ks.org\/wp-content\/uploads\/2025\/10\/infografika-KMSHK-2.jpg","contentUrl":"http:\/\/presscouncil-ks.org\/wp-content\/uploads\/2025\/10\/infografika-KMSHK-2.jpg","width":1536,"height":1024},{"@type":"BreadcrumbList","@id":"http:\/\/presscouncil-ks.org\/?p=17181&lang=sr#breadcrumb","itemListElement":[{"@type":"ListItem","position":1,"name":"Home","item":"https:\/\/presscouncil-ks.org\/"},{"@type":"ListItem","position":2,"name":"Savet \u0160tampe doneo odluke o 7 \u017ealbi"}]},{"@type":"WebSite","@id":"http:\/\/presscouncil-ks.org\/#website","url":"http:\/\/presscouncil-ks.org\/","name":"https:\/\/presscouncil-ks.org\/","description":"","publisher":{"@id":"http:\/\/presscouncil-ks.org\/#organization"},"potentialAction":[{"@type":"SearchAction","target":{"@type":"EntryPoint","urlTemplate":"http:\/\/presscouncil-ks.org\/?s={search_term_string}"},"query-input":{"@type":"PropertyValueSpecification","valueRequired":true,"valueName":"search_term_string"}}],"inLanguage":"en-US"},{"@type":"Organization","@id":"http:\/\/presscouncil-ks.org\/#organization","name":"K\u00ebshilli i Mediave t\u00eb Shkruara t\u00eb Kosov\u00ebs","url":"http:\/\/presscouncil-ks.org\/","logo":{"@type":"ImageObject","inLanguage":"en-US","@id":"http:\/\/presscouncil-ks.org\/#\/schema\/logo\/image\/","url":"http:\/\/presscouncil-ks.org\/wp-content\/uploads\/2023\/06\/cropped-logo.png","contentUrl":"http:\/\/presscouncil-ks.org\/wp-content\/uploads\/2023\/06\/cropped-logo.png","width":268,"height":166,"caption":"K\u00ebshilli i Mediave t\u00eb Shkruara t\u00eb Kosov\u00ebs"},"image":{"@id":"http:\/\/presscouncil-ks.org\/#\/schema\/logo\/image\/"},"sameAs":["https:\/\/www.facebook.com\/KMSHKosove"]},{"@type":"Person","@id":"http:\/\/presscouncil-ks.org\/#\/schema\/person\/b79d30c61264caeb733239c16cc4d673","name":"Editor","image":{"@type":"ImageObject","inLanguage":"en-US","@id":"https:\/\/secure.gravatar.com\/avatar\/9534865f39e7b3527010ee17196a76d054b16d731a6a5bfe2f92a071c6e9bf4e?s=96&d=mm&r=g","url":"https:\/\/secure.gravatar.com\/avatar\/9534865f39e7b3527010ee17196a76d054b16d731a6a5bfe2f92a071c6e9bf4e?s=96&d=mm&r=g","contentUrl":"https:\/\/secure.gravatar.com\/avatar\/9534865f39e7b3527010ee17196a76d054b16d731a6a5bfe2f92a071c6e9bf4e?s=96&d=mm&r=g","caption":"Editor"},"url":"http:\/\/presscouncil-ks.org\/?author=2"}]}},"_links":{"self":[{"href":"http:\/\/presscouncil-ks.org\/index.php?rest_route=\/wp\/v2\/posts\/17181","targetHints":{"allow":["GET"]}}],"collection":[{"href":"http:\/\/presscouncil-ks.org\/index.php?rest_route=\/wp\/v2\/posts"}],"about":[{"href":"http:\/\/presscouncil-ks.org\/index.php?rest_route=\/wp\/v2\/types\/post"}],"author":[{"embeddable":true,"href":"http:\/\/presscouncil-ks.org\/index.php?rest_route=\/wp\/v2\/users\/2"}],"replies":[{"embeddable":true,"href":"http:\/\/presscouncil-ks.org\/index.php?rest_route=%2Fwp%2Fv2%2Fcomments&post=17181"}],"version-history":[{"count":1,"href":"http:\/\/presscouncil-ks.org\/index.php?rest_route=\/wp\/v2\/posts\/17181\/revisions"}],"predecessor-version":[{"id":17182,"href":"http:\/\/presscouncil-ks.org\/index.php?rest_route=\/wp\/v2\/posts\/17181\/revisions\/17182"}],"wp:featuredmedia":[{"embeddable":true,"href":"http:\/\/presscouncil-ks.org\/index.php?rest_route=\/wp\/v2\/media\/17173"}],"wp:attachment":[{"href":"http:\/\/presscouncil-ks.org\/index.php?rest_route=%2Fwp%2Fv2%2Fmedia&parent=17181"}],"wp:term":[{"taxonomy":"category","embeddable":true,"href":"http:\/\/presscouncil-ks.org\/index.php?rest_route=%2Fwp%2Fv2%2Fcategories&post=17181"},{"taxonomy":"post_tag","embeddable":true,"href":"http:\/\/presscouncil-ks.org\/index.php?rest_route=%2Fwp%2Fv2%2Ftags&post=17181"}],"curies":[{"name":"wp","href":"https:\/\/api.w.org\/{rel}","templated":true}]}}