{"id":17172,"date":"2025-10-02T09:02:23","date_gmt":"2025-10-02T09:02:23","guid":{"rendered":"https:\/\/presscouncil-ks.org\/?p=17172"},"modified":"2025-10-02T09:22:35","modified_gmt":"2025-10-02T09:22:35","slug":"kuvendi-i-kmshk-se-mori-vendim-per-7-ankesa","status":"publish","type":"post","link":"http:\/\/presscouncil-ks.org\/?p=17172","title":{"rendered":"Kuvendi i KMShK-s\u00eb mori vendim p\u00ebr 7 ankesa"},"content":{"rendered":"<div class=\"html-div xdj266r x14z9mp xat24cr x1lziwak xexx8yu xyri2b x18d9i69 x1c1uobl\">\n<div class=\"html-div xdj266r x14z9mp xat24cr x1lziwak xexx8yu xyri2b x18d9i69 x1c1uobl\" dir=\"auto\">\n<div class=\"html-div xdj266r x14z9mp xat24cr x1lziwak xexx8yu xyri2b x18d9i69 x1c1uobl\" data-ad-rendering-role=\"story_message\">\n<div id=\"_r_mr_\" class=\"x1l90r2v x1iorvi4 x1g0dm76 xpdmqnj\" data-ad-comet-preview=\"message\" data-ad-preview=\"message\">\n<div class=\"x78zum5 xdt5ytf xz62fqu x16ldp7u\">\n<div class=\"xu06os2 x1ok221b\">\n<div class=\"html-div xdj266r x14z9mp xat24cr x1lziwak xexx8yu xyri2b x18d9i69 x1c1uobl\">\n<div class=\"x14z9mp xat24cr x1lziwak x1vvkbs xtlvy1s x126k92a\">\n<p><strong>K\u00ebshilli i Mediave t\u00eb Shkruara t\u00eb Kosov\u00ebs (KMShK) n\u00eb mbledhjen e rregullt ka shqyrtuar gjithsej shtat\u00eb ankesa.<\/strong><\/p>\n<p>&nbsp;<\/p>\n<p>An\u00ebtar\u00ebt e Kuvendit t\u00eb KMShK-s\u00eb kan\u00eb vendosur q\u00eb t\u00eb miratohet nj\u00eb nga to, dy t\u00eb miratohen pjes\u00ebrisht, dy t\u00eb refuzohen, nj\u00eb t\u00eb shpallet e pajtrajtueshme dhe nj\u00eb e paafatshme.<\/p>\n<p>&nbsp;<\/p>\n<p>&nbsp;<\/p>\n<p>Ankesat kishin t\u00eb b\u00ebnin me pretendimet p\u00ebr shkeljen e kapitujve t\u00eb caktuar t\u00eb Kodit t\u00eb Mediave t\u00eb Shkruara t\u00eb Kosov\u00ebs, p\u00ebrkat\u00ebsisht Kapitullit II &#8211; Raportimi i s\u00eb v\u00ebrtet\u00ebs, Kapitullit III \u2013 Nxitja dhe gjuha e urrejtjes, Kapitullit IV &#8211; E drejta p\u00ebr t\u2019u p\u00ebrgjigjur dhe Kapitullit VII &#8211; Privat\u00ebsia dhe mbrojtja e burimeve.<\/p>\n<p>&nbsp;<\/p>\n<p>&nbsp;<\/p>\n<p>KMShK ka miratuar ankes\u00ebn e Arsim Halilit kund\u00ebr <strong><a href=\"https:\/\/l.facebook.com\/l.php?u=http%3A%2F%2FKallxo.com%2F%3Ffbclid%3DIwZXh0bgNhZW0CMTAAYnJpZBExVXFuOVdlYThRTTY1Q28yRAEeLYAC5_KRgKWd2zK51sgH57SLe_Bw5vEjB_5BbvmqkV_w50R6IDwfmnDhpIg_aem__kVPbyEx0_AxK1t7-a21TA&amp;h=AT1qDFgmxGMBkY9uccsQEVpFV2GdrptuNr4iPjvV-WRQls6Sw1jfha2YIHHY0GLFHenN5xr7qiROLTcM-iKus0a2p0P0JMhxB-7FP95cANswJj__Ceq3F82Wu4cyh6h9lOQH701gNeZFVA&amp;__tn__=-UK-R&amp;c%5b0%5d=AT3SApL_yXrOnXpatJi5v9dKmkYBcHlDdonMVrMbLfH2I3dVtjzOn6ztsShk-NVE_059tY8RFk6EiCdOSlixVjF_qGd4DRmjsD7MB8EeD-CUQkNM6X2x1BzCwgxKx8AMD-PNFh2W-cwdd5bC5QXniUYsWodX26VmjXYiUyZZpj_XjkX91eZQA13crIg7OfoREFgTH5_r1rXPKlNHDZXByaim\">Kallxo.com<\/a><\/strong> p\u00ebr shkrimin me titull \u201cReagim ndaj fushat\u00ebs shpif\u00ebse p\u00ebr kontrat\u00ebn e vitit 2017 mes BIRN-it dhe RTK-s\u00eb\u201d, duke konstatuar se jan\u00eb shkelur kapitujt II dhe IV t\u00eb Kodit t\u00eb Mediave t\u00eb Shkruara t\u00eb Kosov\u00ebs, t\u00eb cil\u00ebt kan\u00eb t\u00eb b\u00ebjn\u00eb me raportimin e s\u00eb v\u00ebrtet\u00ebs, p\u00ebrkat\u00ebsisht t\u00eb drejt\u00ebn p\u00ebr t\u2019u p\u00ebrgjigjur.<\/p>\n<p>&nbsp;<\/p>\n<p>&nbsp;<\/p>\n<p>KMShK ka miratuar pjes\u00ebrisht ankes\u00ebn e Albinot Bimbashit kund\u00ebr <strong><a href=\"https:\/\/l.facebook.com\/l.php?u=http%3A%2F%2FKosovalive.net%2F%3Ffbclid%3DIwZXh0bgNhZW0CMTAAYnJpZBExVXFuOVdlYThRTTY1Q28yRAEeLYAC5_KRgKWd2zK51sgH57SLe_Bw5vEjB_5BbvmqkV_w50R6IDwfmnDhpIg_aem__kVPbyEx0_AxK1t7-a21TA&amp;h=AT37PO5zyzbWpyS9FQp6BEICi-pkVR6N5zv1qri5j1zzU8xofrd06P0fCLLMnGBrOH3bWDzMqm2g1Czsxij5t-xDUs1Me13-ZbfwSN2T32HeBgs9Z-R2SbGlCs4ZDyne0oHnoj_weUkhBA&amp;__tn__=-UK-R&amp;c%5b0%5d=AT3SApL_yXrOnXpatJi5v9dKmkYBcHlDdonMVrMbLfH2I3dVtjzOn6ztsShk-NVE_059tY8RFk6EiCdOSlixVjF_qGd4DRmjsD7MB8EeD-CUQkNM6X2x1BzCwgxKx8AMD-PNFh2W-cwdd5bC5QXniUYsWodX26VmjXYiUyZZpj_XjkX91eZQA13crIg7OfoREFgTH5_r1rXPKlNHDZXByaim\">Kosovalive.net<\/a><\/strong> p\u00ebr shkrimin me titull \u201cSkandaloze: Pjes\u00ebtar\u00ebt e diaspor\u00ebs s\u00eb Kosov\u00ebs q\u00eb jetojn\u00eb n\u00eb Austri jan\u00eb duke u p\u00ebrballur me shum\u00eb telashe\u201d, duke konstatuar se jan\u00eb shkelur kapitujt II dhe IV t\u00eb Kodit t\u00eb Mediave t\u00eb Shkruara t\u00eb Kosov\u00ebs, t\u00eb cil\u00ebt kan\u00eb t\u00eb b\u00ebjn\u00eb me raportimin e s\u00eb v\u00ebrtet\u00ebs, p\u00ebrkat\u00ebsisht t\u00eb drejt\u00ebn p\u00ebr t\u2019u p\u00ebrgjigjur, por jo edhe Kapitulli III, i cili ka t\u00eb b\u00ebj\u00eb me nxitjen e gjuh\u00ebs s\u00eb urrejtjes, si\u00e7 pretendon pala ankuese.<\/p>\n<p>&nbsp;<\/p>\n<p>&nbsp;<\/p>\n<p>KMShK ka miratuar pjes\u00ebrisht ankes\u00ebn e Telekomit t\u00eb Kosov\u00ebs Sh.A. kund\u00ebr <strong><a href=\"https:\/\/l.facebook.com\/l.php?u=http%3A%2F%2FShenjester.net%2F%3Ffbclid%3DIwZXh0bgNhZW0CMTAAYnJpZBExVXFuOVdlYThRTTY1Q28yRAEeq-uCsFS7psfLzFsEtdwES0XTIOgBKjBQd_lKpfuzcG2L7Os18Hw9FdsItPg_aem_hWHCwP4Afl9nLQX6fllmiQ&amp;h=AT3N5CP6kc1NA_YPIJOHQmavkcMg1w8jerScX0B57qhEPoj1m3b_HDDhSidIt2FU2Xrt0uTfKmfW-x4OFmZP9BIF8S-SL8qbbU3UmNNllDaLrl0tpk7G1yfFYdIatAFeGgXc5mlGtoVjIw&amp;__tn__=-UK-R&amp;c%5b0%5d=AT3SApL_yXrOnXpatJi5v9dKmkYBcHlDdonMVrMbLfH2I3dVtjzOn6ztsShk-NVE_059tY8RFk6EiCdOSlixVjF_qGd4DRmjsD7MB8EeD-CUQkNM6X2x1BzCwgxKx8AMD-PNFh2W-cwdd5bC5QXniUYsWodX26VmjXYiUyZZpj_XjkX91eZQA13crIg7OfoREFgTH5_r1rXPKlNHDZXByaim\">Shenjester.net<\/a> <\/strong>p\u00ebr shkrimin me titull \u201cTelekomi e konfirmon raportimin e Shenjestr\u00ebs p\u00ebr \u2018tagjin\u00eb\u2019 e Kurtit ndaj mediave, duke dashur ta demantoj\u00eb at\u00eb\u201d dhe video komentin n\u00eb faqen zyrtare n\u00eb Facebook me titull \u201cTagjia e Kurtit p\u00ebr mediat\u201d, duke konstatuar se \u00ebsht\u00eb shkelur pjes\u00ebrisht Kapitulli II i Kodit t\u00eb Mediave t\u00eb Shkruara t\u00eb Kosov\u00ebs, i cili ka t\u00eb b\u00ebj\u00eb me raportimin e s\u00eb v\u00ebrtet\u00ebs.<\/p>\n<p>&nbsp;<\/p>\n<p>&nbsp;<\/p>\n<p>KMShK nuk e ka miratuar (e ka hedhur posht\u00eb) ankes\u00ebn e Rilind G\u00ebrvall\u00ebs kund\u00ebr <strong><a href=\"https:\/\/l.facebook.com\/l.php?u=https%3A%2F%2FNacionale.com%2F%3Ffbclid%3DIwZXh0bgNhZW0CMTAAYnJpZBExVXFuOVdlYThRTTY1Q28yRAEeVQh7ODUOZlyxtkfJG-82b7L9_1c8qkXUOJXFLc4_T_Sqz2bMG3POuXGCLo0_aem_DLiz1K8g2SStm5vjdZiRIA&amp;h=AT3KWjKwZLqfOz11Bk--8VkdMeozTIVCRM0N6z0Ne7O-hN4OkmceyOjeC0KKyIJrJ_Kh8JX2jL7F7gRGwrV96Q-qI8BpTLiwdVrVOhRUnZzbS29uwTHUMtJMrUqG61GtReAc3LhZF9_W_w&amp;__tn__=-UK-R&amp;c%5b0%5d=AT3SApL_yXrOnXpatJi5v9dKmkYBcHlDdonMVrMbLfH2I3dVtjzOn6ztsShk-NVE_059tY8RFk6EiCdOSlixVjF_qGd4DRmjsD7MB8EeD-CUQkNM6X2x1BzCwgxKx8AMD-PNFh2W-cwdd5bC5QXniUYsWodX26VmjXYiUyZZpj_XjkX91eZQA13crIg7OfoREFgTH5_r1rXPKlNHDZXByaim\">Nacionale.com<\/a><\/strong> p\u00ebr shkrimin me titull \u201cRTK-ja e largoi nga lajmet qendrore redaktorin Visar Krasniqi, ve\u00e7 pse e citoi intervist\u00ebn e Tha\u00e7it n\u00eb Klan Kosova\u201d, duke konstatuar se nuk \u00ebsht\u00eb shkelur Kapitulli II i Kodit t\u00eb Mediave t\u00eb Shkruara t\u00eb Kosov\u00ebs, i cili ka t\u00eb b\u00ebj\u00eb me raportimin e s\u00eb v\u00ebrtet\u00ebs, ashtu si\u00e7 pretendon pala ankuese.<\/p>\n<p>&nbsp;<\/p>\n<p>&nbsp;<\/p>\n<p>KMShK nuk e ka miratuar (e ka hedhur posht\u00eb) ankes\u00ebn e Vlora Bajramit kund\u00ebr <strong><a href=\"https:\/\/l.facebook.com\/l.php?u=http%3A%2F%2FKallxo.com%2F%3Ffbclid%3DIwZXh0bgNhZW0CMTAAYnJpZBExVXFuOVdlYThRTTY1Q28yRAEeq-uCsFS7psfLzFsEtdwES0XTIOgBKjBQd_lKpfuzcG2L7Os18Hw9FdsItPg_aem_hWHCwP4Afl9nLQX6fllmiQ&amp;h=AT1qDFgmxGMBkY9uccsQEVpFV2GdrptuNr4iPjvV-WRQls6Sw1jfha2YIHHY0GLFHenN5xr7qiROLTcM-iKus0a2p0P0JMhxB-7FP95cANswJj__Ceq3F82Wu4cyh6h9lOQH701gNeZFVA&amp;__tn__=-UK-R&amp;c%5b0%5d=AT3SApL_yXrOnXpatJi5v9dKmkYBcHlDdonMVrMbLfH2I3dVtjzOn6ztsShk-NVE_059tY8RFk6EiCdOSlixVjF_qGd4DRmjsD7MB8EeD-CUQkNM6X2x1BzCwgxKx8AMD-PNFh2W-cwdd5bC5QXniUYsWodX26VmjXYiUyZZpj_XjkX91eZQA13crIg7OfoREFgTH5_r1rXPKlNHDZXByaim\">Kallxo.com<\/a><\/strong> p\u00ebr fotografin\u00eb n\u00eb shkrimin me titull \u201cAvokatja nuk i kishte shkresat e l\u00ebnd\u00ebs &#8211; shtyhet seanca gjyq\u00ebsore ndaj t\u00eb akuzuarit Rinor Grajqevci\u201d, duke konstatuar se nuk \u00ebsht\u00eb shkelur Kapitulli VII i Kodit t\u00eb Mediave t\u00eb Shkruara t\u00eb Kosov\u00ebs, i cili ka t\u00eb b\u00ebj\u00eb me mbrojtjen e privat\u00ebsis\u00eb, ashtu si\u00e7 pretendon pala ankuese.<\/p>\n<p>&nbsp;<\/p>\n<p>&nbsp;<\/p>\n<p>KMShK e ka shpallur t\u00eb patrajtueshme ankes\u00ebn e Zize Pajazitit, p\u00ebrfaq\u00ebsuar nga avokati Shkelzen Behrami, kund\u00ebr televizionit Klan Kosova, duke konstatuar se nuk ka kompetenc\u00eb t\u00eb trajtoj\u00eb k\u00ebt\u00eb rast. KMShK udh\u00ebzon pal\u00ebn q\u00eb t\u2019i drejtohet Komisionit t\u00eb Pavarur t\u00eb Mediave (KPM), institucion q\u00eb i ka n\u00eb kompetenc\u00eb p\u00ebrmbajtjet mediale t\u00eb cilat nuk publikohen n\u00eb media t\u00eb shkruara dhe online.<\/p>\n<p>&nbsp;<\/p>\n<p>&nbsp;<\/p>\n<p>KMShK e ka shpallur t\u00eb paafatshme ankes\u00ebn e Zize Pajazitit, p\u00ebrfaq\u00ebsuar nga avokati Shkelzen Behrami, kund\u00ebr <strong><a href=\"http:\/\/gazetaexpress.com\/?fbclid=IwZXh0bgNhZW0CMTAAYnJpZBExVXFuOVdlYThRTTY1Q28yRAEe81iul8eQ42LAxanlhQBRtvJVnRG1Uwc6YKsUQ0zyhfAbTfw-4_D2ULD5o-8_aem_L0M5j6AKhWuoAnOB2hqoCA\">Gazetaexpress.com<\/a> <\/strong>p\u00ebr shkrimin me titull \u201cSkandali thellohet: Vajza t\u00eb tjera t\u00eb showbiz-it takime \u2018speciale\u2019 n\u00eb burgun e Re\u00e7it me grupin Bajri\u201d, p\u00ebr t\u00eb cilin pala ankuese konsideron se \u00ebsht\u00eb n\u00eb kund\u00ebrshtim me kapitujt II dhe IV t\u00eb Kodit t\u00eb Mediave t\u00eb Shkruara t\u00eb Kosov\u00ebs.<\/p>\n<p>&nbsp;<\/p>\n<p>&nbsp;<\/p>\n<p>Po ashtu, KMShK ka suspenduar an\u00ebtar\u00ebsin\u00eb e disa mediave (<strong><a href=\"https:\/\/l.facebook.com\/l.php?u=http%3A%2F%2FFakteplus.net%2F%3Ffbclid%3DIwZXh0bgNhZW0CMTAAYnJpZBExVXFuOVdlYThRTTY1Q28yRAEeqK78mYQIw3979-uTvtR_ScGkp9NkSY1Y08TcCO64aVCvL1q6Zg5hULwv7RM_aem_B5XazTT1q1b-cKJroNz09w&amp;h=AT2NLQ1AzFXOkG6Jkye_Y0XN487rt3nSJg5H_gFusfly2516NAHvnofscQg5vIaFmEZHNWeQq_LZ-1SlFJaPVu7NIkCR39ZjEY7DXC2xgxeaDobvEYqLPUP9OlvJw8wTvq61-47TNQkQrw&amp;__tn__=-UK-R&amp;c%5b0%5d=AT3SApL_yXrOnXpatJi5v9dKmkYBcHlDdonMVrMbLfH2I3dVtjzOn6ztsShk-NVE_059tY8RFk6EiCdOSlixVjF_qGd4DRmjsD7MB8EeD-CUQkNM6X2x1BzCwgxKx8AMD-PNFh2W-cwdd5bC5QXniUYsWodX26VmjXYiUyZZpj_XjkX91eZQA13crIg7OfoREFgTH5_r1rXPKlNHDZXByaim\">Fakteplus.net<\/a><\/strong>, <strong><a href=\"https:\/\/l.facebook.com\/l.php?u=http%3A%2F%2FKosovalive.org%2F%3Ffbclid%3DIwZXh0bgNhZW0CMTAAYnJpZBExVXFuOVdlYThRTTY1Q28yRAEeq-uCsFS7psfLzFsEtdwES0XTIOgBKjBQd_lKpfuzcG2L7Os18Hw9FdsItPg_aem_hWHCwP4Afl9nLQX6fllmiQ&amp;h=AT3Sx8uK2bkinbk1GerAgD12esEQftA4pjUgfLyqLQ7vpmOrug1hGh2y_N78I-uk6ZQt4npn2wHkvc0lRChxBMqQ2BTFjAlny8f7RjqijFD17aojPEloMDs3BD-bhrPV4ayK4H4o1khjcg&amp;__tn__=-UK-R&amp;c%5b0%5d=AT3SApL_yXrOnXpatJi5v9dKmkYBcHlDdonMVrMbLfH2I3dVtjzOn6ztsShk-NVE_059tY8RFk6EiCdOSlixVjF_qGd4DRmjsD7MB8EeD-CUQkNM6X2x1BzCwgxKx8AMD-PNFh2W-cwdd5bC5QXniUYsWodX26VmjXYiUyZZpj_XjkX91eZQA13crIg7OfoREFgTH5_r1rXPKlNHDZXByaim\">Kosovalive.org<\/a><\/strong>, <strong><a href=\"https:\/\/l.facebook.com\/l.php?u=http%3A%2F%2FNew-perspektiva.org%2F%3Ffbclid%3DIwZXh0bgNhZW0CMTAAYnJpZBExVXFuOVdlYThRTTY1Q28yRAEeTVpSk6V9tYBVZwW6ijGTea0ESSJbTUd_MiAXKOYssWQ6pbZcnZdRN83Gz_U_aem_x-wOOkcJXeaxzAN3XZWGCg&amp;h=AT3f93eRMaT3bZuziwRcoWtIy5ULqvY9x01YQm-iEVzzzNDSKtKw45ef2q2zclcmhDOGQxHLQxmtQKYtdiuJYNanSrA4TNN91rp0tJtdZXpnbQ_Pgrai0J2ao7rPez4yJT_JxthdfYaZ4Q&amp;__tn__=-UK-R&amp;c%5b0%5d=AT3SApL_yXrOnXpatJi5v9dKmkYBcHlDdonMVrMbLfH2I3dVtjzOn6ztsShk-NVE_059tY8RFk6EiCdOSlixVjF_qGd4DRmjsD7MB8EeD-CUQkNM6X2x1BzCwgxKx8AMD-PNFh2W-cwdd5bC5QXniUYsWodX26VmjXYiUyZZpj_XjkX91eZQA13crIg7OfoREFgTH5_r1rXPKlNHDZXByaim\">New-perspektiva.org<\/a><\/strong>, <strong><a href=\"http:\/\/sporti1.com\/?fbclid=IwZXh0bgNhZW0CMTAAYnJpZBExVXFuOVdlYThRTTY1Q28yRAEeq-uCsFS7psfLzFsEtdwES0XTIOgBKjBQd_lKpfuzcG2L7Os18Hw9FdsItPg_aem_hWHCwP4Afl9nLQX6fllmiQ\">Sporti1.com<\/a><\/strong>, Tribunashqiptare.info) p\u00ebr shkak t\u00eb nd\u00ebrprerjes s\u00eb funksionimit, si dhe t\u00eb <strong><a href=\"http:\/\/shqip.com\/?fbclid=IwZXh0bgNhZW0CMTAAYnJpZBExVXFuOVdlYThRTTY1Q28yRAEeSL_XAdmEmSJ8517qS5B15yDLdrND1Mk8gt2ImjrlgSarl2bCkIqjVZM8APM_aem_P5NH0FfiJnIgQJg_q93v6w\">Shqip.com<\/a><\/strong>, p\u00ebr shkak se tashm\u00eb funksionon me baz\u00eb n\u00eb nj\u00eb shtet tjet\u00ebr.<\/p>\n<p>&nbsp;<\/p>\n<p>&nbsp;<\/p>\n<\/div>\n<\/div>\n<\/div>\n<\/div>\n<\/div>\n<\/div>\n<\/div>\n<div id=\"_r_ms_\" class=\"html-div xdj266r x14z9mp xat24cr x1lziwak xexx8yu xyri2b x18d9i69 x1c1uobl x1n2onr6\">\n<div class=\"html-div xdj266r x14z9mp xat24cr x1lziwak xexx8yu xyri2b x18d9i69 x1c1uobl x1n2onr6\">\n<div class=\"html-div xdj266r x14z9mp xat24cr x1lziwak xexx8yu xyri2b x18d9i69 x1c1uobl\">\n<div class=\"x1n2onr6\">\n<div class=\"x1n2onr6\">\n<div class=\"x6ikm8r x10wlt62 x10l6tqk\"><\/div>\n<div class=\"x6ikm8r x10wlt62 x10l6tqk\"><\/div>\n<div class=\"x6ikm8r x10wlt62 x10l6tqk\"><\/div>\n<\/div>\n<\/div>\n<\/div>\n<\/div>\n<div class=\"html-div xdj266r x14z9mp xat24cr x1lziwak xexx8yu xyri2b x18d9i69 x1c1uobl x6ikm8r x10wlt62\"><\/div>\n<\/div>\n<\/div>\n<div><\/div>\n<div>\n<div class=\"xabvvm4 xeyy32k x1ia1hqs x1a2w583 x6ikm8r x10wlt62\" data-visualcompletion=\"ignore-dynamic\">\n<div>\n<div>\n<div>\n<div class=\"x1n2onr6\">\n<div class=\"x6s0dn4 xi81zsa x78zum5 x6prxxf x13a6bvl xvq8zen xdj266r xat24cr x1c1uobl xyri2b x80vd3b x1q0q8m5 xso031l x1diwwjn xbmvrgn x10b6aqq x1yrsyyn\">\n<div class=\"x6s0dn4 x78zum5 x1iyjqo2 x6ikm8r x10wlt62\">\n<p>&nbsp;<\/p>\n<div class=\"x1i10hfl xjbqb8w x1ejq31n x18oe1m7 x1sy0etr xstzfhl x972fbf x10w94by x1qhh985 x14e42zd x9f619 x1ypdohk x3ct3a4 xdj266r x14z9mp xat24cr x1lziwak xexx8yu xyri2b x18d9i69 x1c1uobl x16tdsg8 x1hl2dhg xggy1nq x1fmog5m xu25z0z x140muxe xo1y3bh x1n2onr6 x87ps6o x1lku1pv x1a2a7pz x1heor9g xnl1qt8 x6ikm8r x10wlt62 x1vjfegm x1lliihq\" tabindex=\"0\" role=\"button\"><\/div>\n<\/div>\n<div class=\"x1c4vz4f x2lah0s xci0xqf\"><\/div>\n<div class=\"x9f619 x1ja2u2z x78zum5 x2lah0s x1n2onr6 x1qughib x1qjc9v5 xozqiw3 x1q0g3np x1ws5yxj xw01apr x4cne27 xifccgj x123j3cw xs9asl8\"><\/div>\n<\/div>\n<\/div>\n<\/div>\n<\/div>\n<\/div>\n<\/div>\n<\/div>\n","protected":false},"excerpt":{"rendered":"<p>K\u00ebshilli i Mediave t\u00eb Shkruara t\u00eb Kosov\u00ebs (KMShK) n\u00eb mbledhjen e rregullt ka shqyrtuar gjithsej shtat\u00eb ankesa. &nbsp; An\u00ebtar\u00ebt e Kuvendit t\u00eb KMShK-s\u00eb kan\u00eb vendosur q\u00eb t\u00eb miratohet nj\u00eb nga to, dy t\u00eb miratohen pjes\u00ebrisht, dy t\u00eb refuzohen, nj\u00eb t\u00eb shpallet e pajtrajtueshme dhe nj\u00eb e paafatshme. &nbsp; &nbsp; Ankesat kishin t\u00eb b\u00ebnin me pretendimet [&hellip;]<\/p>\n","protected":false},"author":2,"featured_media":17173,"comment_status":"open","ping_status":"open","sticky":false,"template":"","format":"standard","meta":{"footnotes":""},"categories":[92],"tags":[157,124,159],"class_list":["post-17172","post","type-post","status-publish","format-standard","has-post-thumbnail","hentry","category-news-sq","tag-etika","tag-kmshk","tag-vendimet"],"acf":{"video_title":"","video":false},"yoast_head":"<!-- This site is optimized with the Yoast SEO plugin v28.3 - https:\/\/yoast.com\/product\/yoast-seo-wordpress\/ -->\n<title>Kuvendi i KMShK-s\u00eb mori vendim p\u00ebr 7 ankesa - K\u00ebshilli i Mediave t\u00eb Shkruara t\u00eb Kosov\u00ebs | P\u00ebr nj\u00eb gazetari etike dhe profesionale<\/title>\n<meta name=\"robots\" content=\"index, follow, max-snippet:-1, max-image-preview:large, max-video-preview:-1\" \/>\n<link rel=\"canonical\" href=\"http:\/\/presscouncil-ks.org\/?p=17172\" \/>\n<meta property=\"og:locale\" content=\"en_US\" \/>\n<meta property=\"og:type\" content=\"article\" \/>\n<meta property=\"og:title\" content=\"Kuvendi i KMShK-s\u00eb mori vendim p\u00ebr 7 ankesa - K\u00ebshilli i Mediave t\u00eb Shkruara t\u00eb Kosov\u00ebs | P\u00ebr nj\u00eb gazetari etike dhe profesionale\" \/>\n<meta property=\"og:description\" content=\"K\u00ebshilli i Mediave t\u00eb Shkruara t\u00eb Kosov\u00ebs (KMShK) n\u00eb mbledhjen e rregullt ka shqyrtuar gjithsej shtat\u00eb ankesa. &nbsp; An\u00ebtar\u00ebt e Kuvendit t\u00eb KMShK-s\u00eb kan\u00eb vendosur q\u00eb t\u00eb miratohet nj\u00eb nga to, dy t\u00eb miratohen pjes\u00ebrisht, dy t\u00eb refuzohen, nj\u00eb t\u00eb shpallet e pajtrajtueshme dhe nj\u00eb e paafatshme. &nbsp; &nbsp; Ankesat kishin t\u00eb b\u00ebnin me pretendimet [&hellip;]\" \/>\n<meta property=\"og:url\" content=\"http:\/\/presscouncil-ks.org\/?p=17172\" \/>\n<meta property=\"og:site_name\" content=\"K\u00ebshilli i Mediave t\u00eb Shkruara t\u00eb Kosov\u00ebs | P\u00ebr nj\u00eb gazetari etike dhe profesionale\" \/>\n<meta property=\"article:publisher\" content=\"https:\/\/www.facebook.com\/KMSHKosove\" \/>\n<meta property=\"article:published_time\" content=\"2025-10-02T09:02:23+00:00\" \/>\n<meta property=\"article:modified_time\" content=\"2025-10-02T09:22:35+00:00\" \/>\n<meta property=\"og:image\" content=\"http:\/\/presscouncil-ks.org\/wp-content\/uploads\/2025\/10\/infografika-KMSHK-2.jpg\" \/>\n\t<meta property=\"og:image:width\" content=\"1536\" \/>\n\t<meta property=\"og:image:height\" content=\"1024\" \/>\n\t<meta property=\"og:image:type\" content=\"image\/jpeg\" \/>\n<meta name=\"author\" content=\"Editor\" \/>\n<meta name=\"twitter:card\" content=\"summary_large_image\" \/>\n<meta name=\"twitter:label1\" content=\"Written by\" \/>\n\t<meta name=\"twitter:data1\" content=\"Editor\" \/>\n\t<meta name=\"twitter:label2\" content=\"Est. reading time\" \/>\n\t<meta name=\"twitter:data2\" content=\"4 minutes\" \/>\n<script type=\"application\/ld+json\" class=\"yoast-schema-graph\">{\"@context\":\"https:\\\/\\\/schema.org\",\"@graph\":[{\"@type\":\"Article\",\"@id\":\"http:\\\/\\\/presscouncil-ks.org\\\/?p=17172#article\",\"isPartOf\":{\"@id\":\"http:\\\/\\\/presscouncil-ks.org\\\/?p=17172\"},\"author\":{\"name\":\"Editor\",\"@id\":\"http:\\\/\\\/presscouncil-ks.org\\\/#\\\/schema\\\/person\\\/b79d30c61264caeb733239c16cc4d673\"},\"headline\":\"Kuvendi i KMShK-s\u00eb mori vendim p\u00ebr 7 ankesa\",\"datePublished\":\"2025-10-02T09:02:23+00:00\",\"dateModified\":\"2025-10-02T09:22:35+00:00\",\"mainEntityOfPage\":{\"@id\":\"http:\\\/\\\/presscouncil-ks.org\\\/?p=17172\"},\"wordCount\":760,\"commentCount\":0,\"publisher\":{\"@id\":\"http:\\\/\\\/presscouncil-ks.org\\\/#organization\"},\"image\":{\"@id\":\"http:\\\/\\\/presscouncil-ks.org\\\/?p=17172#primaryimage\"},\"thumbnailUrl\":\"http:\\\/\\\/presscouncil-ks.org\\\/wp-content\\\/uploads\\\/2025\\\/10\\\/infografika-KMSHK-2.jpg\",\"keywords\":[\"etika\",\"KMSHK\",\"vendimet\"],\"articleSection\":[\"Lajm\"],\"inLanguage\":\"en-US\",\"potentialAction\":[{\"@type\":\"CommentAction\",\"name\":\"Comment\",\"target\":[\"http:\\\/\\\/presscouncil-ks.org\\\/?p=17172#respond\"]}]},{\"@type\":\"WebPage\",\"@id\":\"http:\\\/\\\/presscouncil-ks.org\\\/?p=17172\",\"url\":\"http:\\\/\\\/presscouncil-ks.org\\\/?p=17172\",\"name\":\"Kuvendi i KMShK-s\u00eb mori vendim p\u00ebr 7 ankesa - K\u00ebshilli i Mediave t\u00eb Shkruara t\u00eb Kosov\u00ebs | P\u00ebr nj\u00eb gazetari etike dhe profesionale\",\"isPartOf\":{\"@id\":\"http:\\\/\\\/presscouncil-ks.org\\\/#website\"},\"primaryImageOfPage\":{\"@id\":\"http:\\\/\\\/presscouncil-ks.org\\\/?p=17172#primaryimage\"},\"image\":{\"@id\":\"http:\\\/\\\/presscouncil-ks.org\\\/?p=17172#primaryimage\"},\"thumbnailUrl\":\"http:\\\/\\\/presscouncil-ks.org\\\/wp-content\\\/uploads\\\/2025\\\/10\\\/infografika-KMSHK-2.jpg\",\"datePublished\":\"2025-10-02T09:02:23+00:00\",\"dateModified\":\"2025-10-02T09:22:35+00:00\",\"breadcrumb\":{\"@id\":\"http:\\\/\\\/presscouncil-ks.org\\\/?p=17172#breadcrumb\"},\"inLanguage\":\"en-US\",\"potentialAction\":[{\"@type\":\"ReadAction\",\"target\":[\"http:\\\/\\\/presscouncil-ks.org\\\/?p=17172\"]}]},{\"@type\":\"ImageObject\",\"inLanguage\":\"en-US\",\"@id\":\"http:\\\/\\\/presscouncil-ks.org\\\/?p=17172#primaryimage\",\"url\":\"http:\\\/\\\/presscouncil-ks.org\\\/wp-content\\\/uploads\\\/2025\\\/10\\\/infografika-KMSHK-2.jpg\",\"contentUrl\":\"http:\\\/\\\/presscouncil-ks.org\\\/wp-content\\\/uploads\\\/2025\\\/10\\\/infografika-KMSHK-2.jpg\",\"width\":1536,\"height\":1024},{\"@type\":\"BreadcrumbList\",\"@id\":\"http:\\\/\\\/presscouncil-ks.org\\\/?p=17172#breadcrumb\",\"itemListElement\":[{\"@type\":\"ListItem\",\"position\":1,\"name\":\"Home\",\"item\":\"https:\\\/\\\/presscouncil-ks.org\\\/\"},{\"@type\":\"ListItem\",\"position\":2,\"name\":\"Kuvendi i KMShK-s\u00eb mori vendim p\u00ebr 7 ankesa\"}]},{\"@type\":\"WebSite\",\"@id\":\"http:\\\/\\\/presscouncil-ks.org\\\/#website\",\"url\":\"http:\\\/\\\/presscouncil-ks.org\\\/\",\"name\":\"https:\\\/\\\/presscouncil-ks.org\\\/\",\"description\":\"\",\"publisher\":{\"@id\":\"http:\\\/\\\/presscouncil-ks.org\\\/#organization\"},\"potentialAction\":[{\"@type\":\"SearchAction\",\"target\":{\"@type\":\"EntryPoint\",\"urlTemplate\":\"http:\\\/\\\/presscouncil-ks.org\\\/?s={search_term_string}\"},\"query-input\":{\"@type\":\"PropertyValueSpecification\",\"valueRequired\":true,\"valueName\":\"search_term_string\"}}],\"inLanguage\":\"en-US\"},{\"@type\":\"Organization\",\"@id\":\"http:\\\/\\\/presscouncil-ks.org\\\/#organization\",\"name\":\"K\u00ebshilli i Mediave t\u00eb Shkruara t\u00eb Kosov\u00ebs\",\"url\":\"http:\\\/\\\/presscouncil-ks.org\\\/\",\"logo\":{\"@type\":\"ImageObject\",\"inLanguage\":\"en-US\",\"@id\":\"http:\\\/\\\/presscouncil-ks.org\\\/#\\\/schema\\\/logo\\\/image\\\/\",\"url\":\"http:\\\/\\\/presscouncil-ks.org\\\/wp-content\\\/uploads\\\/2023\\\/06\\\/cropped-logo.png\",\"contentUrl\":\"http:\\\/\\\/presscouncil-ks.org\\\/wp-content\\\/uploads\\\/2023\\\/06\\\/cropped-logo.png\",\"width\":268,\"height\":166,\"caption\":\"K\u00ebshilli i Mediave t\u00eb Shkruara t\u00eb Kosov\u00ebs\"},\"image\":{\"@id\":\"http:\\\/\\\/presscouncil-ks.org\\\/#\\\/schema\\\/logo\\\/image\\\/\"},\"sameAs\":[\"https:\\\/\\\/www.facebook.com\\\/KMSHKosove\"]},{\"@type\":\"Person\",\"@id\":\"http:\\\/\\\/presscouncil-ks.org\\\/#\\\/schema\\\/person\\\/b79d30c61264caeb733239c16cc4d673\",\"name\":\"Editor\",\"image\":{\"@type\":\"ImageObject\",\"inLanguage\":\"en-US\",\"@id\":\"https:\\\/\\\/secure.gravatar.com\\\/avatar\\\/9534865f39e7b3527010ee17196a76d054b16d731a6a5bfe2f92a071c6e9bf4e?s=96&d=mm&r=g\",\"url\":\"https:\\\/\\\/secure.gravatar.com\\\/avatar\\\/9534865f39e7b3527010ee17196a76d054b16d731a6a5bfe2f92a071c6e9bf4e?s=96&d=mm&r=g\",\"contentUrl\":\"https:\\\/\\\/secure.gravatar.com\\\/avatar\\\/9534865f39e7b3527010ee17196a76d054b16d731a6a5bfe2f92a071c6e9bf4e?s=96&d=mm&r=g\",\"caption\":\"Editor\"},\"url\":\"http:\\\/\\\/presscouncil-ks.org\\\/?author=2\"}]}<\/script>\n<!-- \/ Yoast SEO plugin. -->","yoast_head_json":{"title":"Kuvendi i KMShK-s\u00eb mori vendim p\u00ebr 7 ankesa - K\u00ebshilli i Mediave t\u00eb Shkruara t\u00eb Kosov\u00ebs | P\u00ebr nj\u00eb gazetari etike dhe profesionale","robots":{"index":"index","follow":"follow","max-snippet":"max-snippet:-1","max-image-preview":"max-image-preview:large","max-video-preview":"max-video-preview:-1"},"canonical":"http:\/\/presscouncil-ks.org\/?p=17172","og_locale":"en_US","og_type":"article","og_title":"Kuvendi i KMShK-s\u00eb mori vendim p\u00ebr 7 ankesa - K\u00ebshilli i Mediave t\u00eb Shkruara t\u00eb Kosov\u00ebs | P\u00ebr nj\u00eb gazetari etike dhe profesionale","og_description":"K\u00ebshilli i Mediave t\u00eb Shkruara t\u00eb Kosov\u00ebs (KMShK) n\u00eb mbledhjen e rregullt ka shqyrtuar gjithsej shtat\u00eb ankesa. &nbsp; An\u00ebtar\u00ebt e Kuvendit t\u00eb KMShK-s\u00eb kan\u00eb vendosur q\u00eb t\u00eb miratohet nj\u00eb nga to, dy t\u00eb miratohen pjes\u00ebrisht, dy t\u00eb refuzohen, nj\u00eb t\u00eb shpallet e pajtrajtueshme dhe nj\u00eb e paafatshme. &nbsp; &nbsp; Ankesat kishin t\u00eb b\u00ebnin me pretendimet [&hellip;]","og_url":"http:\/\/presscouncil-ks.org\/?p=17172","og_site_name":"K\u00ebshilli i Mediave t\u00eb Shkruara t\u00eb Kosov\u00ebs | P\u00ebr nj\u00eb gazetari etike dhe profesionale","article_publisher":"https:\/\/www.facebook.com\/KMSHKosove","article_published_time":"2025-10-02T09:02:23+00:00","article_modified_time":"2025-10-02T09:22:35+00:00","og_image":[{"width":1536,"height":1024,"url":"http:\/\/presscouncil-ks.org\/wp-content\/uploads\/2025\/10\/infografika-KMSHK-2.jpg","type":"image\/jpeg"}],"author":"Editor","twitter_card":"summary_large_image","twitter_misc":{"Written by":"Editor","Est. reading time":"4 minutes"},"schema":{"@context":"https:\/\/schema.org","@graph":[{"@type":"Article","@id":"http:\/\/presscouncil-ks.org\/?p=17172#article","isPartOf":{"@id":"http:\/\/presscouncil-ks.org\/?p=17172"},"author":{"name":"Editor","@id":"http:\/\/presscouncil-ks.org\/#\/schema\/person\/b79d30c61264caeb733239c16cc4d673"},"headline":"Kuvendi i KMShK-s\u00eb mori vendim p\u00ebr 7 ankesa","datePublished":"2025-10-02T09:02:23+00:00","dateModified":"2025-10-02T09:22:35+00:00","mainEntityOfPage":{"@id":"http:\/\/presscouncil-ks.org\/?p=17172"},"wordCount":760,"commentCount":0,"publisher":{"@id":"http:\/\/presscouncil-ks.org\/#organization"},"image":{"@id":"http:\/\/presscouncil-ks.org\/?p=17172#primaryimage"},"thumbnailUrl":"http:\/\/presscouncil-ks.org\/wp-content\/uploads\/2025\/10\/infografika-KMSHK-2.jpg","keywords":["etika","KMSHK","vendimet"],"articleSection":["Lajm"],"inLanguage":"en-US","potentialAction":[{"@type":"CommentAction","name":"Comment","target":["http:\/\/presscouncil-ks.org\/?p=17172#respond"]}]},{"@type":"WebPage","@id":"http:\/\/presscouncil-ks.org\/?p=17172","url":"http:\/\/presscouncil-ks.org\/?p=17172","name":"Kuvendi i KMShK-s\u00eb mori vendim p\u00ebr 7 ankesa - K\u00ebshilli i Mediave t\u00eb Shkruara t\u00eb Kosov\u00ebs | P\u00ebr nj\u00eb gazetari etike dhe profesionale","isPartOf":{"@id":"http:\/\/presscouncil-ks.org\/#website"},"primaryImageOfPage":{"@id":"http:\/\/presscouncil-ks.org\/?p=17172#primaryimage"},"image":{"@id":"http:\/\/presscouncil-ks.org\/?p=17172#primaryimage"},"thumbnailUrl":"http:\/\/presscouncil-ks.org\/wp-content\/uploads\/2025\/10\/infografika-KMSHK-2.jpg","datePublished":"2025-10-02T09:02:23+00:00","dateModified":"2025-10-02T09:22:35+00:00","breadcrumb":{"@id":"http:\/\/presscouncil-ks.org\/?p=17172#breadcrumb"},"inLanguage":"en-US","potentialAction":[{"@type":"ReadAction","target":["http:\/\/presscouncil-ks.org\/?p=17172"]}]},{"@type":"ImageObject","inLanguage":"en-US","@id":"http:\/\/presscouncil-ks.org\/?p=17172#primaryimage","url":"http:\/\/presscouncil-ks.org\/wp-content\/uploads\/2025\/10\/infografika-KMSHK-2.jpg","contentUrl":"http:\/\/presscouncil-ks.org\/wp-content\/uploads\/2025\/10\/infografika-KMSHK-2.jpg","width":1536,"height":1024},{"@type":"BreadcrumbList","@id":"http:\/\/presscouncil-ks.org\/?p=17172#breadcrumb","itemListElement":[{"@type":"ListItem","position":1,"name":"Home","item":"https:\/\/presscouncil-ks.org\/"},{"@type":"ListItem","position":2,"name":"Kuvendi i KMShK-s\u00eb mori vendim p\u00ebr 7 ankesa"}]},{"@type":"WebSite","@id":"http:\/\/presscouncil-ks.org\/#website","url":"http:\/\/presscouncil-ks.org\/","name":"https:\/\/presscouncil-ks.org\/","description":"","publisher":{"@id":"http:\/\/presscouncil-ks.org\/#organization"},"potentialAction":[{"@type":"SearchAction","target":{"@type":"EntryPoint","urlTemplate":"http:\/\/presscouncil-ks.org\/?s={search_term_string}"},"query-input":{"@type":"PropertyValueSpecification","valueRequired":true,"valueName":"search_term_string"}}],"inLanguage":"en-US"},{"@type":"Organization","@id":"http:\/\/presscouncil-ks.org\/#organization","name":"K\u00ebshilli i Mediave t\u00eb Shkruara t\u00eb Kosov\u00ebs","url":"http:\/\/presscouncil-ks.org\/","logo":{"@type":"ImageObject","inLanguage":"en-US","@id":"http:\/\/presscouncil-ks.org\/#\/schema\/logo\/image\/","url":"http:\/\/presscouncil-ks.org\/wp-content\/uploads\/2023\/06\/cropped-logo.png","contentUrl":"http:\/\/presscouncil-ks.org\/wp-content\/uploads\/2023\/06\/cropped-logo.png","width":268,"height":166,"caption":"K\u00ebshilli i Mediave t\u00eb Shkruara t\u00eb Kosov\u00ebs"},"image":{"@id":"http:\/\/presscouncil-ks.org\/#\/schema\/logo\/image\/"},"sameAs":["https:\/\/www.facebook.com\/KMSHKosove"]},{"@type":"Person","@id":"http:\/\/presscouncil-ks.org\/#\/schema\/person\/b79d30c61264caeb733239c16cc4d673","name":"Editor","image":{"@type":"ImageObject","inLanguage":"en-US","@id":"https:\/\/secure.gravatar.com\/avatar\/9534865f39e7b3527010ee17196a76d054b16d731a6a5bfe2f92a071c6e9bf4e?s=96&d=mm&r=g","url":"https:\/\/secure.gravatar.com\/avatar\/9534865f39e7b3527010ee17196a76d054b16d731a6a5bfe2f92a071c6e9bf4e?s=96&d=mm&r=g","contentUrl":"https:\/\/secure.gravatar.com\/avatar\/9534865f39e7b3527010ee17196a76d054b16d731a6a5bfe2f92a071c6e9bf4e?s=96&d=mm&r=g","caption":"Editor"},"url":"http:\/\/presscouncil-ks.org\/?author=2"}]}},"_links":{"self":[{"href":"http:\/\/presscouncil-ks.org\/index.php?rest_route=\/wp\/v2\/posts\/17172","targetHints":{"allow":["GET"]}}],"collection":[{"href":"http:\/\/presscouncil-ks.org\/index.php?rest_route=\/wp\/v2\/posts"}],"about":[{"href":"http:\/\/presscouncil-ks.org\/index.php?rest_route=\/wp\/v2\/types\/post"}],"author":[{"embeddable":true,"href":"http:\/\/presscouncil-ks.org\/index.php?rest_route=\/wp\/v2\/users\/2"}],"replies":[{"embeddable":true,"href":"http:\/\/presscouncil-ks.org\/index.php?rest_route=%2Fwp%2Fv2%2Fcomments&post=17172"}],"version-history":[{"count":8,"href":"http:\/\/presscouncil-ks.org\/index.php?rest_route=\/wp\/v2\/posts\/17172\/revisions"}],"predecessor-version":[{"id":17184,"href":"http:\/\/presscouncil-ks.org\/index.php?rest_route=\/wp\/v2\/posts\/17172\/revisions\/17184"}],"wp:featuredmedia":[{"embeddable":true,"href":"http:\/\/presscouncil-ks.org\/index.php?rest_route=\/wp\/v2\/media\/17173"}],"wp:attachment":[{"href":"http:\/\/presscouncil-ks.org\/index.php?rest_route=%2Fwp%2Fv2%2Fmedia&parent=17172"}],"wp:term":[{"taxonomy":"category","embeddable":true,"href":"http:\/\/presscouncil-ks.org\/index.php?rest_route=%2Fwp%2Fv2%2Fcategories&post=17172"},{"taxonomy":"post_tag","embeddable":true,"href":"http:\/\/presscouncil-ks.org\/index.php?rest_route=%2Fwp%2Fv2%2Ftags&post=17172"}],"curies":[{"name":"wp","href":"https:\/\/api.w.org\/{rel}","templated":true}]}}