{"id":17159,"date":"2025-09-30T19:32:34","date_gmt":"2025-09-30T19:32:34","guid":{"rendered":"https:\/\/presscouncil-ks.org\/?p=17159"},"modified":"2025-09-30T19:40:58","modified_gmt":"2025-09-30T19:40:58","slug":"prezantohet-udhezuesi-per-raportimin-etik-per-zgjedhjet","status":"publish","type":"post","link":"http:\/\/presscouncil-ks.org\/?p=17159","title":{"rendered":"Prezantohet Udh\u00ebzuesi p\u00ebr Raportimin Etik p\u00ebr Zgjedhjet"},"content":{"rendered":"<p><strong>K\u00ebshilli i Mediave t\u00eb Shkruara t\u00eb Kosov\u00ebs (KMShK) prezantoi t\u00eb mart\u00ebn para kryeredaktor\u00ebve dhe redaktor\u00ebve t\u00eb mediave online Udh\u00ebzuesin p\u00ebr Raportimin Etik p\u00ebr Zgjedhjet.<\/strong><\/p>\n<p>&nbsp;<\/p>\n<p>Ky udh\u00ebzues, i bazuar n\u00eb Kodin e Mediave t\u00eb Shkruara, trajton \u00e7\u00ebshtje t\u00eb raportimit etik dhe sfidave t\u00eb raportimit medial gjat\u00eb fushatave zgjedhore dhe \u00ebsht\u00eb publikuar dhe promovuar n\u00eb koh\u00ebn e fushat\u00ebs s\u00eb zgjedhjeve lokale n\u00eb Kosov\u00eb.<\/p>\n<p>&nbsp;<\/p>\n<p><strong><a href=\"https:\/\/presscouncil-ks.org\/wp-content\/uploads\/2025\/09\/Udhezuesi-Shqip.pdf\">https:\/\/presscouncil-ks.org\/wp-content\/uploads\/2025\/09\/Udhezuesi-Shqip.pdf<\/a><\/strong><\/p>\n<p>&nbsp;<\/p>\n<p>Udh\u00ebzuesi \u00ebsht\u00eb edhe nj\u00eb dokument n\u00eb vazhd\u00ebn e angazhimit t\u00eb KMShK-s\u00eb p\u00ebr raportim etik dhe profesional.<\/p>\n<p>&nbsp;<\/p>\n","protected":false},"excerpt":{"rendered":"<p>K\u00ebshilli i Mediave t\u00eb Shkruara t\u00eb Kosov\u00ebs (KMShK) prezantoi t\u00eb mart\u00ebn para kryeredaktor\u00ebve dhe redaktor\u00ebve t\u00eb mediave online Udh\u00ebzuesin p\u00ebr Raportimin Etik p\u00ebr Zgjedhjet. &nbsp; Ky udh\u00ebzues, i bazuar n\u00eb Kodin e Mediave t\u00eb Shkruara, trajton \u00e7\u00ebshtje t\u00eb raportimit etik dhe sfidave t\u00eb raportimit medial gjat\u00eb fushatave zgjedhore dhe \u00ebsht\u00eb publikuar dhe promovuar n\u00eb koh\u00ebn [&hellip;]<\/p>\n","protected":false},"author":2,"featured_media":17161,"comment_status":"open","ping_status":"open","sticky":false,"template":"","format":"standard","meta":{"footnotes":""},"categories":[92],"tags":[],"class_list":["post-17159","post","type-post","status-publish","format-standard","has-post-thumbnail","hentry","category-news-sq"],"acf":{"video_title":"","video":false},"yoast_head":"<!-- This site is optimized with the Yoast SEO plugin v28.3 - https:\/\/yoast.com\/product\/yoast-seo-wordpress\/ -->\n<title>Prezantohet Udh\u00ebzuesi p\u00ebr Raportimin Etik p\u00ebr Zgjedhjet - K\u00ebshilli i Mediave t\u00eb Shkruara t\u00eb Kosov\u00ebs | P\u00ebr nj\u00eb gazetari etike dhe profesionale<\/title>\n<meta name=\"robots\" content=\"index, follow, max-snippet:-1, max-image-preview:large, max-video-preview:-1\" \/>\n<link rel=\"canonical\" href=\"http:\/\/presscouncil-ks.org\/?p=17159\" \/>\n<meta property=\"og:locale\" content=\"en_US\" \/>\n<meta property=\"og:type\" content=\"article\" \/>\n<meta property=\"og:title\" content=\"Prezantohet Udh\u00ebzuesi p\u00ebr Raportimin Etik p\u00ebr Zgjedhjet - K\u00ebshilli i Mediave t\u00eb Shkruara t\u00eb Kosov\u00ebs | P\u00ebr nj\u00eb gazetari etike dhe profesionale\" \/>\n<meta property=\"og:description\" content=\"K\u00ebshilli i Mediave t\u00eb Shkruara t\u00eb Kosov\u00ebs (KMShK) prezantoi t\u00eb mart\u00ebn para kryeredaktor\u00ebve dhe redaktor\u00ebve t\u00eb mediave online Udh\u00ebzuesin p\u00ebr Raportimin Etik p\u00ebr Zgjedhjet. &nbsp; Ky udh\u00ebzues, i bazuar n\u00eb Kodin e Mediave t\u00eb Shkruara, trajton \u00e7\u00ebshtje t\u00eb raportimit etik dhe sfidave t\u00eb raportimit medial gjat\u00eb fushatave zgjedhore dhe \u00ebsht\u00eb publikuar dhe promovuar n\u00eb koh\u00ebn [&hellip;]\" \/>\n<meta property=\"og:url\" content=\"http:\/\/presscouncil-ks.org\/?p=17159\" \/>\n<meta property=\"og:site_name\" content=\"K\u00ebshilli i Mediave t\u00eb Shkruara t\u00eb Kosov\u00ebs | P\u00ebr nj\u00eb gazetari etike dhe profesionale\" \/>\n<meta property=\"article:publisher\" content=\"https:\/\/www.facebook.com\/KMSHKosove\" \/>\n<meta property=\"article:published_time\" content=\"2025-09-30T19:32:34+00:00\" \/>\n<meta property=\"article:modified_time\" content=\"2025-09-30T19:40:58+00:00\" \/>\n<meta property=\"og:image\" content=\"http:\/\/presscouncil-ks.org\/wp-content\/uploads\/2025\/09\/keshilli-shtator-2025.jpg\" \/>\n\t<meta property=\"og:image:width\" content=\"1600\" \/>\n\t<meta property=\"og:image:height\" content=\"1200\" \/>\n\t<meta property=\"og:image:type\" content=\"image\/jpeg\" \/>\n<meta name=\"author\" content=\"Editor\" \/>\n<meta name=\"twitter:card\" content=\"summary_large_image\" \/>\n<meta name=\"twitter:label1\" content=\"Written by\" \/>\n\t<meta name=\"twitter:data1\" content=\"Editor\" \/>\n\t<meta name=\"twitter:label2\" content=\"Est. reading time\" \/>\n\t<meta name=\"twitter:data2\" content=\"1 minute\" \/>\n<script type=\"application\/ld+json\" class=\"yoast-schema-graph\">{\"@context\":\"https:\\\/\\\/schema.org\",\"@graph\":[{\"@type\":\"Article\",\"@id\":\"http:\\\/\\\/presscouncil-ks.org\\\/?p=17159#article\",\"isPartOf\":{\"@id\":\"http:\\\/\\\/presscouncil-ks.org\\\/?p=17159\"},\"author\":{\"name\":\"Editor\",\"@id\":\"http:\\\/\\\/presscouncil-ks.org\\\/#\\\/schema\\\/person\\\/b79d30c61264caeb733239c16cc4d673\"},\"headline\":\"Prezantohet Udh\u00ebzuesi p\u00ebr Raportimin Etik p\u00ebr Zgjedhjet\",\"datePublished\":\"2025-09-30T19:32:34+00:00\",\"dateModified\":\"2025-09-30T19:40:58+00:00\",\"mainEntityOfPage\":{\"@id\":\"http:\\\/\\\/presscouncil-ks.org\\\/?p=17159\"},\"wordCount\":112,\"commentCount\":0,\"publisher\":{\"@id\":\"http:\\\/\\\/presscouncil-ks.org\\\/#organization\"},\"image\":{\"@id\":\"http:\\\/\\\/presscouncil-ks.org\\\/?p=17159#primaryimage\"},\"thumbnailUrl\":\"http:\\\/\\\/presscouncil-ks.org\\\/wp-content\\\/uploads\\\/2025\\\/09\\\/keshilli-shtator-2025.jpg\",\"articleSection\":[\"Lajm\"],\"inLanguage\":\"en-US\",\"potentialAction\":[{\"@type\":\"CommentAction\",\"name\":\"Comment\",\"target\":[\"http:\\\/\\\/presscouncil-ks.org\\\/?p=17159#respond\"]}]},{\"@type\":\"WebPage\",\"@id\":\"http:\\\/\\\/presscouncil-ks.org\\\/?p=17159\",\"url\":\"http:\\\/\\\/presscouncil-ks.org\\\/?p=17159\",\"name\":\"Prezantohet Udh\u00ebzuesi p\u00ebr Raportimin Etik p\u00ebr Zgjedhjet - K\u00ebshilli i Mediave t\u00eb Shkruara t\u00eb Kosov\u00ebs | P\u00ebr nj\u00eb gazetari etike dhe profesionale\",\"isPartOf\":{\"@id\":\"http:\\\/\\\/presscouncil-ks.org\\\/#website\"},\"primaryImageOfPage\":{\"@id\":\"http:\\\/\\\/presscouncil-ks.org\\\/?p=17159#primaryimage\"},\"image\":{\"@id\":\"http:\\\/\\\/presscouncil-ks.org\\\/?p=17159#primaryimage\"},\"thumbnailUrl\":\"http:\\\/\\\/presscouncil-ks.org\\\/wp-content\\\/uploads\\\/2025\\\/09\\\/keshilli-shtator-2025.jpg\",\"datePublished\":\"2025-09-30T19:32:34+00:00\",\"dateModified\":\"2025-09-30T19:40:58+00:00\",\"breadcrumb\":{\"@id\":\"http:\\\/\\\/presscouncil-ks.org\\\/?p=17159#breadcrumb\"},\"inLanguage\":\"en-US\",\"potentialAction\":[{\"@type\":\"ReadAction\",\"target\":[\"http:\\\/\\\/presscouncil-ks.org\\\/?p=17159\"]}]},{\"@type\":\"ImageObject\",\"inLanguage\":\"en-US\",\"@id\":\"http:\\\/\\\/presscouncil-ks.org\\\/?p=17159#primaryimage\",\"url\":\"http:\\\/\\\/presscouncil-ks.org\\\/wp-content\\\/uploads\\\/2025\\\/09\\\/keshilli-shtator-2025.jpg\",\"contentUrl\":\"http:\\\/\\\/presscouncil-ks.org\\\/wp-content\\\/uploads\\\/2025\\\/09\\\/keshilli-shtator-2025.jpg\",\"width\":1600,\"height\":1200},{\"@type\":\"BreadcrumbList\",\"@id\":\"http:\\\/\\\/presscouncil-ks.org\\\/?p=17159#breadcrumb\",\"itemListElement\":[{\"@type\":\"ListItem\",\"position\":1,\"name\":\"Home\",\"item\":\"https:\\\/\\\/presscouncil-ks.org\\\/\"},{\"@type\":\"ListItem\",\"position\":2,\"name\":\"Prezantohet Udh\u00ebzuesi p\u00ebr Raportimin Etik p\u00ebr Zgjedhjet\"}]},{\"@type\":\"WebSite\",\"@id\":\"http:\\\/\\\/presscouncil-ks.org\\\/#website\",\"url\":\"http:\\\/\\\/presscouncil-ks.org\\\/\",\"name\":\"https:\\\/\\\/presscouncil-ks.org\\\/\",\"description\":\"\",\"publisher\":{\"@id\":\"http:\\\/\\\/presscouncil-ks.org\\\/#organization\"},\"potentialAction\":[{\"@type\":\"SearchAction\",\"target\":{\"@type\":\"EntryPoint\",\"urlTemplate\":\"http:\\\/\\\/presscouncil-ks.org\\\/?s={search_term_string}\"},\"query-input\":{\"@type\":\"PropertyValueSpecification\",\"valueRequired\":true,\"valueName\":\"search_term_string\"}}],\"inLanguage\":\"en-US\"},{\"@type\":\"Organization\",\"@id\":\"http:\\\/\\\/presscouncil-ks.org\\\/#organization\",\"name\":\"K\u00ebshilli i Mediave t\u00eb Shkruara t\u00eb Kosov\u00ebs\",\"url\":\"http:\\\/\\\/presscouncil-ks.org\\\/\",\"logo\":{\"@type\":\"ImageObject\",\"inLanguage\":\"en-US\",\"@id\":\"http:\\\/\\\/presscouncil-ks.org\\\/#\\\/schema\\\/logo\\\/image\\\/\",\"url\":\"http:\\\/\\\/presscouncil-ks.org\\\/wp-content\\\/uploads\\\/2023\\\/06\\\/cropped-logo.png\",\"contentUrl\":\"http:\\\/\\\/presscouncil-ks.org\\\/wp-content\\\/uploads\\\/2023\\\/06\\\/cropped-logo.png\",\"width\":268,\"height\":166,\"caption\":\"K\u00ebshilli i Mediave t\u00eb Shkruara t\u00eb Kosov\u00ebs\"},\"image\":{\"@id\":\"http:\\\/\\\/presscouncil-ks.org\\\/#\\\/schema\\\/logo\\\/image\\\/\"},\"sameAs\":[\"https:\\\/\\\/www.facebook.com\\\/KMSHKosove\"]},{\"@type\":\"Person\",\"@id\":\"http:\\\/\\\/presscouncil-ks.org\\\/#\\\/schema\\\/person\\\/b79d30c61264caeb733239c16cc4d673\",\"name\":\"Editor\",\"image\":{\"@type\":\"ImageObject\",\"inLanguage\":\"en-US\",\"@id\":\"https:\\\/\\\/secure.gravatar.com\\\/avatar\\\/9534865f39e7b3527010ee17196a76d054b16d731a6a5bfe2f92a071c6e9bf4e?s=96&d=mm&r=g\",\"url\":\"https:\\\/\\\/secure.gravatar.com\\\/avatar\\\/9534865f39e7b3527010ee17196a76d054b16d731a6a5bfe2f92a071c6e9bf4e?s=96&d=mm&r=g\",\"contentUrl\":\"https:\\\/\\\/secure.gravatar.com\\\/avatar\\\/9534865f39e7b3527010ee17196a76d054b16d731a6a5bfe2f92a071c6e9bf4e?s=96&d=mm&r=g\",\"caption\":\"Editor\"},\"url\":\"http:\\\/\\\/presscouncil-ks.org\\\/?author=2\"}]}<\/script>\n<!-- \/ Yoast SEO plugin. -->","yoast_head_json":{"title":"Prezantohet Udh\u00ebzuesi p\u00ebr Raportimin Etik p\u00ebr Zgjedhjet - K\u00ebshilli i Mediave t\u00eb Shkruara t\u00eb Kosov\u00ebs | P\u00ebr nj\u00eb gazetari etike dhe profesionale","robots":{"index":"index","follow":"follow","max-snippet":"max-snippet:-1","max-image-preview":"max-image-preview:large","max-video-preview":"max-video-preview:-1"},"canonical":"http:\/\/presscouncil-ks.org\/?p=17159","og_locale":"en_US","og_type":"article","og_title":"Prezantohet Udh\u00ebzuesi p\u00ebr Raportimin Etik p\u00ebr Zgjedhjet - K\u00ebshilli i Mediave t\u00eb Shkruara t\u00eb Kosov\u00ebs | P\u00ebr nj\u00eb gazetari etike dhe profesionale","og_description":"K\u00ebshilli i Mediave t\u00eb Shkruara t\u00eb Kosov\u00ebs (KMShK) prezantoi t\u00eb mart\u00ebn para kryeredaktor\u00ebve dhe redaktor\u00ebve t\u00eb mediave online Udh\u00ebzuesin p\u00ebr Raportimin Etik p\u00ebr Zgjedhjet. &nbsp; Ky udh\u00ebzues, i bazuar n\u00eb Kodin e Mediave t\u00eb Shkruara, trajton \u00e7\u00ebshtje t\u00eb raportimit etik dhe sfidave t\u00eb raportimit medial gjat\u00eb fushatave zgjedhore dhe \u00ebsht\u00eb publikuar dhe promovuar n\u00eb koh\u00ebn [&hellip;]","og_url":"http:\/\/presscouncil-ks.org\/?p=17159","og_site_name":"K\u00ebshilli i Mediave t\u00eb Shkruara t\u00eb Kosov\u00ebs | P\u00ebr nj\u00eb gazetari etike dhe profesionale","article_publisher":"https:\/\/www.facebook.com\/KMSHKosove","article_published_time":"2025-09-30T19:32:34+00:00","article_modified_time":"2025-09-30T19:40:58+00:00","og_image":[{"width":1600,"height":1200,"url":"http:\/\/presscouncil-ks.org\/wp-content\/uploads\/2025\/09\/keshilli-shtator-2025.jpg","type":"image\/jpeg"}],"author":"Editor","twitter_card":"summary_large_image","twitter_misc":{"Written by":"Editor","Est. reading time":"1 minute"},"schema":{"@context":"https:\/\/schema.org","@graph":[{"@type":"Article","@id":"http:\/\/presscouncil-ks.org\/?p=17159#article","isPartOf":{"@id":"http:\/\/presscouncil-ks.org\/?p=17159"},"author":{"name":"Editor","@id":"http:\/\/presscouncil-ks.org\/#\/schema\/person\/b79d30c61264caeb733239c16cc4d673"},"headline":"Prezantohet Udh\u00ebzuesi p\u00ebr Raportimin Etik p\u00ebr Zgjedhjet","datePublished":"2025-09-30T19:32:34+00:00","dateModified":"2025-09-30T19:40:58+00:00","mainEntityOfPage":{"@id":"http:\/\/presscouncil-ks.org\/?p=17159"},"wordCount":112,"commentCount":0,"publisher":{"@id":"http:\/\/presscouncil-ks.org\/#organization"},"image":{"@id":"http:\/\/presscouncil-ks.org\/?p=17159#primaryimage"},"thumbnailUrl":"http:\/\/presscouncil-ks.org\/wp-content\/uploads\/2025\/09\/keshilli-shtator-2025.jpg","articleSection":["Lajm"],"inLanguage":"en-US","potentialAction":[{"@type":"CommentAction","name":"Comment","target":["http:\/\/presscouncil-ks.org\/?p=17159#respond"]}]},{"@type":"WebPage","@id":"http:\/\/presscouncil-ks.org\/?p=17159","url":"http:\/\/presscouncil-ks.org\/?p=17159","name":"Prezantohet Udh\u00ebzuesi p\u00ebr Raportimin Etik p\u00ebr Zgjedhjet - K\u00ebshilli i Mediave t\u00eb Shkruara t\u00eb Kosov\u00ebs | P\u00ebr nj\u00eb gazetari etike dhe profesionale","isPartOf":{"@id":"http:\/\/presscouncil-ks.org\/#website"},"primaryImageOfPage":{"@id":"http:\/\/presscouncil-ks.org\/?p=17159#primaryimage"},"image":{"@id":"http:\/\/presscouncil-ks.org\/?p=17159#primaryimage"},"thumbnailUrl":"http:\/\/presscouncil-ks.org\/wp-content\/uploads\/2025\/09\/keshilli-shtator-2025.jpg","datePublished":"2025-09-30T19:32:34+00:00","dateModified":"2025-09-30T19:40:58+00:00","breadcrumb":{"@id":"http:\/\/presscouncil-ks.org\/?p=17159#breadcrumb"},"inLanguage":"en-US","potentialAction":[{"@type":"ReadAction","target":["http:\/\/presscouncil-ks.org\/?p=17159"]}]},{"@type":"ImageObject","inLanguage":"en-US","@id":"http:\/\/presscouncil-ks.org\/?p=17159#primaryimage","url":"http:\/\/presscouncil-ks.org\/wp-content\/uploads\/2025\/09\/keshilli-shtator-2025.jpg","contentUrl":"http:\/\/presscouncil-ks.org\/wp-content\/uploads\/2025\/09\/keshilli-shtator-2025.jpg","width":1600,"height":1200},{"@type":"BreadcrumbList","@id":"http:\/\/presscouncil-ks.org\/?p=17159#breadcrumb","itemListElement":[{"@type":"ListItem","position":1,"name":"Home","item":"https:\/\/presscouncil-ks.org\/"},{"@type":"ListItem","position":2,"name":"Prezantohet Udh\u00ebzuesi p\u00ebr Raportimin Etik p\u00ebr Zgjedhjet"}]},{"@type":"WebSite","@id":"http:\/\/presscouncil-ks.org\/#website","url":"http:\/\/presscouncil-ks.org\/","name":"https:\/\/presscouncil-ks.org\/","description":"","publisher":{"@id":"http:\/\/presscouncil-ks.org\/#organization"},"potentialAction":[{"@type":"SearchAction","target":{"@type":"EntryPoint","urlTemplate":"http:\/\/presscouncil-ks.org\/?s={search_term_string}"},"query-input":{"@type":"PropertyValueSpecification","valueRequired":true,"valueName":"search_term_string"}}],"inLanguage":"en-US"},{"@type":"Organization","@id":"http:\/\/presscouncil-ks.org\/#organization","name":"K\u00ebshilli i Mediave t\u00eb Shkruara t\u00eb Kosov\u00ebs","url":"http:\/\/presscouncil-ks.org\/","logo":{"@type":"ImageObject","inLanguage":"en-US","@id":"http:\/\/presscouncil-ks.org\/#\/schema\/logo\/image\/","url":"http:\/\/presscouncil-ks.org\/wp-content\/uploads\/2023\/06\/cropped-logo.png","contentUrl":"http:\/\/presscouncil-ks.org\/wp-content\/uploads\/2023\/06\/cropped-logo.png","width":268,"height":166,"caption":"K\u00ebshilli i Mediave t\u00eb Shkruara t\u00eb Kosov\u00ebs"},"image":{"@id":"http:\/\/presscouncil-ks.org\/#\/schema\/logo\/image\/"},"sameAs":["https:\/\/www.facebook.com\/KMSHKosove"]},{"@type":"Person","@id":"http:\/\/presscouncil-ks.org\/#\/schema\/person\/b79d30c61264caeb733239c16cc4d673","name":"Editor","image":{"@type":"ImageObject","inLanguage":"en-US","@id":"https:\/\/secure.gravatar.com\/avatar\/9534865f39e7b3527010ee17196a76d054b16d731a6a5bfe2f92a071c6e9bf4e?s=96&d=mm&r=g","url":"https:\/\/secure.gravatar.com\/avatar\/9534865f39e7b3527010ee17196a76d054b16d731a6a5bfe2f92a071c6e9bf4e?s=96&d=mm&r=g","contentUrl":"https:\/\/secure.gravatar.com\/avatar\/9534865f39e7b3527010ee17196a76d054b16d731a6a5bfe2f92a071c6e9bf4e?s=96&d=mm&r=g","caption":"Editor"},"url":"http:\/\/presscouncil-ks.org\/?author=2"}]}},"_links":{"self":[{"href":"http:\/\/presscouncil-ks.org\/index.php?rest_route=\/wp\/v2\/posts\/17159","targetHints":{"allow":["GET"]}}],"collection":[{"href":"http:\/\/presscouncil-ks.org\/index.php?rest_route=\/wp\/v2\/posts"}],"about":[{"href":"http:\/\/presscouncil-ks.org\/index.php?rest_route=\/wp\/v2\/types\/post"}],"author":[{"embeddable":true,"href":"http:\/\/presscouncil-ks.org\/index.php?rest_route=\/wp\/v2\/users\/2"}],"replies":[{"embeddable":true,"href":"http:\/\/presscouncil-ks.org\/index.php?rest_route=%2Fwp%2Fv2%2Fcomments&post=17159"}],"version-history":[{"count":5,"href":"http:\/\/presscouncil-ks.org\/index.php?rest_route=\/wp\/v2\/posts\/17159\/revisions"}],"predecessor-version":[{"id":17166,"href":"http:\/\/presscouncil-ks.org\/index.php?rest_route=\/wp\/v2\/posts\/17159\/revisions\/17166"}],"wp:featuredmedia":[{"embeddable":true,"href":"http:\/\/presscouncil-ks.org\/index.php?rest_route=\/wp\/v2\/media\/17161"}],"wp:attachment":[{"href":"http:\/\/presscouncil-ks.org\/index.php?rest_route=%2Fwp%2Fv2%2Fmedia&parent=17159"}],"wp:term":[{"taxonomy":"category","embeddable":true,"href":"http:\/\/presscouncil-ks.org\/index.php?rest_route=%2Fwp%2Fv2%2Fcategories&post=17159"},{"taxonomy":"post_tag","embeddable":true,"href":"http:\/\/presscouncil-ks.org\/index.php?rest_route=%2Fwp%2Fv2%2Ftags&post=17159"}],"curies":[{"name":"wp","href":"https:\/\/api.w.org\/{rel}","templated":true}]}}