{"id":17101,"date":"2025-09-09T14:17:17","date_gmt":"2025-09-09T14:17:17","guid":{"rendered":"https:\/\/presscouncil-ks.org\/?p=17101"},"modified":"2025-09-09T14:21:21","modified_gmt":"2025-09-09T14:21:21","slug":"odrzana-radionica-etika-u-medijima-tokom-izbornih-kampanja","status":"publish","type":"post","link":"http:\/\/presscouncil-ks.org\/?p=17101&lang=sr","title":{"rendered":"Odr\u017eana radionica \u201dEtika u medijima tokom izbornih kampanja\u201c"},"content":{"rendered":"<p>Po\u0161tujuc\u0301i eti\u010dki kodeks, mediji doprinose borbi protiv dezinformacija i la\u017enih vesti. Ovo je re\u010deno na radionici \u201dBorba protiv la\u017enih vesti i dezinformacija: Etika u medijima tokom izbornih kampanja\u201c, koju su organizovali Savet \u0160tampe Kosova (S\u0160K) i Misija OEBS-a na Kosovu.<\/p>\n<p>&nbsp;<\/p>\n<p>Predstavnici S\u0160K-a, Nezavisne Komisije za Medije (NKM), Asociacije Novinara Kosova (ANK) i drugi medijski stru\u010dnjaci razgovarali su u utorak o ulozi medija u borbi protiv dezinformacija tokom izbornih kampanja, ali i o prakti\u010dnim i pravnim pristupima, kao \u0161to su metode provere \u010dinjenica, eti\u010dke odgovornosti na dru\u0161tvenim mre\u017eama i pravni mehanizmi za re\u0161avanje problema la\u017enih vesti i propagande tokom izbornih kampanja.<\/p>\n<p>&nbsp;<\/p>\n<p>Paskal Rusi, direktorka Odeljenja za Demokratizaciju u Misiji OEBS-a na Kosovu, naglasila je va\u017enost saradnje u re\u0161avanju problema dezinformacija. \u201dSvakog dana se suo\u010davamo ili se suo\u010davamo sa la\u017enim vestima, dezinformacijama i propagandom. Naravno, u napetoj atmosferi predstojec\u0301e izborne kampanje, ovo je ne\u0161to \u010dime se svi moramo zajedno pozabaviti\u201c, rekla je ona.<\/p>\n<p>&nbsp;<\/p>\n<p>Brikenda Red\u017eepi, predsednica Saveta \u0160tampe Kosova, govorila je o odgovornostima medija za fer i eti\u010dko izve\u0161tavanje. Tako\u0111e je govorila o te\u0161koc\u0301ama sa kojima se mediji suo\u010davaju u eti\u010dkom izve\u0161tavanju, suo\u010deni sa dru\u0161tvenim mre\u017eama i drugim onlajn sajtovima, koji nisu mediji.<\/p>\n<p>&nbsp;<\/p>\n<p>D\u017eemajl Red\u017ea, predsednik Asociacije Novinara Kosova, govorio je o izazovima sa kojima se novinari suo\u010davaju prilikom izve\u0161tavanja o izbornim kampanjama. Pozvao je medije i novinare da ne postanu stranke u izborima i da se novinarima obezbedi jednak pristup izve\u0161tavanju sa strana\u010dkih skupova. \u201dVeoma je va\u017eno da novinari budu na terenu i sami vide i izve\u0161tavaju \u0161ta se de\u0161ava, \u0161ta politi\u010dari obec\u0301avaju i u\u010de\u0161c\u0301e gra\u0111ana na izbornim skupovima\u201c, naglasio je.<\/p>\n<p>&nbsp;<\/p>\n<p>Predsednik Nezavisne Komisije za Medije, Besnik Beri\u0161a, rekao je da novinari moraju biti lojalni svojoj profesiji i da njihovi glasovi ne smeju biti manipulisani. Naglasio je da uloga NKM-a nije samo regulatorna, vec\u0301 i edukativna i podr\u017eavajuc\u0301a za medije koji se pridr\u017eavaju profesionalne etike.<\/p>\n<p>&nbsp;<\/p>\n<p>Darko Dimitrijevic\u0301, direktor Radija\u00a0Gora\u017edevac, govorio je o izazovima lokalnih medija u izve\u0161tavanju o izborima, nagla\u0161avajuc\u0301i nesigurne uslove u kojima ovi mediji posluju.<\/p>\n<p>&nbsp;<\/p>\n<p>Kre\u0161nik Ga\u0161i, glavni urednik Kallxo.com, govorio je o riziku od dezinformacija iz inostranstva. Prema njegovim re\u010dima, institucije su najvec\u0301i proizvo\u0111a\u010di dezinformacija.<\/p>\n<p>&nbsp;<\/p>\n<p>Betim Musliju, zamenik izvr\u0161nog direktora Kosovskog Pravnog Instituta, govorio je o pravnom okviru i odgovornostima medija tokom izve\u0161tavanja, kao i o izazovima sa kojima se suo\u010davaju u onlajn prostoru.<\/p>\n<p>&nbsp;<\/p>\n<p>Imer Mu\u0161kolaj, izvr\u0161ni direktor Saveta \u0160tampe Kosova, predstavio je vodi\u010d za eti\u010dko izve\u0161tavanje o izborima, koji je izradio Savet&#8230; uz podr\u0161ku Evropske Unije.<\/p>\n<p>&nbsp;<\/p>\n","protected":false},"excerpt":{"rendered":"<p>Po\u0161tujuc\u0301i eti\u010dki kodeks, mediji doprinose borbi protiv dezinformacija i la\u017enih vesti. Ovo je re\u010deno na radionici \u201dBorba protiv la\u017enih vesti i dezinformacija: Etika u medijima tokom izbornih kampanja\u201c, koju su organizovali Savet \u0160tampe Kosova (S\u0160K) i Misija OEBS-a na Kosovu. &nbsp; Predstavnici S\u0160K-a, Nezavisne Komisije za Medije (NKM), Asociacije Novinara Kosova (ANK) i drugi medijski [&hellip;]<\/p>\n","protected":false},"author":2,"featured_media":17099,"comment_status":"open","ping_status":"open","sticky":false,"template":"","format":"standard","meta":{"footnotes":""},"categories":[135],"tags":[151,153,149,155],"class_list":["post-17101","post","type-post","status-publish","format-standard","has-post-thumbnail","hentry","category-vesti","tag-etikamediale","tag-gazetaria","tag-media","tag-zgjedhjet"],"acf":[],"yoast_head":"<!-- This site is optimized with the Yoast SEO plugin v28.3 - https:\/\/yoast.com\/product\/yoast-seo-wordpress\/ -->\n<title>Odr\u017eana radionica \u201dEtika u medijima tokom izbornih kampanja\u201c - K\u00ebshilli i Mediave t\u00eb Shkruara t\u00eb Kosov\u00ebs | P\u00ebr nj\u00eb gazetari etike dhe profesionale<\/title>\n<meta name=\"robots\" content=\"index, follow, max-snippet:-1, max-image-preview:large, max-video-preview:-1\" \/>\n<link rel=\"canonical\" href=\"http:\/\/presscouncil-ks.org\/?p=17101&lang=sr\" \/>\n<meta property=\"og:locale\" content=\"en_US\" \/>\n<meta property=\"og:type\" content=\"article\" \/>\n<meta property=\"og:title\" content=\"Odr\u017eana radionica \u201dEtika u medijima tokom izbornih kampanja\u201c - K\u00ebshilli i Mediave t\u00eb Shkruara t\u00eb Kosov\u00ebs | P\u00ebr nj\u00eb gazetari etike dhe profesionale\" \/>\n<meta property=\"og:description\" content=\"Po\u0161tujuc\u0301i eti\u010dki kodeks, mediji doprinose borbi protiv dezinformacija i la\u017enih vesti. Ovo je re\u010deno na radionici \u201dBorba protiv la\u017enih vesti i dezinformacija: Etika u medijima tokom izbornih kampanja\u201c, koju su organizovali Savet \u0160tampe Kosova (S\u0160K) i Misija OEBS-a na Kosovu. &nbsp; Predstavnici S\u0160K-a, Nezavisne Komisije za Medije (NKM), Asociacije Novinara Kosova (ANK) i drugi medijski [&hellip;]\" \/>\n<meta property=\"og:url\" content=\"http:\/\/presscouncil-ks.org\/?p=17101&amp;lang=sr\" \/>\n<meta property=\"og:site_name\" content=\"K\u00ebshilli i Mediave t\u00eb Shkruara t\u00eb Kosov\u00ebs | P\u00ebr nj\u00eb gazetari etike dhe profesionale\" \/>\n<meta property=\"article:publisher\" content=\"https:\/\/www.facebook.com\/KMSHKosove\" \/>\n<meta property=\"article:published_time\" content=\"2025-09-09T14:17:17+00:00\" \/>\n<meta property=\"article:modified_time\" content=\"2025-09-09T14:21:21+00:00\" \/>\n<meta property=\"og:image\" content=\"http:\/\/presscouncil-ks.org\/wp-content\/uploads\/2025\/09\/keshilli-dhe-zgjedhjet.jpg\" \/>\n\t<meta property=\"og:image:width\" content=\"2048\" \/>\n\t<meta property=\"og:image:height\" content=\"1536\" \/>\n\t<meta property=\"og:image:type\" content=\"image\/jpeg\" \/>\n<meta name=\"author\" content=\"Editor\" \/>\n<meta name=\"twitter:card\" content=\"summary_large_image\" \/>\n<meta name=\"twitter:label1\" content=\"Written by\" \/>\n\t<meta name=\"twitter:data1\" content=\"Editor\" \/>\n\t<meta name=\"twitter:label2\" content=\"Est. reading time\" \/>\n\t<meta name=\"twitter:data2\" content=\"2 minutes\" \/>\n<script type=\"application\/ld+json\" class=\"yoast-schema-graph\">{\"@context\":\"https:\\\/\\\/schema.org\",\"@graph\":[{\"@type\":\"Article\",\"@id\":\"http:\\\/\\\/presscouncil-ks.org\\\/?p=17101&lang=sr#article\",\"isPartOf\":{\"@id\":\"http:\\\/\\\/presscouncil-ks.org\\\/?p=17101&lang=sr\"},\"author\":{\"name\":\"Editor\",\"@id\":\"http:\\\/\\\/presscouncil-ks.org\\\/#\\\/schema\\\/person\\\/b79d30c61264caeb733239c16cc4d673\"},\"headline\":\"Odr\u017eana radionica \u201dEtika u medijima tokom izbornih kampanja\u201c\",\"datePublished\":\"2025-09-09T14:17:17+00:00\",\"dateModified\":\"2025-09-09T14:21:21+00:00\",\"mainEntityOfPage\":{\"@id\":\"http:\\\/\\\/presscouncil-ks.org\\\/?p=17101&lang=sr\"},\"wordCount\":491,\"commentCount\":0,\"publisher\":{\"@id\":\"http:\\\/\\\/presscouncil-ks.org\\\/#organization\"},\"image\":{\"@id\":\"http:\\\/\\\/presscouncil-ks.org\\\/?p=17101&lang=sr#primaryimage\"},\"thumbnailUrl\":\"http:\\\/\\\/presscouncil-ks.org\\\/wp-content\\\/uploads\\\/2025\\\/09\\\/keshilli-dhe-zgjedhjet.jpg\",\"keywords\":[\"etikamediale\",\"gazetaria\",\"media\",\"zgjedhjet\"],\"articleSection\":[\"Vesti\"],\"inLanguage\":\"en-US\",\"potentialAction\":[{\"@type\":\"CommentAction\",\"name\":\"Comment\",\"target\":[\"http:\\\/\\\/presscouncil-ks.org\\\/?p=17101&lang=sr#respond\"]}]},{\"@type\":\"WebPage\",\"@id\":\"http:\\\/\\\/presscouncil-ks.org\\\/?p=17101&lang=sr\",\"url\":\"http:\\\/\\\/presscouncil-ks.org\\\/?p=17101&lang=sr\",\"name\":\"Odr\u017eana radionica \u201dEtika u medijima tokom izbornih kampanja\u201c - K\u00ebshilli i Mediave t\u00eb Shkruara t\u00eb Kosov\u00ebs | P\u00ebr nj\u00eb gazetari etike dhe profesionale\",\"isPartOf\":{\"@id\":\"http:\\\/\\\/presscouncil-ks.org\\\/#website\"},\"primaryImageOfPage\":{\"@id\":\"http:\\\/\\\/presscouncil-ks.org\\\/?p=17101&lang=sr#primaryimage\"},\"image\":{\"@id\":\"http:\\\/\\\/presscouncil-ks.org\\\/?p=17101&lang=sr#primaryimage\"},\"thumbnailUrl\":\"http:\\\/\\\/presscouncil-ks.org\\\/wp-content\\\/uploads\\\/2025\\\/09\\\/keshilli-dhe-zgjedhjet.jpg\",\"datePublished\":\"2025-09-09T14:17:17+00:00\",\"dateModified\":\"2025-09-09T14:21:21+00:00\",\"breadcrumb\":{\"@id\":\"http:\\\/\\\/presscouncil-ks.org\\\/?p=17101&lang=sr#breadcrumb\"},\"inLanguage\":\"en-US\",\"potentialAction\":[{\"@type\":\"ReadAction\",\"target\":[\"http:\\\/\\\/presscouncil-ks.org\\\/?p=17101&lang=sr\"]}]},{\"@type\":\"ImageObject\",\"inLanguage\":\"en-US\",\"@id\":\"http:\\\/\\\/presscouncil-ks.org\\\/?p=17101&lang=sr#primaryimage\",\"url\":\"http:\\\/\\\/presscouncil-ks.org\\\/wp-content\\\/uploads\\\/2025\\\/09\\\/keshilli-dhe-zgjedhjet.jpg\",\"contentUrl\":\"http:\\\/\\\/presscouncil-ks.org\\\/wp-content\\\/uploads\\\/2025\\\/09\\\/keshilli-dhe-zgjedhjet.jpg\",\"width\":2048,\"height\":1536},{\"@type\":\"BreadcrumbList\",\"@id\":\"http:\\\/\\\/presscouncil-ks.org\\\/?p=17101&lang=sr#breadcrumb\",\"itemListElement\":[{\"@type\":\"ListItem\",\"position\":1,\"name\":\"Home\",\"item\":\"https:\\\/\\\/presscouncil-ks.org\\\/\"},{\"@type\":\"ListItem\",\"position\":2,\"name\":\"Odr\u017eana radionica \u201dEtika u medijima tokom izbornih kampanja\u201c\"}]},{\"@type\":\"WebSite\",\"@id\":\"http:\\\/\\\/presscouncil-ks.org\\\/#website\",\"url\":\"http:\\\/\\\/presscouncil-ks.org\\\/\",\"name\":\"https:\\\/\\\/presscouncil-ks.org\\\/\",\"description\":\"\",\"publisher\":{\"@id\":\"http:\\\/\\\/presscouncil-ks.org\\\/#organization\"},\"potentialAction\":[{\"@type\":\"SearchAction\",\"target\":{\"@type\":\"EntryPoint\",\"urlTemplate\":\"http:\\\/\\\/presscouncil-ks.org\\\/?s={search_term_string}\"},\"query-input\":{\"@type\":\"PropertyValueSpecification\",\"valueRequired\":true,\"valueName\":\"search_term_string\"}}],\"inLanguage\":\"en-US\"},{\"@type\":\"Organization\",\"@id\":\"http:\\\/\\\/presscouncil-ks.org\\\/#organization\",\"name\":\"K\u00ebshilli i Mediave t\u00eb Shkruara t\u00eb Kosov\u00ebs\",\"url\":\"http:\\\/\\\/presscouncil-ks.org\\\/\",\"logo\":{\"@type\":\"ImageObject\",\"inLanguage\":\"en-US\",\"@id\":\"http:\\\/\\\/presscouncil-ks.org\\\/#\\\/schema\\\/logo\\\/image\\\/\",\"url\":\"http:\\\/\\\/presscouncil-ks.org\\\/wp-content\\\/uploads\\\/2023\\\/06\\\/cropped-logo.png\",\"contentUrl\":\"http:\\\/\\\/presscouncil-ks.org\\\/wp-content\\\/uploads\\\/2023\\\/06\\\/cropped-logo.png\",\"width\":268,\"height\":166,\"caption\":\"K\u00ebshilli i Mediave t\u00eb Shkruara t\u00eb Kosov\u00ebs\"},\"image\":{\"@id\":\"http:\\\/\\\/presscouncil-ks.org\\\/#\\\/schema\\\/logo\\\/image\\\/\"},\"sameAs\":[\"https:\\\/\\\/www.facebook.com\\\/KMSHKosove\"]},{\"@type\":\"Person\",\"@id\":\"http:\\\/\\\/presscouncil-ks.org\\\/#\\\/schema\\\/person\\\/b79d30c61264caeb733239c16cc4d673\",\"name\":\"Editor\",\"image\":{\"@type\":\"ImageObject\",\"inLanguage\":\"en-US\",\"@id\":\"https:\\\/\\\/secure.gravatar.com\\\/avatar\\\/9534865f39e7b3527010ee17196a76d054b16d731a6a5bfe2f92a071c6e9bf4e?s=96&d=mm&r=g\",\"url\":\"https:\\\/\\\/secure.gravatar.com\\\/avatar\\\/9534865f39e7b3527010ee17196a76d054b16d731a6a5bfe2f92a071c6e9bf4e?s=96&d=mm&r=g\",\"contentUrl\":\"https:\\\/\\\/secure.gravatar.com\\\/avatar\\\/9534865f39e7b3527010ee17196a76d054b16d731a6a5bfe2f92a071c6e9bf4e?s=96&d=mm&r=g\",\"caption\":\"Editor\"},\"url\":\"http:\\\/\\\/presscouncil-ks.org\\\/?author=2\"}]}<\/script>\n<!-- \/ Yoast SEO plugin. -->","yoast_head_json":{"title":"Odr\u017eana radionica \u201dEtika u medijima tokom izbornih kampanja\u201c - K\u00ebshilli i Mediave t\u00eb Shkruara t\u00eb Kosov\u00ebs | P\u00ebr nj\u00eb gazetari etike dhe profesionale","robots":{"index":"index","follow":"follow","max-snippet":"max-snippet:-1","max-image-preview":"max-image-preview:large","max-video-preview":"max-video-preview:-1"},"canonical":"http:\/\/presscouncil-ks.org\/?p=17101&lang=sr","og_locale":"en_US","og_type":"article","og_title":"Odr\u017eana radionica \u201dEtika u medijima tokom izbornih kampanja\u201c - K\u00ebshilli i Mediave t\u00eb Shkruara t\u00eb Kosov\u00ebs | P\u00ebr nj\u00eb gazetari etike dhe profesionale","og_description":"Po\u0161tujuc\u0301i eti\u010dki kodeks, mediji doprinose borbi protiv dezinformacija i la\u017enih vesti. Ovo je re\u010deno na radionici \u201dBorba protiv la\u017enih vesti i dezinformacija: Etika u medijima tokom izbornih kampanja\u201c, koju su organizovali Savet \u0160tampe Kosova (S\u0160K) i Misija OEBS-a na Kosovu. &nbsp; Predstavnici S\u0160K-a, Nezavisne Komisije za Medije (NKM), Asociacije Novinara Kosova (ANK) i drugi medijski [&hellip;]","og_url":"http:\/\/presscouncil-ks.org\/?p=17101&lang=sr","og_site_name":"K\u00ebshilli i Mediave t\u00eb Shkruara t\u00eb Kosov\u00ebs | P\u00ebr nj\u00eb gazetari etike dhe profesionale","article_publisher":"https:\/\/www.facebook.com\/KMSHKosove","article_published_time":"2025-09-09T14:17:17+00:00","article_modified_time":"2025-09-09T14:21:21+00:00","og_image":[{"width":2048,"height":1536,"url":"http:\/\/presscouncil-ks.org\/wp-content\/uploads\/2025\/09\/keshilli-dhe-zgjedhjet.jpg","type":"image\/jpeg"}],"author":"Editor","twitter_card":"summary_large_image","twitter_misc":{"Written by":"Editor","Est. reading time":"2 minutes"},"schema":{"@context":"https:\/\/schema.org","@graph":[{"@type":"Article","@id":"http:\/\/presscouncil-ks.org\/?p=17101&lang=sr#article","isPartOf":{"@id":"http:\/\/presscouncil-ks.org\/?p=17101&lang=sr"},"author":{"name":"Editor","@id":"http:\/\/presscouncil-ks.org\/#\/schema\/person\/b79d30c61264caeb733239c16cc4d673"},"headline":"Odr\u017eana radionica \u201dEtika u medijima tokom izbornih kampanja\u201c","datePublished":"2025-09-09T14:17:17+00:00","dateModified":"2025-09-09T14:21:21+00:00","mainEntityOfPage":{"@id":"http:\/\/presscouncil-ks.org\/?p=17101&lang=sr"},"wordCount":491,"commentCount":0,"publisher":{"@id":"http:\/\/presscouncil-ks.org\/#organization"},"image":{"@id":"http:\/\/presscouncil-ks.org\/?p=17101&lang=sr#primaryimage"},"thumbnailUrl":"http:\/\/presscouncil-ks.org\/wp-content\/uploads\/2025\/09\/keshilli-dhe-zgjedhjet.jpg","keywords":["etikamediale","gazetaria","media","zgjedhjet"],"articleSection":["Vesti"],"inLanguage":"en-US","potentialAction":[{"@type":"CommentAction","name":"Comment","target":["http:\/\/presscouncil-ks.org\/?p=17101&lang=sr#respond"]}]},{"@type":"WebPage","@id":"http:\/\/presscouncil-ks.org\/?p=17101&lang=sr","url":"http:\/\/presscouncil-ks.org\/?p=17101&lang=sr","name":"Odr\u017eana radionica \u201dEtika u medijima tokom izbornih kampanja\u201c - K\u00ebshilli i Mediave t\u00eb Shkruara t\u00eb Kosov\u00ebs | P\u00ebr nj\u00eb gazetari etike dhe profesionale","isPartOf":{"@id":"http:\/\/presscouncil-ks.org\/#website"},"primaryImageOfPage":{"@id":"http:\/\/presscouncil-ks.org\/?p=17101&lang=sr#primaryimage"},"image":{"@id":"http:\/\/presscouncil-ks.org\/?p=17101&lang=sr#primaryimage"},"thumbnailUrl":"http:\/\/presscouncil-ks.org\/wp-content\/uploads\/2025\/09\/keshilli-dhe-zgjedhjet.jpg","datePublished":"2025-09-09T14:17:17+00:00","dateModified":"2025-09-09T14:21:21+00:00","breadcrumb":{"@id":"http:\/\/presscouncil-ks.org\/?p=17101&lang=sr#breadcrumb"},"inLanguage":"en-US","potentialAction":[{"@type":"ReadAction","target":["http:\/\/presscouncil-ks.org\/?p=17101&lang=sr"]}]},{"@type":"ImageObject","inLanguage":"en-US","@id":"http:\/\/presscouncil-ks.org\/?p=17101&lang=sr#primaryimage","url":"http:\/\/presscouncil-ks.org\/wp-content\/uploads\/2025\/09\/keshilli-dhe-zgjedhjet.jpg","contentUrl":"http:\/\/presscouncil-ks.org\/wp-content\/uploads\/2025\/09\/keshilli-dhe-zgjedhjet.jpg","width":2048,"height":1536},{"@type":"BreadcrumbList","@id":"http:\/\/presscouncil-ks.org\/?p=17101&lang=sr#breadcrumb","itemListElement":[{"@type":"ListItem","position":1,"name":"Home","item":"https:\/\/presscouncil-ks.org\/"},{"@type":"ListItem","position":2,"name":"Odr\u017eana radionica \u201dEtika u medijima tokom izbornih kampanja\u201c"}]},{"@type":"WebSite","@id":"http:\/\/presscouncil-ks.org\/#website","url":"http:\/\/presscouncil-ks.org\/","name":"https:\/\/presscouncil-ks.org\/","description":"","publisher":{"@id":"http:\/\/presscouncil-ks.org\/#organization"},"potentialAction":[{"@type":"SearchAction","target":{"@type":"EntryPoint","urlTemplate":"http:\/\/presscouncil-ks.org\/?s={search_term_string}"},"query-input":{"@type":"PropertyValueSpecification","valueRequired":true,"valueName":"search_term_string"}}],"inLanguage":"en-US"},{"@type":"Organization","@id":"http:\/\/presscouncil-ks.org\/#organization","name":"K\u00ebshilli i Mediave t\u00eb Shkruara t\u00eb Kosov\u00ebs","url":"http:\/\/presscouncil-ks.org\/","logo":{"@type":"ImageObject","inLanguage":"en-US","@id":"http:\/\/presscouncil-ks.org\/#\/schema\/logo\/image\/","url":"http:\/\/presscouncil-ks.org\/wp-content\/uploads\/2023\/06\/cropped-logo.png","contentUrl":"http:\/\/presscouncil-ks.org\/wp-content\/uploads\/2023\/06\/cropped-logo.png","width":268,"height":166,"caption":"K\u00ebshilli i Mediave t\u00eb Shkruara t\u00eb Kosov\u00ebs"},"image":{"@id":"http:\/\/presscouncil-ks.org\/#\/schema\/logo\/image\/"},"sameAs":["https:\/\/www.facebook.com\/KMSHKosove"]},{"@type":"Person","@id":"http:\/\/presscouncil-ks.org\/#\/schema\/person\/b79d30c61264caeb733239c16cc4d673","name":"Editor","image":{"@type":"ImageObject","inLanguage":"en-US","@id":"https:\/\/secure.gravatar.com\/avatar\/9534865f39e7b3527010ee17196a76d054b16d731a6a5bfe2f92a071c6e9bf4e?s=96&d=mm&r=g","url":"https:\/\/secure.gravatar.com\/avatar\/9534865f39e7b3527010ee17196a76d054b16d731a6a5bfe2f92a071c6e9bf4e?s=96&d=mm&r=g","contentUrl":"https:\/\/secure.gravatar.com\/avatar\/9534865f39e7b3527010ee17196a76d054b16d731a6a5bfe2f92a071c6e9bf4e?s=96&d=mm&r=g","caption":"Editor"},"url":"http:\/\/presscouncil-ks.org\/?author=2"}]}},"_links":{"self":[{"href":"http:\/\/presscouncil-ks.org\/index.php?rest_route=\/wp\/v2\/posts\/17101","targetHints":{"allow":["GET"]}}],"collection":[{"href":"http:\/\/presscouncil-ks.org\/index.php?rest_route=\/wp\/v2\/posts"}],"about":[{"href":"http:\/\/presscouncil-ks.org\/index.php?rest_route=\/wp\/v2\/types\/post"}],"author":[{"embeddable":true,"href":"http:\/\/presscouncil-ks.org\/index.php?rest_route=\/wp\/v2\/users\/2"}],"replies":[{"embeddable":true,"href":"http:\/\/presscouncil-ks.org\/index.php?rest_route=%2Fwp%2Fv2%2Fcomments&post=17101"}],"version-history":[{"count":1,"href":"http:\/\/presscouncil-ks.org\/index.php?rest_route=\/wp\/v2\/posts\/17101\/revisions"}],"predecessor-version":[{"id":17102,"href":"http:\/\/presscouncil-ks.org\/index.php?rest_route=\/wp\/v2\/posts\/17101\/revisions\/17102"}],"wp:featuredmedia":[{"embeddable":true,"href":"http:\/\/presscouncil-ks.org\/index.php?rest_route=\/wp\/v2\/media\/17099"}],"wp:attachment":[{"href":"http:\/\/presscouncil-ks.org\/index.php?rest_route=%2Fwp%2Fv2%2Fmedia&parent=17101"}],"wp:term":[{"taxonomy":"category","embeddable":true,"href":"http:\/\/presscouncil-ks.org\/index.php?rest_route=%2Fwp%2Fv2%2Fcategories&post=17101"},{"taxonomy":"post_tag","embeddable":true,"href":"http:\/\/presscouncil-ks.org\/index.php?rest_route=%2Fwp%2Fv2%2Ftags&post=17101"}],"curies":[{"name":"wp","href":"https:\/\/api.w.org\/{rel}","templated":true}]}}