{"id":17098,"date":"2025-09-09T14:14:06","date_gmt":"2025-09-09T14:14:06","guid":{"rendered":"https:\/\/presscouncil-ks.org\/?p=17098"},"modified":"2025-09-09T14:14:06","modified_gmt":"2025-09-09T14:14:06","slug":"u-mbajt-punetoria-etika-ne-media-gjate-fushatave-zgjedhore","status":"publish","type":"post","link":"http:\/\/presscouncil-ks.org\/?p=17098","title":{"rendered":"U mbajt pun\u00ebtoria \u201cEtika n\u00eb media gjat\u00eb fushatave zgjedhore\u201d"},"content":{"rendered":"<p>Duke respektuar kodet e etik\u00ebs mediat kontribuojn\u00eb n\u00eb luftimin e dezinformimit dhe lajmeve t\u00eb rreme. K\u00ebshtu u tha n\u00eb pun\u00ebtorin\u00eb \u201cLuftimi i lajmeve t\u00eb rreme dhe dezinformimit: Etika n\u00eb media gjat\u00eb fushatave zgjedhore\u201d, organizuar nga K\u00ebshilli i Mediave t\u00eb Shkruara t\u00eb Kosov\u00ebs (KMShK) dhe Misioni i OSBE-s\u00eb n\u00eb Kosov\u00eb.<\/p>\n<p>&nbsp;<\/p>\n<p>P\u00ebrfaq\u00ebsues t\u00eb KMShK-s\u00eb, Komisionit t\u00eb Pavarur p\u00ebr Media (KPM), Asociacionit t\u00eb Gazetar\u00ebve t\u00eb Ksoov\u00ebs (AGK) dhe profesionist\u00eb t\u00eb tjer\u00eb t\u00eb mediave diskutuan t\u00eb mart\u00ebn p\u00ebr rolin e mediave n\u00eb luftimin e dezinformimit gjat\u00eb fushatave zgjedhore, por edhe p\u00ebr qasjet praktike dhe ligjore, si\u00e7 jan\u00eb metodat e verifikimit t\u00eb fakteve, p\u00ebrgjegj\u00ebsit\u00eb etike n\u00eb rrjetet sociale, si dhe mekanizmat ligjor\u00eb p\u00ebr adresimin e lajmeve t\u00eb rreme dhe propagand\u00ebs gjat\u00eb fushatave zgjedhore.<\/p>\n<p>&nbsp;<\/p>\n<p>Pascale Roussy, drejtoresh\u00eb e Departamentit t\u00eb Demokratizimit n\u00eb Misionin e OSBE-s\u00eb n\u00eb Kosov\u00eb, theksoi r\u00ebnd\u00ebsin\u00eb e bashk\u00ebpunimit p\u00ebr t\u00eb adresuar dezinformimin. \u201c\u00c7do dit\u00eb p\u00ebrballemi ose jemi t\u00eb p\u00ebrballur me lajme t\u00eb rreme, dezinformim dhe propagand\u00eb. Natyrisht, n\u00eb atmosfer\u00ebn e ngarkuar t\u00eb fushat\u00ebs zgjedhore q\u00eb po afron, kjo \u00ebsht\u00eb di\u00e7ka q\u00eb t\u00eb gjith\u00eb duhet ta adresojm\u00eb s\u00eb bashku\u201d, tha ajo.<\/p>\n<p>&nbsp;<\/p>\n<p>Brikenda Rexhepi, kryetare e KMShK-s\u00eb, foli p\u00ebr p\u00ebrgjegj\u00ebsit\u00eb e mediave p\u00ebr raportim t\u00eb drejt\u00eb dhe etik. Ajo, po ashtu, foli p\u00ebr v\u00ebshtir\u00ebsit\u00eb me t\u00eb cil\u00ebn p\u00ebrballen mediat p\u00ebr t\u00eb raportuar n\u00eb m\u00ebnyr\u00eb etike, p\u00ebrball\u00eb rrjeteve sociale dhe faqeve t\u00eb tjera online, t\u00eb cilat nuk jan\u00eb media.<\/p>\n<p>&nbsp;<\/p>\n<p>Nd\u00ebrkaq Xhemajl Rexha, kryetar i AGK-s\u00eb foli per sfidat e gazetar\u00ebve gjat\u00eb raportimit n\u00eb fushata zgjedhore. Ai b\u00ebri thirrje q\u00eb mediat dhe gazetar\u00ebt t\u00eb mos b\u00ebhen pal\u00eb n\u00eb zgjedhje. si dhe q\u00eb gazetar\u00ebve t\u2019u sigurohet qasje e barabarta\u00ebp\u00ebr p\u00ebr t\u00eb raportuar nga tubimet partiake. \u201c\u00cbsht\u00eb shum\u00eb e r\u00ebnd\u00ebsishme q\u00eb gazetar\u00ebt t\u00eb jen\u00eb n\u00eb terren dhe t\u00eb shohin dhe raportojn\u00eb vet\u00eb p\u00ebr at\u00eb q\u00eb ndodh, p\u00ebr ato \u00e7far\u00eb politikan\u00ebt premtojn\u00eb, p\u00ebr pjes\u00ebmarrjen e qytetar\u00ebve n\u00eb tubime zgjedhore\u201d, theksoi ai.<\/p>\n<p>&nbsp;<\/p>\n<p>Kryetari i KPM-s\u00eb, Besnik Berisha, tha se gazetar\u00ebt duhet t\u00eb jen\u00eb besnik\u00eb ndaj profesionit t\u00eb tyre dhe z\u00ebri i tyre t\u00eb mos manipulohet. Ai theksoi se roli i KPM-s\u00eb nuk \u00ebsht\u00eb vet\u00ebm rregullator, por edhe edukues dhe mb\u00ebshtet\u00ebs i mediave q\u00eb ndjekin etik\u00ebn profesionale.<\/p>\n<p>&nbsp;<\/p>\n<p>Nd\u00ebrkaq Darko Dimitrijeviq, drejtor i Radio Gorazhdevcit, foli p\u00ebr sfidat e mediave lokale p\u00eber t\u00eb raportuar n\u00eb zgjedhje, duke v\u00ebn\u00eb theksin n\u00eb kushtet e pavaforshme t\u00eb t\u00eb cilat k\u00ebto media funksionojn\u00eb.<\/p>\n<p>&nbsp;<\/p>\n<p>Kreshnik Gashi, redaktor menaxhues i Kallxo.com diskutoi p\u00ebr rrezikun e dezinformimit nga jasht\u00eb. Sipas tij, institucionet jan\u00eb prodhuesit m\u00eb t\u00eb m\u00ebdhenj t\u00eb dezinformatave.<\/p>\n<p>&nbsp;<\/p>\n<p>Kurse Betim Musliu, z\u00ebvend\u00ebsdrejtor ekzekutiv i Institutit t\u00eb Kosov\u00ebs p\u00ebr Drejt\u00ebsi, diskutoi p\u00ebr korniz\u00ebn ligjore dhe p\u00ebrgjegjsit\u00eb q\u00eb kan\u00eb mediat gjat\u00eb raportimit, por edhe p\u00ebr sfidat me t\u00eb cilat ato ballafaqohen n\u00eb hap\u00ebsir\u00ebn online.<\/p>\n<p>&nbsp;<\/p>\n<p>Imer Mushkolaj, drejtor ekzekutiv i KMShK-s\u00eb, prezantoi udh\u00ebzuesin p\u00ebr raportim etik n\u00eb zgjedhje, prodhuar nga KMShK me mb\u00ebshtetjen e Bashkimit Evropian.<\/p>\n","protected":false},"excerpt":{"rendered":"<p>Duke respektuar kodet e etik\u00ebs mediat kontribuojn\u00eb n\u00eb luftimin e dezinformimit dhe lajmeve t\u00eb rreme. K\u00ebshtu u tha n\u00eb pun\u00ebtorin\u00eb \u201cLuftimi i lajmeve t\u00eb rreme dhe dezinformimit: Etika n\u00eb media gjat\u00eb fushatave zgjedhore\u201d, organizuar nga K\u00ebshilli i Mediave t\u00eb Shkruara t\u00eb Kosov\u00ebs (KMShK) dhe Misioni i OSBE-s\u00eb n\u00eb Kosov\u00eb. &nbsp; P\u00ebrfaq\u00ebsues t\u00eb KMShK-s\u00eb, Komisionit t\u00eb [&hellip;]<\/p>\n","protected":false},"author":2,"featured_media":17099,"comment_status":"open","ping_status":"open","sticky":false,"template":"","format":"standard","meta":{"footnotes":""},"categories":[92],"tags":[],"class_list":["post-17098","post","type-post","status-publish","format-standard","has-post-thumbnail","hentry","category-news-sq"],"acf":{"video_title":"","video":false},"yoast_head":"<!-- This site is optimized with the Yoast SEO plugin v28.3 - https:\/\/yoast.com\/product\/yoast-seo-wordpress\/ -->\n<title>U mbajt pun\u00ebtoria \u201cEtika n\u00eb media gjat\u00eb fushatave zgjedhore\u201d - K\u00ebshilli i Mediave t\u00eb Shkruara t\u00eb Kosov\u00ebs | P\u00ebr nj\u00eb gazetari etike dhe profesionale<\/title>\n<meta name=\"robots\" content=\"index, follow, max-snippet:-1, max-image-preview:large, max-video-preview:-1\" \/>\n<link rel=\"canonical\" href=\"http:\/\/presscouncil-ks.org\/?p=17098\" \/>\n<meta property=\"og:locale\" content=\"en_US\" \/>\n<meta property=\"og:type\" content=\"article\" \/>\n<meta property=\"og:title\" content=\"U mbajt pun\u00ebtoria \u201cEtika n\u00eb media gjat\u00eb fushatave zgjedhore\u201d - K\u00ebshilli i Mediave t\u00eb Shkruara t\u00eb Kosov\u00ebs | P\u00ebr nj\u00eb gazetari etike dhe profesionale\" \/>\n<meta property=\"og:description\" content=\"Duke respektuar kodet e etik\u00ebs mediat kontribuojn\u00eb n\u00eb luftimin e dezinformimit dhe lajmeve t\u00eb rreme. K\u00ebshtu u tha n\u00eb pun\u00ebtorin\u00eb \u201cLuftimi i lajmeve t\u00eb rreme dhe dezinformimit: Etika n\u00eb media gjat\u00eb fushatave zgjedhore\u201d, organizuar nga K\u00ebshilli i Mediave t\u00eb Shkruara t\u00eb Kosov\u00ebs (KMShK) dhe Misioni i OSBE-s\u00eb n\u00eb Kosov\u00eb. &nbsp; P\u00ebrfaq\u00ebsues t\u00eb KMShK-s\u00eb, Komisionit t\u00eb [&hellip;]\" \/>\n<meta property=\"og:url\" content=\"http:\/\/presscouncil-ks.org\/?p=17098\" \/>\n<meta property=\"og:site_name\" content=\"K\u00ebshilli i Mediave t\u00eb Shkruara t\u00eb Kosov\u00ebs | P\u00ebr nj\u00eb gazetari etike dhe profesionale\" \/>\n<meta property=\"article:publisher\" content=\"https:\/\/www.facebook.com\/KMSHKosove\" \/>\n<meta property=\"article:published_time\" content=\"2025-09-09T14:14:06+00:00\" \/>\n<meta property=\"og:image\" content=\"http:\/\/presscouncil-ks.org\/wp-content\/uploads\/2025\/09\/keshilli-dhe-zgjedhjet.jpg\" \/>\n\t<meta property=\"og:image:width\" content=\"2048\" \/>\n\t<meta property=\"og:image:height\" content=\"1536\" \/>\n\t<meta property=\"og:image:type\" content=\"image\/jpeg\" \/>\n<meta name=\"author\" content=\"Editor\" \/>\n<meta name=\"twitter:card\" content=\"summary_large_image\" \/>\n<meta name=\"twitter:label1\" content=\"Written by\" \/>\n\t<meta name=\"twitter:data1\" content=\"Editor\" \/>\n\t<meta name=\"twitter:label2\" content=\"Est. reading time\" \/>\n\t<meta name=\"twitter:data2\" content=\"3 minutes\" \/>\n<script type=\"application\/ld+json\" class=\"yoast-schema-graph\">{\"@context\":\"https:\\\/\\\/schema.org\",\"@graph\":[{\"@type\":\"Article\",\"@id\":\"http:\\\/\\\/presscouncil-ks.org\\\/?p=17098#article\",\"isPartOf\":{\"@id\":\"http:\\\/\\\/presscouncil-ks.org\\\/?p=17098\"},\"author\":{\"name\":\"Editor\",\"@id\":\"http:\\\/\\\/presscouncil-ks.org\\\/#\\\/schema\\\/person\\\/b79d30c61264caeb733239c16cc4d673\"},\"headline\":\"U mbajt pun\u00ebtoria \u201cEtika n\u00eb media gjat\u00eb fushatave zgjedhore\u201d\",\"datePublished\":\"2025-09-09T14:14:06+00:00\",\"mainEntityOfPage\":{\"@id\":\"http:\\\/\\\/presscouncil-ks.org\\\/?p=17098\"},\"wordCount\":558,\"commentCount\":0,\"publisher\":{\"@id\":\"http:\\\/\\\/presscouncil-ks.org\\\/#organization\"},\"image\":{\"@id\":\"http:\\\/\\\/presscouncil-ks.org\\\/?p=17098#primaryimage\"},\"thumbnailUrl\":\"http:\\\/\\\/presscouncil-ks.org\\\/wp-content\\\/uploads\\\/2025\\\/09\\\/keshilli-dhe-zgjedhjet.jpg\",\"articleSection\":[\"Lajm\"],\"inLanguage\":\"en-US\",\"potentialAction\":[{\"@type\":\"CommentAction\",\"name\":\"Comment\",\"target\":[\"http:\\\/\\\/presscouncil-ks.org\\\/?p=17098#respond\"]}]},{\"@type\":\"WebPage\",\"@id\":\"http:\\\/\\\/presscouncil-ks.org\\\/?p=17098\",\"url\":\"http:\\\/\\\/presscouncil-ks.org\\\/?p=17098\",\"name\":\"U mbajt pun\u00ebtoria \u201cEtika n\u00eb media gjat\u00eb fushatave zgjedhore\u201d - K\u00ebshilli i Mediave t\u00eb Shkruara t\u00eb Kosov\u00ebs | P\u00ebr nj\u00eb gazetari etike dhe profesionale\",\"isPartOf\":{\"@id\":\"http:\\\/\\\/presscouncil-ks.org\\\/#website\"},\"primaryImageOfPage\":{\"@id\":\"http:\\\/\\\/presscouncil-ks.org\\\/?p=17098#primaryimage\"},\"image\":{\"@id\":\"http:\\\/\\\/presscouncil-ks.org\\\/?p=17098#primaryimage\"},\"thumbnailUrl\":\"http:\\\/\\\/presscouncil-ks.org\\\/wp-content\\\/uploads\\\/2025\\\/09\\\/keshilli-dhe-zgjedhjet.jpg\",\"datePublished\":\"2025-09-09T14:14:06+00:00\",\"breadcrumb\":{\"@id\":\"http:\\\/\\\/presscouncil-ks.org\\\/?p=17098#breadcrumb\"},\"inLanguage\":\"en-US\",\"potentialAction\":[{\"@type\":\"ReadAction\",\"target\":[\"http:\\\/\\\/presscouncil-ks.org\\\/?p=17098\"]}]},{\"@type\":\"ImageObject\",\"inLanguage\":\"en-US\",\"@id\":\"http:\\\/\\\/presscouncil-ks.org\\\/?p=17098#primaryimage\",\"url\":\"http:\\\/\\\/presscouncil-ks.org\\\/wp-content\\\/uploads\\\/2025\\\/09\\\/keshilli-dhe-zgjedhjet.jpg\",\"contentUrl\":\"http:\\\/\\\/presscouncil-ks.org\\\/wp-content\\\/uploads\\\/2025\\\/09\\\/keshilli-dhe-zgjedhjet.jpg\",\"width\":2048,\"height\":1536},{\"@type\":\"BreadcrumbList\",\"@id\":\"http:\\\/\\\/presscouncil-ks.org\\\/?p=17098#breadcrumb\",\"itemListElement\":[{\"@type\":\"ListItem\",\"position\":1,\"name\":\"Home\",\"item\":\"https:\\\/\\\/presscouncil-ks.org\\\/\"},{\"@type\":\"ListItem\",\"position\":2,\"name\":\"U mbajt pun\u00ebtoria \u201cEtika n\u00eb media gjat\u00eb fushatave zgjedhore\u201d\"}]},{\"@type\":\"WebSite\",\"@id\":\"http:\\\/\\\/presscouncil-ks.org\\\/#website\",\"url\":\"http:\\\/\\\/presscouncil-ks.org\\\/\",\"name\":\"https:\\\/\\\/presscouncil-ks.org\\\/\",\"description\":\"\",\"publisher\":{\"@id\":\"http:\\\/\\\/presscouncil-ks.org\\\/#organization\"},\"potentialAction\":[{\"@type\":\"SearchAction\",\"target\":{\"@type\":\"EntryPoint\",\"urlTemplate\":\"http:\\\/\\\/presscouncil-ks.org\\\/?s={search_term_string}\"},\"query-input\":{\"@type\":\"PropertyValueSpecification\",\"valueRequired\":true,\"valueName\":\"search_term_string\"}}],\"inLanguage\":\"en-US\"},{\"@type\":\"Organization\",\"@id\":\"http:\\\/\\\/presscouncil-ks.org\\\/#organization\",\"name\":\"K\u00ebshilli i Mediave t\u00eb Shkruara t\u00eb Kosov\u00ebs\",\"url\":\"http:\\\/\\\/presscouncil-ks.org\\\/\",\"logo\":{\"@type\":\"ImageObject\",\"inLanguage\":\"en-US\",\"@id\":\"http:\\\/\\\/presscouncil-ks.org\\\/#\\\/schema\\\/logo\\\/image\\\/\",\"url\":\"http:\\\/\\\/presscouncil-ks.org\\\/wp-content\\\/uploads\\\/2023\\\/06\\\/cropped-logo.png\",\"contentUrl\":\"http:\\\/\\\/presscouncil-ks.org\\\/wp-content\\\/uploads\\\/2023\\\/06\\\/cropped-logo.png\",\"width\":268,\"height\":166,\"caption\":\"K\u00ebshilli i Mediave t\u00eb Shkruara t\u00eb Kosov\u00ebs\"},\"image\":{\"@id\":\"http:\\\/\\\/presscouncil-ks.org\\\/#\\\/schema\\\/logo\\\/image\\\/\"},\"sameAs\":[\"https:\\\/\\\/www.facebook.com\\\/KMSHKosove\"]},{\"@type\":\"Person\",\"@id\":\"http:\\\/\\\/presscouncil-ks.org\\\/#\\\/schema\\\/person\\\/b79d30c61264caeb733239c16cc4d673\",\"name\":\"Editor\",\"image\":{\"@type\":\"ImageObject\",\"inLanguage\":\"en-US\",\"@id\":\"https:\\\/\\\/secure.gravatar.com\\\/avatar\\\/9534865f39e7b3527010ee17196a76d054b16d731a6a5bfe2f92a071c6e9bf4e?s=96&d=mm&r=g\",\"url\":\"https:\\\/\\\/secure.gravatar.com\\\/avatar\\\/9534865f39e7b3527010ee17196a76d054b16d731a6a5bfe2f92a071c6e9bf4e?s=96&d=mm&r=g\",\"contentUrl\":\"https:\\\/\\\/secure.gravatar.com\\\/avatar\\\/9534865f39e7b3527010ee17196a76d054b16d731a6a5bfe2f92a071c6e9bf4e?s=96&d=mm&r=g\",\"caption\":\"Editor\"},\"url\":\"http:\\\/\\\/presscouncil-ks.org\\\/?author=2\"}]}<\/script>\n<!-- \/ Yoast SEO plugin. -->","yoast_head_json":{"title":"U mbajt pun\u00ebtoria \u201cEtika n\u00eb media gjat\u00eb fushatave zgjedhore\u201d - K\u00ebshilli i Mediave t\u00eb Shkruara t\u00eb Kosov\u00ebs | P\u00ebr nj\u00eb gazetari etike dhe profesionale","robots":{"index":"index","follow":"follow","max-snippet":"max-snippet:-1","max-image-preview":"max-image-preview:large","max-video-preview":"max-video-preview:-1"},"canonical":"http:\/\/presscouncil-ks.org\/?p=17098","og_locale":"en_US","og_type":"article","og_title":"U mbajt pun\u00ebtoria \u201cEtika n\u00eb media gjat\u00eb fushatave zgjedhore\u201d - K\u00ebshilli i Mediave t\u00eb Shkruara t\u00eb Kosov\u00ebs | P\u00ebr nj\u00eb gazetari etike dhe profesionale","og_description":"Duke respektuar kodet e etik\u00ebs mediat kontribuojn\u00eb n\u00eb luftimin e dezinformimit dhe lajmeve t\u00eb rreme. K\u00ebshtu u tha n\u00eb pun\u00ebtorin\u00eb \u201cLuftimi i lajmeve t\u00eb rreme dhe dezinformimit: Etika n\u00eb media gjat\u00eb fushatave zgjedhore\u201d, organizuar nga K\u00ebshilli i Mediave t\u00eb Shkruara t\u00eb Kosov\u00ebs (KMShK) dhe Misioni i OSBE-s\u00eb n\u00eb Kosov\u00eb. &nbsp; P\u00ebrfaq\u00ebsues t\u00eb KMShK-s\u00eb, Komisionit t\u00eb [&hellip;]","og_url":"http:\/\/presscouncil-ks.org\/?p=17098","og_site_name":"K\u00ebshilli i Mediave t\u00eb Shkruara t\u00eb Kosov\u00ebs | P\u00ebr nj\u00eb gazetari etike dhe profesionale","article_publisher":"https:\/\/www.facebook.com\/KMSHKosove","article_published_time":"2025-09-09T14:14:06+00:00","og_image":[{"width":2048,"height":1536,"url":"http:\/\/presscouncil-ks.org\/wp-content\/uploads\/2025\/09\/keshilli-dhe-zgjedhjet.jpg","type":"image\/jpeg"}],"author":"Editor","twitter_card":"summary_large_image","twitter_misc":{"Written by":"Editor","Est. reading time":"3 minutes"},"schema":{"@context":"https:\/\/schema.org","@graph":[{"@type":"Article","@id":"http:\/\/presscouncil-ks.org\/?p=17098#article","isPartOf":{"@id":"http:\/\/presscouncil-ks.org\/?p=17098"},"author":{"name":"Editor","@id":"http:\/\/presscouncil-ks.org\/#\/schema\/person\/b79d30c61264caeb733239c16cc4d673"},"headline":"U mbajt pun\u00ebtoria \u201cEtika n\u00eb media gjat\u00eb fushatave zgjedhore\u201d","datePublished":"2025-09-09T14:14:06+00:00","mainEntityOfPage":{"@id":"http:\/\/presscouncil-ks.org\/?p=17098"},"wordCount":558,"commentCount":0,"publisher":{"@id":"http:\/\/presscouncil-ks.org\/#organization"},"image":{"@id":"http:\/\/presscouncil-ks.org\/?p=17098#primaryimage"},"thumbnailUrl":"http:\/\/presscouncil-ks.org\/wp-content\/uploads\/2025\/09\/keshilli-dhe-zgjedhjet.jpg","articleSection":["Lajm"],"inLanguage":"en-US","potentialAction":[{"@type":"CommentAction","name":"Comment","target":["http:\/\/presscouncil-ks.org\/?p=17098#respond"]}]},{"@type":"WebPage","@id":"http:\/\/presscouncil-ks.org\/?p=17098","url":"http:\/\/presscouncil-ks.org\/?p=17098","name":"U mbajt pun\u00ebtoria \u201cEtika n\u00eb media gjat\u00eb fushatave zgjedhore\u201d - K\u00ebshilli i Mediave t\u00eb Shkruara t\u00eb Kosov\u00ebs | P\u00ebr nj\u00eb gazetari etike dhe profesionale","isPartOf":{"@id":"http:\/\/presscouncil-ks.org\/#website"},"primaryImageOfPage":{"@id":"http:\/\/presscouncil-ks.org\/?p=17098#primaryimage"},"image":{"@id":"http:\/\/presscouncil-ks.org\/?p=17098#primaryimage"},"thumbnailUrl":"http:\/\/presscouncil-ks.org\/wp-content\/uploads\/2025\/09\/keshilli-dhe-zgjedhjet.jpg","datePublished":"2025-09-09T14:14:06+00:00","breadcrumb":{"@id":"http:\/\/presscouncil-ks.org\/?p=17098#breadcrumb"},"inLanguage":"en-US","potentialAction":[{"@type":"ReadAction","target":["http:\/\/presscouncil-ks.org\/?p=17098"]}]},{"@type":"ImageObject","inLanguage":"en-US","@id":"http:\/\/presscouncil-ks.org\/?p=17098#primaryimage","url":"http:\/\/presscouncil-ks.org\/wp-content\/uploads\/2025\/09\/keshilli-dhe-zgjedhjet.jpg","contentUrl":"http:\/\/presscouncil-ks.org\/wp-content\/uploads\/2025\/09\/keshilli-dhe-zgjedhjet.jpg","width":2048,"height":1536},{"@type":"BreadcrumbList","@id":"http:\/\/presscouncil-ks.org\/?p=17098#breadcrumb","itemListElement":[{"@type":"ListItem","position":1,"name":"Home","item":"https:\/\/presscouncil-ks.org\/"},{"@type":"ListItem","position":2,"name":"U mbajt pun\u00ebtoria \u201cEtika n\u00eb media gjat\u00eb fushatave zgjedhore\u201d"}]},{"@type":"WebSite","@id":"http:\/\/presscouncil-ks.org\/#website","url":"http:\/\/presscouncil-ks.org\/","name":"https:\/\/presscouncil-ks.org\/","description":"","publisher":{"@id":"http:\/\/presscouncil-ks.org\/#organization"},"potentialAction":[{"@type":"SearchAction","target":{"@type":"EntryPoint","urlTemplate":"http:\/\/presscouncil-ks.org\/?s={search_term_string}"},"query-input":{"@type":"PropertyValueSpecification","valueRequired":true,"valueName":"search_term_string"}}],"inLanguage":"en-US"},{"@type":"Organization","@id":"http:\/\/presscouncil-ks.org\/#organization","name":"K\u00ebshilli i Mediave t\u00eb Shkruara t\u00eb Kosov\u00ebs","url":"http:\/\/presscouncil-ks.org\/","logo":{"@type":"ImageObject","inLanguage":"en-US","@id":"http:\/\/presscouncil-ks.org\/#\/schema\/logo\/image\/","url":"http:\/\/presscouncil-ks.org\/wp-content\/uploads\/2023\/06\/cropped-logo.png","contentUrl":"http:\/\/presscouncil-ks.org\/wp-content\/uploads\/2023\/06\/cropped-logo.png","width":268,"height":166,"caption":"K\u00ebshilli i Mediave t\u00eb Shkruara t\u00eb Kosov\u00ebs"},"image":{"@id":"http:\/\/presscouncil-ks.org\/#\/schema\/logo\/image\/"},"sameAs":["https:\/\/www.facebook.com\/KMSHKosove"]},{"@type":"Person","@id":"http:\/\/presscouncil-ks.org\/#\/schema\/person\/b79d30c61264caeb733239c16cc4d673","name":"Editor","image":{"@type":"ImageObject","inLanguage":"en-US","@id":"https:\/\/secure.gravatar.com\/avatar\/9534865f39e7b3527010ee17196a76d054b16d731a6a5bfe2f92a071c6e9bf4e?s=96&d=mm&r=g","url":"https:\/\/secure.gravatar.com\/avatar\/9534865f39e7b3527010ee17196a76d054b16d731a6a5bfe2f92a071c6e9bf4e?s=96&d=mm&r=g","contentUrl":"https:\/\/secure.gravatar.com\/avatar\/9534865f39e7b3527010ee17196a76d054b16d731a6a5bfe2f92a071c6e9bf4e?s=96&d=mm&r=g","caption":"Editor"},"url":"http:\/\/presscouncil-ks.org\/?author=2"}]}},"_links":{"self":[{"href":"http:\/\/presscouncil-ks.org\/index.php?rest_route=\/wp\/v2\/posts\/17098","targetHints":{"allow":["GET"]}}],"collection":[{"href":"http:\/\/presscouncil-ks.org\/index.php?rest_route=\/wp\/v2\/posts"}],"about":[{"href":"http:\/\/presscouncil-ks.org\/index.php?rest_route=\/wp\/v2\/types\/post"}],"author":[{"embeddable":true,"href":"http:\/\/presscouncil-ks.org\/index.php?rest_route=\/wp\/v2\/users\/2"}],"replies":[{"embeddable":true,"href":"http:\/\/presscouncil-ks.org\/index.php?rest_route=%2Fwp%2Fv2%2Fcomments&post=17098"}],"version-history":[{"count":1,"href":"http:\/\/presscouncil-ks.org\/index.php?rest_route=\/wp\/v2\/posts\/17098\/revisions"}],"predecessor-version":[{"id":17100,"href":"http:\/\/presscouncil-ks.org\/index.php?rest_route=\/wp\/v2\/posts\/17098\/revisions\/17100"}],"wp:featuredmedia":[{"embeddable":true,"href":"http:\/\/presscouncil-ks.org\/index.php?rest_route=\/wp\/v2\/media\/17099"}],"wp:attachment":[{"href":"http:\/\/presscouncil-ks.org\/index.php?rest_route=%2Fwp%2Fv2%2Fmedia&parent=17098"}],"wp:term":[{"taxonomy":"category","embeddable":true,"href":"http:\/\/presscouncil-ks.org\/index.php?rest_route=%2Fwp%2Fv2%2Fcategories&post=17098"},{"taxonomy":"post_tag","embeddable":true,"href":"http:\/\/presscouncil-ks.org\/index.php?rest_route=%2Fwp%2Fv2%2Ftags&post=17098"}],"curies":[{"name":"wp","href":"https:\/\/api.w.org\/{rel}","templated":true}]}}