{"id":16970,"date":"2025-08-29T18:03:31","date_gmt":"2025-08-29T18:03:31","guid":{"rendered":"https:\/\/presscouncil-ks.org\/?p=16970"},"modified":"2025-08-29T19:04:40","modified_gmt":"2025-08-29T19:04:40","slug":"savet-stampe-doneo-odluku-o-27-zalbi","status":"publish","type":"post","link":"http:\/\/presscouncil-ks.org\/?p=16970&lang=sr","title":{"rendered":"Savet \u0160tampe doneo odluku o 27 \u017ealbi"},"content":{"rendered":"<p>Savet \u0160tampe Kosova (S\u0160K) u redovnom sastanku razmotrio je ukupno 27 \u017ealbi. Skup\u0161tina S\u0160K-a odlu\u010dila da osam od njih bude usvojene, tri da se usvoje delimi\u010dno, 13 da se ne usvoje, dok tri su progla\u0161ene neprihvatljive. \u017dalbe su se ticale navodnih kr\u0161enja odre\u0111enih poglavlja Kodeksa za \u0161tampane medije Kosova, kao \u0161to su Poglavlje II \u2013 Istinito izve\u0161tavanje, Poglavlje III &#8211; Podsticanje i govor mr\u017enje, Poglavlje IV \u2013 Pravo na odgovor, Poglavlje V &#8211; Lica ume\u0161ana u incidente, nesre\u0107e, lica uhap\u0161ena ili optu\u017eena za krivi\u010dna dela, Poglavlje VI &#8211; Izve\u0161tavanje o li\u010dnim tragedijama, za\u0161tita dece i maloletnika i Poglavlje VII \u2013 Privatnost i za\u0161tita izvora.<\/p>\n<p>S\u0160K odobrio je \u017ealbu Rigona Osmanija protiv <strong><a href=\"https:\/\/sinjali.com\/\" target=\"_blank\">Sinjali.com<\/a><\/strong> zbog \u010dlanka pod naslovom \u201dDroga ga je zadavila, rastrgao nas je sve &#8211; sin preti ocu za novac, zavr\u0161io u pritvoru od 48 sati\u201c, utvrdiv\u0161i da je prekr\u0161eno Poglavlje VII Kosovskog kodeksa za \u0161tampu, koje se bavi za\u0161titom privatnosti.<\/p>\n<p>S\u0160K je odobrio \u017ealbu \u0160keljzena Haljitija protiv <strong><a href=\"https:\/\/jepize.com\/?fbclid=IwY2xjawMesPBleHRuA2FlbQIxMABicmlkETFMQVN6eDVWUTVFdUpudThjAR7jnUu5GTMc7edke6msZ30QTxHWCnp9xa_wrcvbeEOyKqEco5CTi_uarS1hQg_aem_6tNuvGJDhrnkOVCMtp-p4w\" target=\"_blank\">Jepize.com<\/a><\/strong> zbog \u010dlanka pod nazivom \u201dSavetnik Fatona Pecija, koji mu je nezakonito platio preko 5 hiljada evra u gotovini na parkingu, za ve\u010deru \u2018Darka e lam\u00ebs\u2019, napada \u2018Jepi z\u00eb\u201c nazivajuc\u0301i ga \u2019pamfletom\u201c, utvrdiv\u0161i da su prekr\u0161ena poglavlja II i IV Kosovskog kodeksa za \u0161tampu, koja se bave izve\u0161tavanjem istine, odnosno pravom na odgovor.<\/p>\n<p>S\u0160K je odobrio \u017ealbu Rilinda Gervale protiv <strong><a href=\"https:\/\/nacionale.com\/politike\/sefte-ne-jete-rtk-pa-paga-gervalla-adrese-mllefi-e-urrejte-punetoret-qe-i-udheheq-vet\" target=\"_blank\">Nacionale.com<\/a><\/strong> zbog \u010dlanka pod nazivom \u201dPo prvi put RTK bez plata, Gervala se vrac\u0301a na adresu besa i mr\u017enje zaposlenih kojima sam rukovodi\u201c, utvrdiv\u0161i da je prekr\u0161eno Poglavlje II Kodeksa pisanih medija Kosova, koje se bavi izve\u0161tavanjem istine.<\/p>\n<p>S\u0160K je odobrio \u017ealbu Albana Bljakaja protiv <strong><a href=\"https:\/\/klankosova.tv\/drejtori-i-qkuk-se-eshte-abuzu-edhe-me-bartjen-e-kufomave-do-ti-drejtohemi-prokurorise-video\/\" target=\"_blank\">Klankosova.tv<\/a><\/strong> zbog \u010dlanka pod naslovom \u201dDirektor Univerzitetskog Klini\u010dkog Centra Kosova (UKCK): To je zloupotreba i sa transportom le\u0161eva, obratic\u0301emo se tu\u017eila\u0161tvu\u201c,zaklju\u010dujuc\u0301i da su prekr\u0161ena poglavlja II i IV Kodeksa \u0161tampe Kosova, koja se bave izve\u0161tavanjem istine, odnosno pravom na odgovor.<\/p>\n<p>S\u0160K odobrio je \u017ealbu Albana Bljakaja protiv <strong><a href=\"https:\/\/klankosova.tv\/kush-po-abuzon-me-pushtetin-ne-qkuk-ne-raport-me-autoambulancat-video221\/\">Klankosova.tv<\/a><\/strong> zbog \u010dlanka pod nazivom \u201dDva kola hitne pomoc\u0301i favorizuju UKCK, zbog \u0161ema posredovanja (Video)\u201c, utvrdiv\u0161i da su prekr\u0161ena poglavlja II, IV i V Kodeksa za \u0161tampu Kosova, koja se odnose na izve\u0161tavanje istine, odnosno pravo na odgovor, odnosno lica ume\u0161ana u krivi\u010dna dela.<\/p>\n<p>S\u0160K odobrio je \u017ealbu Albana Bljakaja protiv <strong>Klankosova.tv<\/strong> zbog \u010dlanka pod nazivom \u201dKola hitne pomoc\u0301i koja favorizuje UKCK pripadaju dr. Ga\u0161iju i pripravniku Bljakaju (Video)\u201c, utvrdiv\u0161i da su prekr\u0161ena poglavlja II i IV Kodeksa za \u0161tampu Kosova, koja se odnose na izve\u0161tavanje istine, odnosno pravo na odgovor.<\/p>\n<p>S\u0160K je odobrio \u017ealbu Albana Bljakaja protiv <strong><a href=\"https:\/\/klankosova.tv\/kush-po-abuzon-me-pushtetin-ne-qkuk-ne-raport-me-autoambulancat-video221\/\" target=\"_blank\">Klankosova.tv<\/a> <\/strong>zbog \u010dlanka pod nazivom \u201dKo zloupotrebljava vlast u UKCK u vezi sa kolima hitne pomoc\u0301i? (Video)\u201c, utvrdiv\u0161i da su prekr\u0161ena poglavlja II, IV i V Kodeksa za \u0161tampu Kosova, koja se odnose na izve\u0161tavanje o istini, odnosno pravo na odgovor, odnosno lica ume\u0161ana u krivi\u010dna dela.<\/p>\n<p>S\u0160K odobrio je \u017ealbu Zenela Selaja protiv <strong><a href=\"https:\/\/sinjali.com\/\" target=\"_blank\">Sinjali.com<\/a><\/strong> zbog objavljivanja fotografije na zvani\u010dnoj Fejsbuk stranici medija, utvrdiv\u0161i da je prekr\u0161eno Poglavlje VII Kodeksa za \u0161tampu Kosova, koje se bavi za\u0161titom privatnosti.<\/p>\n<p>S\u0160K delimi\u010dno je odobrila \u017ealbu Mirsada Dakaja protiv <strong><a href=\"https:\/\/kosova.info\/skandal-ne-kline-kryetari-zenun-elezi-jep-leje-per-ndertimin-e-xhamise-me-te-madhe-ne-kosove-ne-zone-arkeologjike-dhe-me-banore-kryesisht-katolike\/\" target=\"_blank\">Kosova.info<\/a><\/strong> zbog \u010dlanka pod nazivom \u201dSkandal u Klini: Gradona\u010delnik Zenun Elezi daje dozvolu za izgradnju najvec\u0301e d\u017eamije na Kosovu u arheolo\u0161kom podru\u010dju i sa prete\u017eno katoli\u010dkim stanovni\u0161tvom\u201c, utvrdiv\u0161i da su prekr\u0161ena poglavlja II i IV Kodeksa za \u0161tampu Kosova, koja se bave izve\u0161tavanjem istine, odnosno pravom na odgovor, ali ne i poglavlje III, koje se bavi podsticanjem i govorom mr\u017enje, kako tvrdi podnosilac \u017ealbe.<\/p>\n<p>S\u0160K je delimi\u010dno odobrila \u017ealbu kompanije Meditech D.O.O. zastupljena od advokatske kancelarija RPHS Law protiv <strong><a href=\"https:\/\/frontonline.net\/meditech-e-kap-shtetin-fitoi-153-tendere-75-milione-e-te-hyra-per-4-vjet\/\" target=\"_blank\">Frontonline.net<\/a><\/strong> zbog \u010dlanka pod nazivom \u201dMeditech\u2019 osvaja dr\u017eavu \/ Osvojeno 153 tendera, 75 miliona evra prihoda za 4 godine\u201c, utvrdiv\u0161i da je prekr\u0161eno Poglavlje IV Kodeksa za \u0161tampu Kosova, koje se bavi pravom na odgovor, ali ne i Poglavlje II, koje se bavi izve\u0161tavanjem o istini.<\/p>\n<p>S\u0160K delimi\u010dno je odobrio \u017ealbu Berata Ganic\u0301ija protiv <strong><a href=\"https:\/\/telegramisot.info\/skandali-i-vv-se-ne-peje-keshilltari-ganiqi-si-prokuror-me-bekimin-e-liburnit-monton-dosje-me-deshmitare-te-rreme-deshmohet-me-incizime\/\">Telegramisot<\/a><\/strong>.info zbog \u010dlanka pod nazivom \u201dSkandal sa VV u Pec\u0301i: Odbornik Ganic\u0301i kao &#8216;tu\u017eilac&#8217;, uz Liburnov blagoslov, sastavlja dosije sa la\u017enim svedocima \u2013 dokazano snimcima\u201c, utvrdiv\u0161i da je prekr\u0161eno Poglavlje IV Kodeksa za \u0161tampu Kosova, koje se bavi pravom na odgovor, ali ne i Poglavlje II, koje se bavi izve\u0161tavanjem o istini.<\/p>\n<p>S\u0160K nije odobrio (odbacio) \u017ealbu Meke D.O.O., koju zastupa advokat Sulejman Klinaku, protiv <strong><a href=\"https:\/\/veriu.info\/dosja-meka-31-faqe-dokumente-zyrtare-te-auv-per-skandalin-me-20-mije-kilograme-mish-pule-te-kontaminuar-me-bakteren-salmonella\/\" target=\"_blank\">Veriu.info<\/a><\/strong> zbog \u010dlanka pod nazivom \u201dSkandal: Preko 20 tona pilec\u0301eg mesa sa opasnom bakterijom salmonela otkriveno je u kompaniji Meka koja promovi\u0161e \u2018halal\u2019 proizvode (Video)\u201c, utvrdiv\u0161i da nije prekr\u0161eno Poglavlje II Kodeksa za \u0161tampu Kosova, koje se bavi izve\u0161tavanjem istine, kako tvrdi podnosilac \u017ealbe.<\/p>\n<p>S\u0160K nije odobrio (odbacio) \u017ealbu Piro Piraja protiv <strong><a href=\"https:\/\/veriu.info\/dosja-meka-31-faqe-dokumente-zyrtare-te-auv-per-skandalin-me-20-mije-kilograme-mish-pule-te-kontaminuar-me-bakteren-salmonella\/\" target=\"_blank\">Veriu.info<\/a><\/strong> zbog \u010dlanaka pod naslovima \u201dSkandal: Preko 20 tona pilec\u0301eg mesa sa opasnom bakterijom salmonela otkriveno je u kompaniji \u2018Meka\u2019 koja promovi\u0161e \u2019halal\u201c proizvode (Video)\u201c i \u2019Profesor Latifi nakon skandala \u2018Meke Food\u2019: Nakon \u0161to su vam otrovali um, sada truju va\u0161e telo i telo va\u0161e dece\u201c, protiv <strong><a href=\"https:\/\/gazetablic.com\/\" target=\"_blank\">Gazetablic.com<\/a><\/strong> zbog \u010dlanka pod naslovom \u201dPreko 20 tona pilec\u0301eg mesa sa opasnom bakterijom salmonela otkriveno je u kompaniji \u2019Meka\u2019 koja promovi\u0161e \u2018halal\u2019 proizvode\u201c i protiv <strong><a href=\"https:\/\/insajderi.org\/kompanise-meka-halal-food-i-kapen-20-tone-mish-te-bardhe-me-bakterin-e-rrezikshem-salmonella\/\" target=\"_blank\">Insajderi.org<\/a><\/strong> zbog \u010dlanka pod naslovom \u201d20 tona belog mesa sa opasnom bakterijom salmonela otkriveno je u kompaniji \u2019Meka Halal Food\u2019, utvrdiv\u0161i da nije prekr\u0161eno Poglavlje II Kodeksa pisanih medija Kosova, koje se bavi izve\u0161tavanjem istine, kako tvrdi podnosilac \u017ealbe.<\/p>\n<p>S\u0160K nije odobrio (odbacio) \u017ealbu Kristijana Kaba\u0161ija protiv <strong><a href=\"https:\/\/insajderi.org\/skandali-me-mbi-100-milione-franga-ne-zvicer-permendet-numarics-kompania-e-kristian-kabashit-ne-kosove\/\" target=\"_blank\">Insajderi.org<\/a><\/strong> i <strong><a href=\"https:\/\/reporteri.net\/lajme\/skandali-me-mbi-100-milione-franga-ne-zvicer-permendet-numarics-kompania-e-kristian-kabashit-ne-kosove\/\" target=\"_blank\">Reporteri.net<\/a><\/strong> zbog \u010dlanka pod nazivom \u201dSkandal sa preko 100 miliona franaka u \u0160vajcarskoj | Kompanija Kristijana Kaba\u0161ija \u201dNumariks\u201c pominje se na Kosovu\u201c, utvrdiv\u0161i da nije prekr\u0161eno Poglavlje II Kodeksa \u0161tampe Kosova, koje se bavi izve\u0161tavanjem istine, kako tvrdi podnosilac \u017ealbe.<\/p>\n<p>S\u0160K nije odobrio (odbacio) \u017ealbu Viole Azemi protiv <strong>I<a href=\"https:\/\/indeksonline.net\/sot-i-jepet-lamtumira-e-fundit-28-vjecarit-qe-humbi-jeten-ne-nje-vetaksident-ne-ferizaj\/\" target=\"_blank\">ndeksonline.net<\/a><\/strong> zbog \u010dlanka pod nazivom \u201dDanas se poslednji opro\u0161taj daje 28-godi\u0161njaku koji je izgubio \u017eivot u saobrac\u0301ajnoj nesrec\u0301i u Uro\u0161evacu\u201c, utvrdiv\u0161i da nije prekr\u0161eno Poglavlje VII Kodeksa \u0161tampe Kosova, koje se bavi za\u0161titom privatnosti, kako tvrdi podnosilac \u017ealbe.<\/p>\n<p>S\u0160K nije odobrio (odbacio) \u017ealbu Viole Azemi protiv <strong><a href=\"https:\/\/indeksonline.net\/varroset-sot-i-mituri-i-dyte-nga-vetaksidenti-ne-treboviq-te-pejes\/\" target=\"_blank\">Indeksonline.net<\/a><\/strong>, <strong><a href=\"https:\/\/www.arbresh.info\/lajmet\/sot-varroset-i-mituri-i-dyte-nga-vetaksidenti-ne-treboviq-te-pejes\/\" target=\"_blank\">Arbresh.info<\/a><\/strong> i <strong><a href=\"https:\/\/www.botasot.info\/lajme\/\" target=\"_blank\">Botasot.info<\/a><\/strong> zbog \u010dlanka pod nazivom \u201dDrugi maloletnik sahranjen danas u nesrec\u0301i koju je sama izazvala u Trebovic\u0301u, Pec\u0301\u201c, utvrdiv\u0161i da nije prekr\u0161eno Poglavlje VII Kodeksa za \u0161tampu Kosova, koje se bavi za\u0161titom privatnosti, kako tvrdi podnosilac \u017ealbe.<\/p>\n<p>S\u0160K nije odobrio (odbacio) \u017ealbu Univerziteta \u201dFehmi Agani\u201c u \u0110akovici protiv <strong><a href=\"https:\/\/insajderi.org\/universiteti-i-gjakoves-ne-krize-te-thelle-vetem-dy-programe-te-reja-ne-shqyrtim-akreditimi-doreheqje-te-njepasnjeshme-nga-menaxhmenti\/\" target=\"_blank\">Insajderi.org<\/a><\/strong> zbog \u010dlanka pod nazivom \u201dUniverzitet u \u0110akovici u dubokoj krizi &#8211; Samo dva nova programa pod preispitivanjem akreditacije, uzastopne ostavke iz rukovodstva\u201c, utvrdiv\u0161i da nije prekr\u0161eno Poglavlje II Kodeksa za \u0161tampu Kosova, koje se bavi izve\u0161tavanjem istine, kako tvrdi podnosilac \u017ealbe.<\/p>\n<p>S\u0160K nije odobrio (odbacio) \u017ealbu Berto D.O.O. protiv <strong><a href=\"https:\/\/insajderi.org\/korrupsioni-mundesoi-ngritjen-e-fabrikes-ciao-berto-tre-zyrtare-para-gjyqit-per-favore-ndaj-biznesmenit-blerim-krasniqi\/\" target=\"_blank\">Insajderi.org<\/a><\/strong> zbog \u010dlanka pod nazivom \u201dKorupcija je omoguc\u0301ila izgradnju fabrike &#8216;\u010cao Berto&#8217; &#8211; Tri zvani\u010dnika pred sudom zbog usluga prema biznismenu Bljerimu Krasnic\u0301iju\u201c, utvrdiv\u0161i da poglavlja II i IV Kosovskog kodeksa za \u0161tampu, koja se odnose na izve\u0161tavanje istine, odnosno pravo na odgovor, nisu prekr\u0161ena, kako tvrdi podnosilac \u017ealbe.<\/p>\n<p>S\u0160K nije odobrio (odbacio) \u017ealbu Berto D.O.O. protiv <strong><a href=\"https:\/\/veriu.info\/keta-jane-tre-vellezerit-krasniqi-pronare-te-ciao-berto-qe-ndertuan-pa-leje-fabriken-ne-millosheve-4-zyrtare-te-obiliqit-akuzohen-se-ua-mundesuan-kete-kunderligjshem\/\" target=\"_blank\">Veriu.info<\/a><\/strong> zbog \u010dlanka pod nazivom \u201dOvo su trojica brac\u0301e Krasnic\u0301i, vlasnici &#8216;\u010cao Berto&#8217; &#8211; izgradili su fabriku sa nezakonitom dozvolom &#8211; 4 zvani\u010dnika iz Obilic\u0301a sa optu\u017enicom za korupciju zbog njih\u201c, utvrdiv\u0161i da poglavlja II i IV Kosovskog kodeksa za \u0161tampu, koja se odnose na izve\u0161tavanje istine, odnosno pravo na odgovor, nisu prekr\u0161ena, kako tvrdi podnosilac \u017ealbe.<\/p>\n<p>S\u0160K nije odobrio (odbacio) \u017ealbu Berto D.O.O. protiv <strong><a href=\"https:\/\/jepize.com\/korrupsioni-mundesoi-ngritjen-e-fabrikes-ciao-berto-tre-zyrtare-para-gjyqit-per-favore-ndaj-biznesmenit-blerim-krasniqi\/\" target=\"_blank\">Jepize.com<\/a><\/strong> zbog \u010dlanka pod nazivom \u201dKorupcija omoguc\u0301ila izgradnju fabrike &#8216;\u010cao Berto&#8217; &#8211; Tri zvani\u010dnika pred sudom zbog usluga biznismenu Bljerimu Krasnic\u0301iju\u201c, utvrdiv\u0161i da poglavlja II i IV Kodeksa \u0161tampe Kosova, koja se bave izve\u0161tavanjem istine, odnosno pravom na odgovor, nisu prekr\u0161ena, kako tvrdi podnosilac \u017ealbe.<\/p>\n<p>S\u0160K nije odobrio (odbacio) \u017ealbu Zize Pajaziti, koju zastupa advokat \u0160keljzen Behrami, protiv <strong><a href=\"https:\/\/insajderi.org\/thellohet-skandali-pas-ziza-pajazitit-me-laert-haxhiun-vajza-te-showbizit-takime-speciale-ne-burgun-e-recit-me-grupin-bajri\/\" target=\"_blank\">Insajderi.org<\/a><\/strong> zbog \u010dlanka pod nazivom \u201dSkandal se produbljuje &#8211; Nakon Zize Pajazitija sa Laertom Had\u017eijuom, devojke iz \u0161oubiznisa odr\u017eavaju \u2018posebne\u2019 sastanke u zatvoru Re\u010d sa grupom Bajri\u201c, zaklju\u010div\u0161i da poglavlja II, III, IV i VII Kodeksa za \u0161tampu Kosova, koja se bave izve\u0161tavanjem istine, odnosno podsticanjem govora mr\u017enje, odnosno pravom na odgovor, odnosno za\u0161titom privatnosti nisu prekr\u0161ena, kako tvrdi podnosilac \u017ealbe.<\/p>\n<p>S\u0160K nije odobrio (odbacio) \u017ealbu Ardonisa Halimija protiv <strong><a href=\"https:\/\/lajmi.net\/dhuna-ndaj-te-mitures-ne-gjilan-nisin-hetimet\/\" target=\"_blank\">Lajmi.net<\/a><\/strong> zbog \u010dlanka pod nazivom \u201dNasilje nad maloletnicima u Gnjilanu, po\u010dinju istrage\u201c, zaklju\u010div\u0161i da Poglavlje VI Kodeksa za \u0161tampu Kosova, koje se bavi tretmanom li\u010dnih tragedija, za\u0161titom dece i maloletnika, nije prekr\u0161eno, kako tvrdi podnosilac \u017ealbe. S\u0160K nema nadle\u017enost da re\u0161ava \u017ealbu stranke protiv Fejsbuk stranice \u201d06 News\u201c.<br \/>\nS\u0160K nije odobrio (odbacio) \u017ealbu Suele Rabu\u0161aj protiv <strong><a href=\"https:\/\/sinjali.com\/ekskluzive-keta-jane-13-te-arrestuarit-ne-isniq-te-decanit-per-bixhoz-te-paligjshem\/\" target=\"_blank\">Sinjali.com<\/a><\/strong> zbog \u010dlanka pod nazivom \u201dEkskluzivno: Ovo je 13 uhap\u0161enih u Isnic\u0301u, De\u010dani, zbog ilegalnog kockanja\u201c, utvrdiv\u0161i da nije prekr\u0161eno Poglavlje V Kodeksa za \u0161tampu Kosova, koje se bavi pretpostavkom nevinosti, kako tvrdi podnosilac \u017ealbe.<\/p>\n<p>S\u0160K nije odobrio (odbacio) \u017ealbu Luise Rabu\u0161aj protiv <strong><a href=\"https:\/\/sinjali.com\/ekskluzive-keta-jane-13-te-arrestuarit-ne-isniq-te-decanit-per-bixhoz-te-paligjshem\/\">Sinjali.com<\/a><\/strong> zbog \u010dlanka pod nazivom \u201dEkskluzivno: Ovo je 13 uhap\u0161enih u Isnic\u0301u, De\u010dani, zbog ilegalnog kockanja\u201c, utvrdiv\u0161i da nije prekr\u0161eno Poglavlje V Kodeksa za \u0161tampu Kosova, koje se bavi pretpostavkom nevinosti, kako tvrdi podnosilac \u017ealbe.<\/p>\n<p>S\u0160K proglasio je \u017ealbu Leonore Ga\u0161i protiv <strong><a href=\"https:\/\/kallxo.com\/gjate\/fati-i-te-pagjeturve-birn-kosova-lanson-projektin-per-dokumentimin-e-rrefimeve-te-familjareve-te-personave-te-zhdukur\/\">Kallxo.com<\/a><\/strong> neprihvatljivom, utvrdiv\u0161i da stranka nije dostavila predmet na razmatranje. Stoga, S\u0160K nije u moguc\u0301nosti da razmatra navode o kr\u0161enju Poglavlja VII Kosovskog kodeksa za \u0161tampu, koje se bavi za\u0161titom privatnosti.<\/p>\n<p>S\u0160K proglasio je \u017ealbu Albine Ta\u0161oli protiv Edone Ga\u0161i, zbog nekoliko objava na dru\u0161tvenim mre\u017eama, neprihvatljivom, jer nema nadle\u017enost da re\u0161ava \u017ealbe gra\u0111ana protiv novinara ili pojedinaca, vec\u0301 samo protiv medija. Shodno tome, S\u0160K ne mo\u017ee da se bavi navodima podnosioca \u017ealbe o kr\u0161enju Poglavlja II i VII Kosovskog kodeksa za \u0161tampu, koja se bave izve\u0161tavanjem o istini, odnosno za\u0161titom privatnosti.<\/p>\n<p>S\u0160K je proglasio \u017ealbu Daniela Thomasa Loitza protiv Fitima \u010cekua neprihvatljivom, jer nema nadle\u017enost da re\u0161ava \u017ealbe gra\u0111ana protiv novinara ili pojedinaca, vec\u0301 samo protiv medija. Shodno tome, S\u0160K ne mo\u017ee da re\u0161ava tvrdnje podnosioca \u017ealbe o kr\u0161enju Poglavlja II Kosovskog kodeksa za \u0161tampu, koje se bavi izve\u0161tavanjem istine.<\/p>\n","protected":false},"excerpt":{"rendered":"<p>Savet \u0160tampe Kosova (S\u0160K) u redovnom sastanku razmotrio je ukupno 27 \u017ealbi. Skup\u0161tina S\u0160K-a odlu\u010dila da osam od njih bude usvojene, tri da se usvoje delimi\u010dno, 13 da se ne usvoje, dok tri su progla\u0161ene neprihvatljive. \u017dalbe su se ticale navodnih kr\u0161enja odre\u0111enih poglavlja Kodeksa za \u0161tampane medije Kosova, kao \u0161to su Poglavlje II \u2013 [&hellip;]<\/p>\n","protected":false},"author":2,"featured_media":16969,"comment_status":"open","ping_status":"open","sticky":false,"template":"","format":"standard","meta":{"footnotes":""},"categories":[135],"tags":[],"class_list":["post-16970","post","type-post","status-publish","format-standard","has-post-thumbnail","hentry","category-vesti"],"acf":[],"yoast_head":"<!-- This site is optimized with the Yoast SEO plugin v28.3 - https:\/\/yoast.com\/product\/yoast-seo-wordpress\/ -->\n<title>Savet \u0160tampe doneo odluku o 27 \u017ealbi - K\u00ebshilli i Mediave t\u00eb Shkruara t\u00eb Kosov\u00ebs | P\u00ebr nj\u00eb gazetari etike dhe profesionale<\/title>\n<meta name=\"robots\" content=\"index, follow, max-snippet:-1, max-image-preview:large, max-video-preview:-1\" \/>\n<link rel=\"canonical\" href=\"http:\/\/presscouncil-ks.org\/?p=16970&lang=sr\" \/>\n<meta property=\"og:locale\" content=\"en_US\" \/>\n<meta property=\"og:type\" content=\"article\" \/>\n<meta property=\"og:title\" content=\"Savet \u0160tampe doneo odluku o 27 \u017ealbi - K\u00ebshilli i Mediave t\u00eb Shkruara t\u00eb Kosov\u00ebs | P\u00ebr nj\u00eb gazetari etike dhe profesionale\" \/>\n<meta property=\"og:description\" content=\"Savet \u0160tampe Kosova (S\u0160K) u redovnom sastanku razmotrio je ukupno 27 \u017ealbi. Skup\u0161tina S\u0160K-a odlu\u010dila da osam od njih bude usvojene, tri da se usvoje delimi\u010dno, 13 da se ne usvoje, dok tri su progla\u0161ene neprihvatljive. \u017dalbe su se ticale navodnih kr\u0161enja odre\u0111enih poglavlja Kodeksa za \u0161tampane medije Kosova, kao \u0161to su Poglavlje II \u2013 [&hellip;]\" \/>\n<meta property=\"og:url\" content=\"http:\/\/presscouncil-ks.org\/?p=16970&amp;lang=sr\" \/>\n<meta property=\"og:site_name\" content=\"K\u00ebshilli i Mediave t\u00eb Shkruara t\u00eb Kosov\u00ebs | P\u00ebr nj\u00eb gazetari etike dhe profesionale\" \/>\n<meta property=\"article:publisher\" content=\"https:\/\/www.facebook.com\/KMSHKosove\" \/>\n<meta property=\"article:published_time\" content=\"2025-08-29T18:03:31+00:00\" \/>\n<meta property=\"article:modified_time\" content=\"2025-08-29T19:04:40+00:00\" \/>\n<meta property=\"og:image\" content=\"http:\/\/presscouncil-ks.org\/wp-content\/uploads\/2025\/08\/keshilli-vendimet-gusht-2025.jpg\" \/>\n\t<meta property=\"og:image:width\" content=\"2048\" \/>\n\t<meta property=\"og:image:height\" content=\"946\" \/>\n\t<meta property=\"og:image:type\" content=\"image\/jpeg\" \/>\n<meta name=\"author\" content=\"Editor\" \/>\n<meta name=\"twitter:card\" content=\"summary_large_image\" \/>\n<meta name=\"twitter:label1\" content=\"Written by\" \/>\n\t<meta name=\"twitter:data1\" content=\"Editor\" \/>\n\t<meta name=\"twitter:label2\" content=\"Est. reading time\" \/>\n\t<meta name=\"twitter:data2\" content=\"8 minutes\" \/>\n<script type=\"application\/ld+json\" class=\"yoast-schema-graph\">{\"@context\":\"https:\\\/\\\/schema.org\",\"@graph\":[{\"@type\":\"Article\",\"@id\":\"http:\\\/\\\/presscouncil-ks.org\\\/?p=16970&lang=sr#article\",\"isPartOf\":{\"@id\":\"http:\\\/\\\/presscouncil-ks.org\\\/?p=16970&lang=sr\"},\"author\":{\"name\":\"Editor\",\"@id\":\"http:\\\/\\\/presscouncil-ks.org\\\/#\\\/schema\\\/person\\\/b79d30c61264caeb733239c16cc4d673\"},\"headline\":\"Savet \u0160tampe doneo odluku o 27 \u017ealbi\",\"datePublished\":\"2025-08-29T18:03:31+00:00\",\"dateModified\":\"2025-08-29T19:04:40+00:00\",\"mainEntityOfPage\":{\"@id\":\"http:\\\/\\\/presscouncil-ks.org\\\/?p=16970&lang=sr\"},\"wordCount\":1844,\"commentCount\":0,\"publisher\":{\"@id\":\"http:\\\/\\\/presscouncil-ks.org\\\/#organization\"},\"image\":{\"@id\":\"http:\\\/\\\/presscouncil-ks.org\\\/?p=16970&lang=sr#primaryimage\"},\"thumbnailUrl\":\"http:\\\/\\\/presscouncil-ks.org\\\/wp-content\\\/uploads\\\/2025\\\/08\\\/keshilli-vendimet-gusht-2025.jpg\",\"articleSection\":[\"Vesti\"],\"inLanguage\":\"en-US\",\"potentialAction\":[{\"@type\":\"CommentAction\",\"name\":\"Comment\",\"target\":[\"http:\\\/\\\/presscouncil-ks.org\\\/?p=16970&lang=sr#respond\"]}]},{\"@type\":\"WebPage\",\"@id\":\"http:\\\/\\\/presscouncil-ks.org\\\/?p=16970&lang=sr\",\"url\":\"http:\\\/\\\/presscouncil-ks.org\\\/?p=16970&lang=sr\",\"name\":\"Savet \u0160tampe doneo odluku o 27 \u017ealbi - K\u00ebshilli i Mediave t\u00eb Shkruara t\u00eb Kosov\u00ebs | P\u00ebr nj\u00eb gazetari etike dhe profesionale\",\"isPartOf\":{\"@id\":\"http:\\\/\\\/presscouncil-ks.org\\\/#website\"},\"primaryImageOfPage\":{\"@id\":\"http:\\\/\\\/presscouncil-ks.org\\\/?p=16970&lang=sr#primaryimage\"},\"image\":{\"@id\":\"http:\\\/\\\/presscouncil-ks.org\\\/?p=16970&lang=sr#primaryimage\"},\"thumbnailUrl\":\"http:\\\/\\\/presscouncil-ks.org\\\/wp-content\\\/uploads\\\/2025\\\/08\\\/keshilli-vendimet-gusht-2025.jpg\",\"datePublished\":\"2025-08-29T18:03:31+00:00\",\"dateModified\":\"2025-08-29T19:04:40+00:00\",\"breadcrumb\":{\"@id\":\"http:\\\/\\\/presscouncil-ks.org\\\/?p=16970&lang=sr#breadcrumb\"},\"inLanguage\":\"en-US\",\"potentialAction\":[{\"@type\":\"ReadAction\",\"target\":[\"http:\\\/\\\/presscouncil-ks.org\\\/?p=16970&lang=sr\"]}]},{\"@type\":\"ImageObject\",\"inLanguage\":\"en-US\",\"@id\":\"http:\\\/\\\/presscouncil-ks.org\\\/?p=16970&lang=sr#primaryimage\",\"url\":\"http:\\\/\\\/presscouncil-ks.org\\\/wp-content\\\/uploads\\\/2025\\\/08\\\/keshilli-vendimet-gusht-2025.jpg\",\"contentUrl\":\"http:\\\/\\\/presscouncil-ks.org\\\/wp-content\\\/uploads\\\/2025\\\/08\\\/keshilli-vendimet-gusht-2025.jpg\",\"width\":2048,\"height\":946},{\"@type\":\"BreadcrumbList\",\"@id\":\"http:\\\/\\\/presscouncil-ks.org\\\/?p=16970&lang=sr#breadcrumb\",\"itemListElement\":[{\"@type\":\"ListItem\",\"position\":1,\"name\":\"Home\",\"item\":\"https:\\\/\\\/presscouncil-ks.org\\\/\"},{\"@type\":\"ListItem\",\"position\":2,\"name\":\"Savet \u0160tampe doneo odluku o 27 \u017ealbi\"}]},{\"@type\":\"WebSite\",\"@id\":\"http:\\\/\\\/presscouncil-ks.org\\\/#website\",\"url\":\"http:\\\/\\\/presscouncil-ks.org\\\/\",\"name\":\"https:\\\/\\\/presscouncil-ks.org\\\/\",\"description\":\"\",\"publisher\":{\"@id\":\"http:\\\/\\\/presscouncil-ks.org\\\/#organization\"},\"potentialAction\":[{\"@type\":\"SearchAction\",\"target\":{\"@type\":\"EntryPoint\",\"urlTemplate\":\"http:\\\/\\\/presscouncil-ks.org\\\/?s={search_term_string}\"},\"query-input\":{\"@type\":\"PropertyValueSpecification\",\"valueRequired\":true,\"valueName\":\"search_term_string\"}}],\"inLanguage\":\"en-US\"},{\"@type\":\"Organization\",\"@id\":\"http:\\\/\\\/presscouncil-ks.org\\\/#organization\",\"name\":\"K\u00ebshilli i Mediave t\u00eb Shkruara t\u00eb Kosov\u00ebs\",\"url\":\"http:\\\/\\\/presscouncil-ks.org\\\/\",\"logo\":{\"@type\":\"ImageObject\",\"inLanguage\":\"en-US\",\"@id\":\"http:\\\/\\\/presscouncil-ks.org\\\/#\\\/schema\\\/logo\\\/image\\\/\",\"url\":\"http:\\\/\\\/presscouncil-ks.org\\\/wp-content\\\/uploads\\\/2023\\\/06\\\/cropped-logo.png\",\"contentUrl\":\"http:\\\/\\\/presscouncil-ks.org\\\/wp-content\\\/uploads\\\/2023\\\/06\\\/cropped-logo.png\",\"width\":268,\"height\":166,\"caption\":\"K\u00ebshilli i Mediave t\u00eb Shkruara t\u00eb Kosov\u00ebs\"},\"image\":{\"@id\":\"http:\\\/\\\/presscouncil-ks.org\\\/#\\\/schema\\\/logo\\\/image\\\/\"},\"sameAs\":[\"https:\\\/\\\/www.facebook.com\\\/KMSHKosove\"]},{\"@type\":\"Person\",\"@id\":\"http:\\\/\\\/presscouncil-ks.org\\\/#\\\/schema\\\/person\\\/b79d30c61264caeb733239c16cc4d673\",\"name\":\"Editor\",\"image\":{\"@type\":\"ImageObject\",\"inLanguage\":\"en-US\",\"@id\":\"https:\\\/\\\/secure.gravatar.com\\\/avatar\\\/9534865f39e7b3527010ee17196a76d054b16d731a6a5bfe2f92a071c6e9bf4e?s=96&d=mm&r=g\",\"url\":\"https:\\\/\\\/secure.gravatar.com\\\/avatar\\\/9534865f39e7b3527010ee17196a76d054b16d731a6a5bfe2f92a071c6e9bf4e?s=96&d=mm&r=g\",\"contentUrl\":\"https:\\\/\\\/secure.gravatar.com\\\/avatar\\\/9534865f39e7b3527010ee17196a76d054b16d731a6a5bfe2f92a071c6e9bf4e?s=96&d=mm&r=g\",\"caption\":\"Editor\"},\"url\":\"http:\\\/\\\/presscouncil-ks.org\\\/?author=2\"}]}<\/script>\n<!-- \/ Yoast SEO plugin. -->","yoast_head_json":{"title":"Savet \u0160tampe doneo odluku o 27 \u017ealbi - K\u00ebshilli i Mediave t\u00eb Shkruara t\u00eb Kosov\u00ebs | P\u00ebr nj\u00eb gazetari etike dhe profesionale","robots":{"index":"index","follow":"follow","max-snippet":"max-snippet:-1","max-image-preview":"max-image-preview:large","max-video-preview":"max-video-preview:-1"},"canonical":"http:\/\/presscouncil-ks.org\/?p=16970&lang=sr","og_locale":"en_US","og_type":"article","og_title":"Savet \u0160tampe doneo odluku o 27 \u017ealbi - K\u00ebshilli i Mediave t\u00eb Shkruara t\u00eb Kosov\u00ebs | P\u00ebr nj\u00eb gazetari etike dhe profesionale","og_description":"Savet \u0160tampe Kosova (S\u0160K) u redovnom sastanku razmotrio je ukupno 27 \u017ealbi. Skup\u0161tina S\u0160K-a odlu\u010dila da osam od njih bude usvojene, tri da se usvoje delimi\u010dno, 13 da se ne usvoje, dok tri su progla\u0161ene neprihvatljive. \u017dalbe su se ticale navodnih kr\u0161enja odre\u0111enih poglavlja Kodeksa za \u0161tampane medije Kosova, kao \u0161to su Poglavlje II \u2013 [&hellip;]","og_url":"http:\/\/presscouncil-ks.org\/?p=16970&lang=sr","og_site_name":"K\u00ebshilli i Mediave t\u00eb Shkruara t\u00eb Kosov\u00ebs | P\u00ebr nj\u00eb gazetari etike dhe profesionale","article_publisher":"https:\/\/www.facebook.com\/KMSHKosove","article_published_time":"2025-08-29T18:03:31+00:00","article_modified_time":"2025-08-29T19:04:40+00:00","og_image":[{"width":2048,"height":946,"url":"http:\/\/presscouncil-ks.org\/wp-content\/uploads\/2025\/08\/keshilli-vendimet-gusht-2025.jpg","type":"image\/jpeg"}],"author":"Editor","twitter_card":"summary_large_image","twitter_misc":{"Written by":"Editor","Est. reading time":"8 minutes"},"schema":{"@context":"https:\/\/schema.org","@graph":[{"@type":"Article","@id":"http:\/\/presscouncil-ks.org\/?p=16970&lang=sr#article","isPartOf":{"@id":"http:\/\/presscouncil-ks.org\/?p=16970&lang=sr"},"author":{"name":"Editor","@id":"http:\/\/presscouncil-ks.org\/#\/schema\/person\/b79d30c61264caeb733239c16cc4d673"},"headline":"Savet \u0160tampe doneo odluku o 27 \u017ealbi","datePublished":"2025-08-29T18:03:31+00:00","dateModified":"2025-08-29T19:04:40+00:00","mainEntityOfPage":{"@id":"http:\/\/presscouncil-ks.org\/?p=16970&lang=sr"},"wordCount":1844,"commentCount":0,"publisher":{"@id":"http:\/\/presscouncil-ks.org\/#organization"},"image":{"@id":"http:\/\/presscouncil-ks.org\/?p=16970&lang=sr#primaryimage"},"thumbnailUrl":"http:\/\/presscouncil-ks.org\/wp-content\/uploads\/2025\/08\/keshilli-vendimet-gusht-2025.jpg","articleSection":["Vesti"],"inLanguage":"en-US","potentialAction":[{"@type":"CommentAction","name":"Comment","target":["http:\/\/presscouncil-ks.org\/?p=16970&lang=sr#respond"]}]},{"@type":"WebPage","@id":"http:\/\/presscouncil-ks.org\/?p=16970&lang=sr","url":"http:\/\/presscouncil-ks.org\/?p=16970&lang=sr","name":"Savet \u0160tampe doneo odluku o 27 \u017ealbi - K\u00ebshilli i Mediave t\u00eb Shkruara t\u00eb Kosov\u00ebs | P\u00ebr nj\u00eb gazetari etike dhe profesionale","isPartOf":{"@id":"http:\/\/presscouncil-ks.org\/#website"},"primaryImageOfPage":{"@id":"http:\/\/presscouncil-ks.org\/?p=16970&lang=sr#primaryimage"},"image":{"@id":"http:\/\/presscouncil-ks.org\/?p=16970&lang=sr#primaryimage"},"thumbnailUrl":"http:\/\/presscouncil-ks.org\/wp-content\/uploads\/2025\/08\/keshilli-vendimet-gusht-2025.jpg","datePublished":"2025-08-29T18:03:31+00:00","dateModified":"2025-08-29T19:04:40+00:00","breadcrumb":{"@id":"http:\/\/presscouncil-ks.org\/?p=16970&lang=sr#breadcrumb"},"inLanguage":"en-US","potentialAction":[{"@type":"ReadAction","target":["http:\/\/presscouncil-ks.org\/?p=16970&lang=sr"]}]},{"@type":"ImageObject","inLanguage":"en-US","@id":"http:\/\/presscouncil-ks.org\/?p=16970&lang=sr#primaryimage","url":"http:\/\/presscouncil-ks.org\/wp-content\/uploads\/2025\/08\/keshilli-vendimet-gusht-2025.jpg","contentUrl":"http:\/\/presscouncil-ks.org\/wp-content\/uploads\/2025\/08\/keshilli-vendimet-gusht-2025.jpg","width":2048,"height":946},{"@type":"BreadcrumbList","@id":"http:\/\/presscouncil-ks.org\/?p=16970&lang=sr#breadcrumb","itemListElement":[{"@type":"ListItem","position":1,"name":"Home","item":"https:\/\/presscouncil-ks.org\/"},{"@type":"ListItem","position":2,"name":"Savet \u0160tampe doneo odluku o 27 \u017ealbi"}]},{"@type":"WebSite","@id":"http:\/\/presscouncil-ks.org\/#website","url":"http:\/\/presscouncil-ks.org\/","name":"https:\/\/presscouncil-ks.org\/","description":"","publisher":{"@id":"http:\/\/presscouncil-ks.org\/#organization"},"potentialAction":[{"@type":"SearchAction","target":{"@type":"EntryPoint","urlTemplate":"http:\/\/presscouncil-ks.org\/?s={search_term_string}"},"query-input":{"@type":"PropertyValueSpecification","valueRequired":true,"valueName":"search_term_string"}}],"inLanguage":"en-US"},{"@type":"Organization","@id":"http:\/\/presscouncil-ks.org\/#organization","name":"K\u00ebshilli i Mediave t\u00eb Shkruara t\u00eb Kosov\u00ebs","url":"http:\/\/presscouncil-ks.org\/","logo":{"@type":"ImageObject","inLanguage":"en-US","@id":"http:\/\/presscouncil-ks.org\/#\/schema\/logo\/image\/","url":"http:\/\/presscouncil-ks.org\/wp-content\/uploads\/2023\/06\/cropped-logo.png","contentUrl":"http:\/\/presscouncil-ks.org\/wp-content\/uploads\/2023\/06\/cropped-logo.png","width":268,"height":166,"caption":"K\u00ebshilli i Mediave t\u00eb Shkruara t\u00eb Kosov\u00ebs"},"image":{"@id":"http:\/\/presscouncil-ks.org\/#\/schema\/logo\/image\/"},"sameAs":["https:\/\/www.facebook.com\/KMSHKosove"]},{"@type":"Person","@id":"http:\/\/presscouncil-ks.org\/#\/schema\/person\/b79d30c61264caeb733239c16cc4d673","name":"Editor","image":{"@type":"ImageObject","inLanguage":"en-US","@id":"https:\/\/secure.gravatar.com\/avatar\/9534865f39e7b3527010ee17196a76d054b16d731a6a5bfe2f92a071c6e9bf4e?s=96&d=mm&r=g","url":"https:\/\/secure.gravatar.com\/avatar\/9534865f39e7b3527010ee17196a76d054b16d731a6a5bfe2f92a071c6e9bf4e?s=96&d=mm&r=g","contentUrl":"https:\/\/secure.gravatar.com\/avatar\/9534865f39e7b3527010ee17196a76d054b16d731a6a5bfe2f92a071c6e9bf4e?s=96&d=mm&r=g","caption":"Editor"},"url":"http:\/\/presscouncil-ks.org\/?author=2"}]}},"_links":{"self":[{"href":"http:\/\/presscouncil-ks.org\/index.php?rest_route=\/wp\/v2\/posts\/16970","targetHints":{"allow":["GET"]}}],"collection":[{"href":"http:\/\/presscouncil-ks.org\/index.php?rest_route=\/wp\/v2\/posts"}],"about":[{"href":"http:\/\/presscouncil-ks.org\/index.php?rest_route=\/wp\/v2\/types\/post"}],"author":[{"embeddable":true,"href":"http:\/\/presscouncil-ks.org\/index.php?rest_route=\/wp\/v2\/users\/2"}],"replies":[{"embeddable":true,"href":"http:\/\/presscouncil-ks.org\/index.php?rest_route=%2Fwp%2Fv2%2Fcomments&post=16970"}],"version-history":[{"count":12,"href":"http:\/\/presscouncil-ks.org\/index.php?rest_route=\/wp\/v2\/posts\/16970\/revisions"}],"predecessor-version":[{"id":16982,"href":"http:\/\/presscouncil-ks.org\/index.php?rest_route=\/wp\/v2\/posts\/16970\/revisions\/16982"}],"wp:featuredmedia":[{"embeddable":true,"href":"http:\/\/presscouncil-ks.org\/index.php?rest_route=\/wp\/v2\/media\/16969"}],"wp:attachment":[{"href":"http:\/\/presscouncil-ks.org\/index.php?rest_route=%2Fwp%2Fv2%2Fmedia&parent=16970"}],"wp:term":[{"taxonomy":"category","embeddable":true,"href":"http:\/\/presscouncil-ks.org\/index.php?rest_route=%2Fwp%2Fv2%2Fcategories&post=16970"},{"taxonomy":"post_tag","embeddable":true,"href":"http:\/\/presscouncil-ks.org\/index.php?rest_route=%2Fwp%2Fv2%2Ftags&post=16970"}],"curies":[{"name":"wp","href":"https:\/\/api.w.org\/{rel}","templated":true}]}}