{"id":16942,"date":"2025-08-29T16:12:27","date_gmt":"2025-08-29T16:12:27","guid":{"rendered":"https:\/\/presscouncil-ks.org\/?p=16942"},"modified":"2025-08-29T19:59:18","modified_gmt":"2025-08-29T19:59:18","slug":"kuvendi-i-kmshk-se-mori-vendim-per-27-ankesa","status":"publish","type":"post","link":"http:\/\/presscouncil-ks.org\/?p=16942","title":{"rendered":"Kuvendi i KMShK-s\u00eb mori vendim p\u00ebr 27 ankesa"},"content":{"rendered":"<p>K\u00ebshilli i Mediave t\u00eb Shkruara t\u00eb Kosov\u00ebs (KMShK) n\u00eb mbledhjen e rregullt ka shqyrtuar gjithsej 27 ankesa. An\u00ebtar\u00ebt e Kuvendit t\u00eb KMShK-s\u00eb kan\u00eb vendosur q\u00eb t\u00eb miratohen tet\u00eb nga to, tri t\u00eb miratohen pjes\u00ebrisht, 13 t\u00eb refuzohen dhe tri t\u00eb shpallen t\u00eb pajtrajtueshme.<\/p>\n<p>&nbsp;<\/p>\n<p>Ankesat kishin t\u00eb b\u00ebnin me pretendimet p\u00ebr shkeljen e kapitujve t\u00eb caktuar t\u00eb Kodit t\u00eb Mediave t\u00eb Shkruara t\u00eb Kosov\u00ebs, p\u00ebrkat\u00ebsisht Kapitullit II &#8211; Raportimi i s\u00eb v\u00ebrtet\u00ebs, Kapitullit III \u2013 Nxitja dhe gjuha e urrejtjes, Kapitullit IV \u2013 E drejta p\u00ebr t\u2019u p\u00ebrgjigjur, Kapitullit V &#8211; Personat e p\u00ebrfshir\u00eb n\u00eb incidente, aksidente, t\u00eb arrestuar apo t\u00eb akuzuar p\u00ebr vepra penale, Kapitullit VI &#8211; Trajtimi i tragjedive personale, mbrojtja e f\u00ebmij\u00ebve dhe t\u00eb miturve dhe Kapitullit VII &#8211; Privat\u00ebsia dhe mbrojtja e burimeve.<\/p>\n<p>&nbsp;<\/p>\n<p>KMShK ka miratuar ankes\u00ebn e Rigon Osmanit kund\u00ebr <a href=\"https:\/\/sinjali.com\/e-rende-e-ka-ngufate-droga-na-tranoi-krejt-i-biri-kercenon-te-atin-per-para-perfundon-ne-mbajtje-per-48-ore\/\"><strong>Sinjali.com<\/strong><\/a> p\u00ebr shkrimin me titull \u201cE r\u00ebnd\u00eb: E ka ngufat\u00eb droga, na tranoi krejt \u2013 i biri k\u00ebrc\u00ebnon t\u00eb atin p\u00ebr para, p\u00ebrfundon n\u00eb mbajtje p\u00ebr 48 or\u00eb\u201d, duke konstatuar se \u00ebsht\u00eb shkelur Kapitulli VII i Kodit t\u00eb Mediave t\u00eb Shkruara t\u00eb Kosov\u00ebs, i cili ka t\u00eb b\u00ebj\u00eb me mbrojtjen e privat\u00ebsis\u00eb.<\/p>\n<p>&nbsp;<\/p>\n<p>KMShK ka miratuar ankes\u00ebn e Shkelzen Halitit kund\u00ebr <a href=\"https:\/\/jepize.com\/?fbclid=IwY2xjawMesPBleHRuA2FlbQIxMABicmlkETFMQVN6eDVWUTVFdUpudThjAR7jnUu5GTMc7edke6msZ30QTxHWCnp9xa_wrcvbeEOyKqEco5CTi_uarS1hQg_aem_6tNuvGJDhrnkOVCMtp-p4w\" target=\"_blank\" rel=\"noopener\"><strong>Jepize.com<\/strong><\/a> p\u00ebr shkrimin me titull \u201cK\u00ebshilltari i Faton Pecit, i cili jasht\u00ebligjsh\u00ebm i pagoi kesh n\u00eb parking mbi 5 mij\u00eb euro, p\u00ebr \u2018Dark\u00ebn e Lam\u00ebs\u2019 e sulmon \u2018Jepi z\u00eb\u2019 duke e quajtur \u201cpamflet\u201d, duke konstatuar se jan\u00eb shkelur kapitujt <strong><a href=\"https:\/\/view.officeapps.live.com\/op\/view.aspx?src=https%3A%2F%2Fpresscouncil-ks.org%2Fwp-content%2Fuploads%2F2025%2F05%2FKodi-Shqip.docx&amp;wdOrigin=BROWSELINK\" target=\"_blank\" rel=\"noopener\">II dhe IV t\u00eb Kodit t\u00eb Mediave t\u00eb Shkruara t\u00eb Kosov\u00ebs<\/a><\/strong>, t\u00eb cil\u00ebt kan\u00eb t\u00eb b\u00ebjn\u00eb me raportimin e s\u00eb v\u00ebrtet\u00ebs, p\u00ebrkat\u00ebsisht t\u00eb drejt\u00ebn p\u00ebr t\u2019u p\u00ebrgjigjur.<\/p>\n<p>&nbsp;<\/p>\n<p>KMShK ka miratuar ankes\u00ebn e Rilind G\u00ebrvall\u00ebs kund\u00ebr <a href=\"https:\/\/nacionale.com\/politike\/sefte-ne-jete-rtk-pa-paga-gervalla-adrese-mllefi-e-urrejte-punetoret-qe-i-udheheq-vet\" target=\"_blank\" rel=\"noopener\"><strong>Nacionale.com<\/strong><\/a> p\u00ebr shkrimin me titull \u201cSefte n\u00eb jet\u00eb RTK pa paga, G\u00ebrvalla adres\u00eb mllefi e urrejte pun\u00ebtor\u00ebt q\u00eb i udh\u00ebheq vet\u201d, duke konstatuar se \u00ebsht\u00eb shkelur Kapitulli II i Kodit t\u00eb Mediave t\u00eb Shkruara t\u00eb Kosov\u00ebs, i cili ka t\u00eb b\u00ebj\u00eb me raportimin e s\u00eb v\u00ebrtet\u00ebs.<\/p>\n<p>&nbsp;<\/p>\n<p>KMShK ka miratuar ankes\u00ebn e Alban Blakajt kund\u00ebr <strong><a href=\"https:\/\/klankosova.tv\/drejtori-i-qkuk-se-eshte-abuzu-edhe-me-bartjen-e-kufomave-do-ti-drejtohemi-prokurorise-video\/\" target=\"_blank\" rel=\"noopener\">Klankosova.tv<\/a><\/strong> p\u00ebr shkrimin me titull \u201cDrejtori i QKUK-s\u00eb: \u00cbsht\u00eb abuzu edhe me bartjen e kufomave, do t\u2019i drejtohemi prokuroris\u00eb (Video)\u201d, duke konstatuar se jan\u00eb shkelur kapitujt II dhe IV t\u00eb Kodit t\u00eb Mediave t\u00eb Shkruara t\u00eb Kosov\u00ebs, t\u00eb cil\u00ebt kan\u00eb t\u00eb b\u00ebjn\u00eb me raportimin e s\u00eb v\u00ebrtet\u00ebs, p\u00ebrkat\u00ebsisht t\u00eb drejt\u00ebn p\u00ebr t\u2019u p\u00ebrgjigjur.<\/p>\n<p>&nbsp;<\/p>\n<p>KMShK ka miratuar ankes\u00ebn e Alban Blakajt kund\u00ebr <strong><a href=\"https:\/\/klankosova.tv\/kush-po-abuzon-me-pushtetin-ne-qkuk-ne-raport-me-autoambulancat-video221\/\" target=\"_blank\" rel=\"noopener\">Klankosova.tv<\/a><\/strong> p\u00ebr shkrimin me titull \u201cDy autoambulanca po favorizohen nga QKUK-ja, shkak skemat e nd\u00ebrmjet\u00ebsimit (Video)\u201d, duke konstatuar se jan\u00eb shkelur kapitujt II, IV dhe V t\u00eb Kodit t\u00eb Mediave t\u00eb Shkruara t\u00eb Kosov\u00ebs, t\u00eb cil\u00ebt kan\u00eb t\u00eb b\u00ebjn\u00eb me raportimin e s\u00eb v\u00ebrtet\u00ebs, p\u00ebrkat\u00ebsisht t\u00eb drejt\u00ebn p\u00ebr t\u2019u p\u00ebrgjigjur, p\u00ebrkat\u00ebsisht personat e p\u00ebrfshir\u00eb n\u00eb vepra penale.<\/p>\n<p>&nbsp;<\/p>\n<p>KMShK ka miratuar ankes\u00ebn e Alban Blakajt kund\u00ebr <strong>klankosova.tv<\/strong> p\u00ebr shkrimin me titull \u201cAutoambulancat q\u00eb po favorizohen nga QKUK-ja jan\u00eb t\u00eb mjekes Gashi dhe specializantit Blakaj (Video)\u201d, duke konstatuar se jan\u00eb shkelur kapitujt II dhe IV t\u00eb Kodit t\u00eb Mediave t\u00eb Shkruara t\u00eb Kosov\u00ebs, t\u00eb cil\u00ebt kan\u00eb t\u00eb b\u00ebjn\u00eb me raportimin e s\u00eb v\u00ebrtet\u00ebs, p\u00ebrkat\u00ebsisht t\u00eb drejt\u00ebn p\u00ebr t\u2019u p\u00ebrgjigjur.<\/p>\n<p>&nbsp;<\/p>\n<p>KMShK ka miratuar ankes\u00ebn e Alban Blakajt kund\u00ebr <strong><a href=\"https:\/\/klankosova.tv\/kush-po-abuzon-me-pushtetin-ne-qkuk-ne-raport-me-autoambulancat-video221\/\" target=\"_blank\" rel=\"noopener\">Klankosova.tv<\/a><\/strong> p\u00ebr shkrimin me titull \u201cKush po abuzon me pushtetin n\u00eb QKUK n\u00eb raport me autoambulancat? (Video)\u201d, duke konstatuar se jan\u00eb shkelur kapitujt II, IV dhe V t\u00eb Kodit t\u00eb Mediave t\u00eb Shkruara t\u00eb Kosov\u00ebs, t\u00eb cil\u00ebt kan\u00eb t\u00eb b\u00ebjn\u00eb me raportimin e s\u00eb v\u00ebrtet\u00ebs, p\u00ebrkat\u00ebsisht t\u00eb drejt\u00ebn p\u00ebr t\u2019u p\u00ebrgjigjur, p\u00ebrkat\u00ebsisht personat e p\u00ebrfshir\u00eb n\u00eb vepra penale.<\/p>\n<p>&nbsp;<\/p>\n<p>KMShK ka miratuar ankes\u00ebn e Zenel Sellajt kund\u00ebr <strong><a href=\"https:\/\/sinjali.com\/\" target=\"_blank\" rel=\"noopener\">Sinjali.com<\/a><\/strong> p\u00ebr publikimin e nj\u00eb fotografie n\u00eb faqen zyrtare t\u00eb medias n\u00eb Facebook, duke konstatuar se \u00ebsht\u00eb shkelur Kapitulli VII i Kodit t\u00eb Mediave t\u00eb Shkruara t\u00eb Kosov\u00ebs, i cili ka t\u00eb b\u00ebj\u00eb me mbrojtjen e privat\u00ebsis\u00eb.<\/p>\n<p>&nbsp;<\/p>\n<p>KMShK ka miratuar pjes\u00ebrisht ankes\u00ebn e Mirsad Dakajt kund\u00ebr <strong><a href=\"https:\/\/kosova.info\/skandal-ne-kline-kryetari-zenun-elezi-jep-leje-per-ndertimin-e-xhamise-me-te-madhe-ne-kosove-ne-zone-arkeologjike-dhe-me-banore-kryesisht-katolike\/?fbclid=IwY2xjawMet-tleHRuA2FlbQIxMQBicmlkETFMQVN6eDVWUTVFdUpudThjAR4CSOSHKour54TvgjJipw6aEpFPE9RRDL51JMfWkzrZkiac7Xsp8nCs1kjZaw_aem_Xl7hNadqbev5-9Nw1mgwBw\" target=\"_blank\" rel=\"noopener\">Kosova.info<\/a><\/strong> p\u00ebr shkrimin me titull \u201cSkandal n\u00eb Klin\u00eb: Kryetari Zenun Elezi jep leje p\u00ebr nd\u00ebrtimin e xhamis\u00eb m\u00eb t\u00eb madhe n\u00eb Kosov\u00eb n\u00eb zon\u00eb arkeologjike dhe me banor\u00eb kryesisht katolik\u00eb\u201d, duke konstatuar se jan\u00eb shkelur kapitujt II dhe IV t\u00eb Kodit t\u00eb Mediave t\u00eb Shkruara t\u00eb Kosov\u00ebs, t\u00eb cil\u00ebt kan\u00eb t\u00eb b\u00ebjn\u00eb me raportimin e s\u00eb v\u00ebrtet\u00ebs, p\u00ebrkat\u00ebsisht t\u00eb drejt\u00ebn p\u00ebr t\u2019u p\u00ebrgjigjur, por jo edhe Kapitulli III, i cili ka t\u00eb b\u00ebj\u00eb me nxitjen dhe gjuh\u00ebn e urrejtjes, si\u00e7 pretendon pala ankuese.<\/p>\n<p>&nbsp;<\/p>\n<p>KMShK ka miratuar pjes\u00ebrisht ankes\u00ebn e Meditech Sh.P.K. p\u00ebrfaq\u00ebsuar nga shoq\u00ebria e avokat\u00ebve RPHS Law kund\u00ebr <strong><a href=\"https:\/\/frontonline.net\/meditech-e-kap-shtetin-fitoi-153-tendere-75-milione-e-te-hyra-per-4-vjet\/\" target=\"_blank\" rel=\"noopener\">Frontonline.net<\/a><\/strong> p\u00ebr shkrimin me titull \u201cMeditech\u201d e kap shtetin \/ Fitoi 153 tender\u00eb, 75 milion\u00eb euro t\u00eb hyra p\u00ebr 4 vjet\u201d, duke konstatuar se \u00ebsht\u00eb shkelur Kapitulli IV i Kodit t\u00eb Mediave t\u00eb Shkruara t\u00eb Kosov\u00ebs, i cili ka t\u00eb b\u00ebj\u00eb me t\u00eb drejt\u00ebn p\u00ebr t\u2019u p\u00ebrgjigjur, por jo edhe Kapitulli II, i cili ka t\u00eb b\u00ebj\u00eb me raportimin e s\u00eb v\u00ebrtet\u00ebs.<\/p>\n<p>&nbsp;<\/p>\n<p>KMShK ka miratuar pjes\u00ebrisht ankes\u00ebn e Berat Ganiqit kund\u00ebr <strong><a href=\"https:\/\/telegramisot.info\/skandali-i-vv-se-ne-peje-keshilltari-ganiqi-si-prokuror-me-bekimin-e-liburnit-monton-dosje-me-deshmitare-te-rreme-deshmohet-me-incizime\/\" target=\"_blank\" rel=\"noopener\">Telegramisot<\/a>.info<\/strong> p\u00ebr shkrimin me titull \u201cSkandali i VV-s\u00eb n\u00eb Pej\u00eb: K\u00ebshilltari Ganiqi si \u2018prokuror\u2019, me bekimin e Liburnit, monton dosje me d\u00ebshmitar\u00eb t\u00eb rrem\u00eb \u2013 d\u00ebshmohet me incizime\u201d, duke konstatuar se \u00ebsht\u00eb shkelur Kapitulli IV i Kodit t\u00eb Mediave t\u00eb Shkruara t\u00eb Kosov\u00ebs, i cili ka t\u00eb b\u00ebj\u00eb me t\u00eb drejt\u00ebn p\u00ebr t\u2019u p\u00ebrgjigjur, por jo edhe Kapitulli II, i cili ka t\u00eb b\u00ebj\u00eb me raportimin e s\u00eb v\u00ebrtet\u00ebs.<\/p>\n<p>&nbsp;<\/p>\n<p>KMShK nuk e ka miratuar(e ka hedhur posht\u00eb) ankes\u00ebn e Meka Sh.P.K, p\u00ebrfaq\u00ebsuar nga avokati Sylejman Klinaku kund\u00ebr <strong><a href=\"https:\/\/veriu.info\/dosja-meka-31-faqe-dokumente-zyrtare-te-auv-per-skandalin-me-20-mije-kilograme-mish-pule-te-kontaminuar-me-bakteren-salmonella\/\" target=\"_blank\" rel=\"noopener\">Veriu.info<\/a><\/strong> p\u00ebr shkrimin me titull \u201cSkandal: Kompanis\u00eb Meka q\u00eb promovon produkte \u2018hallall\u2019 i zbulohen mbi 20 ton\u00eb mish pule me bakterin e rreziksh\u00ebm Salmonella (Video)\u201d, duke konstatuar se nuk \u00ebsht\u00eb shkelur Kapitulli II i Kodit t\u00eb Mediave t\u00eb Shkruara t\u00eb Kosov\u00ebs, i cili ka t\u00eb b\u00ebj\u00eb me raportimin e s\u00eb v\u00ebrtet\u00ebs, ashtu si\u00e7 pretendon pala ankuese.<\/p>\n<p>&nbsp;<\/p>\n<p>KMShK nuk e ka miratuar (e ka hedhur posht\u00eb) ankes\u00ebn e Pirro Pirajt kund\u00ebr <strong><a href=\"https:\/\/veriu.info\/dosja-meka-31-faqe-dokumente-zyrtare-te-auv-per-skandalin-me-20-mije-kilograme-mish-pule-te-kontaminuar-me-bakteren-salmonella\/\" target=\"_blank\" rel=\"noopener\">Veriu.info<\/a><\/strong> p\u00ebr shkrimet me tituj \u201cSkandal: Kompanis\u00eb Meka q\u00eb promovon produkte \u2018hallall\u2019 i zbulohen mbi 20 ton\u00eb mish pule me bakterin e rreziksh\u00ebm Salmonella (Video)\u201d dhe \u201cProfesori Latifi pas skandalit t\u00eb \u2018Meka Food\u2019: Pasi ua kan\u00eb helmu mendjen, tash ua helmojn\u00eb edhe trupin tuaj e t\u00eb f\u00ebmij\u00ebve tuaj\u201d, kund\u00ebr <strong><a href=\"https:\/\/gazetablic.com\/\" target=\"_blank\" rel=\"noopener\">Gazetablic.com<\/a><\/strong> p\u00ebr shkrimin me titull \u201cKompanis\u00eb \u2018Meka\u2019, q\u00eb promovon produkte \u2018hallall\u2019 i zbulohen mbi 20 ton\u00eb mish pule me bakterin e rreziksh\u00ebm Salmonella\u201d dhe kund\u00ebr <strong><a href=\"https:\/\/insajderi.org\/kompanise-meka-halal-food-i-kapen-20-tone-mish-te-bardhe-me-bakterin-e-rrezikshem-salmonella\/\" target=\"_blank\" rel=\"noopener\">Insajderi.org<\/a><\/strong> p\u00ebr shkrimin me titull \u201cKompanis\u00eb \u2018Meka Halal Food\u2019 i kapen 20 ton\u00eb mish t\u00eb bardh\u00eb me bakterin e rreziksh\u00ebm Salmonella\u201d, duke konstatuar se nuk \u00ebsht\u00eb shkelur Kapitulli II i Kodit t\u00eb Mediave t\u00eb Shkruara t\u00eb Kosov\u00ebs, i cili ka t\u00eb b\u00ebj\u00eb me raportimin e s\u00eb v\u00ebrtet\u00ebs, ashtu si\u00e7 pretendon pala ankuese.<\/p>\n<p>&nbsp;<\/p>\n<p>KMShK nuk e ka miratuar (e ka hedhur posht\u00eb) ankes\u00ebn e Kristian Kabashit kund\u00ebr <strong><a href=\"https:\/\/insajderi.org\/skandali-me-mbi-100-milione-franga-ne-zvicer-permendet-numarics-kompania-e-kristian-kabashit-ne-kosove\/\" target=\"_blank\" rel=\"noopener\">Insajderi.org<\/a><\/strong> dhe <strong><a href=\"https:\/\/reporteri.net\/lajme\/skandali-me-mbi-100-milione-franga-ne-zvicer-permendet-numarics-kompania-e-kristian-kabashit-ne-kosove\/\" target=\"_blank\" rel=\"noopener\">Reporteri.net<\/a><\/strong> p\u00ebr shkrimin me titull \u201cSkandali me mbi 100 milion\u00eb franga n\u00eb Zvic\u00ebr | P\u00ebrmendet \u2018Numarics\u2019, kompania e Kristian Kabashit n\u00eb Kosov\u00eb\u201d, duke konstatuar se nuk \u00ebsht\u00eb shkelur Kapitulli II i Kodit t\u00eb Mediave t\u00eb Shkruara t\u00eb Kosov\u00ebs, i cili ka t\u00eb b\u00ebj\u00eb me raportimin e s\u00eb v\u00ebrtet\u00ebs, ashtu si\u00e7 pretendon pala ankuese.<\/p>\n<p>&nbsp;<\/p>\n<p>KMShK nuk e ka miratuar (e ka hedhur posht\u00eb) ankes\u00ebn e Viola Azemit kund\u00ebr <strong><a href=\"https:\/\/indeksonline.net\/sot-i-jepet-lamtumira-e-fundit-28-vjecarit-qe-humbi-jeten-ne-nje-vetaksident-ne-ferizaj\/\" target=\"_blank\" rel=\"noopener\">Indeksonline.net<\/a><\/strong><br \/>\np\u00ebr shkrimin me titull \u201cSot i jepet lamtumira e fundit 28-vje\u00e7arit q\u00eb humbi jet\u00ebn n\u00eb nj\u00eb vetaksident n\u00eb Ferizaj\u201d, duke konstatuar se nuk \u00ebsht\u00eb shkelur Kapitulli VII i Kodit t\u00eb Mediave t\u00eb Shkruara t\u00eb Kosov\u00ebs, i cili ka t\u00eb b\u00ebj\u00eb me mbrojtjen e privat\u00ebsis\u00eb, ashtu si\u00e7 pretendon pala ankuese.<\/p>\n<p>&nbsp;<\/p>\n<p>KMShK nuk e ka miratuar (e ka hedhur posht\u00eb) ankes\u00ebn e Viola Azemit kund\u00ebr <strong><a href=\"https:\/\/indeksonline.net\/varroset-sot-i-mituri-i-dyte-nga-vetaksidenti-ne-treboviq-te-pejes\/\" target=\"_blank\" rel=\"noopener\">Indeksonline.net<\/a><\/strong>, <strong><a href=\"https:\/\/www.arbresh.info\/lajmet\/sot-varroset-i-mituri-i-dyte-nga-vetaksidenti-ne-treboviq-te-pejes\/\" target=\"_blank\" rel=\"noopener\">Arbresh.info<\/a><\/strong> dhe <strong><a href=\"https:\/\/www.botasot.info\/lajme\/\" target=\"_blank\" rel=\"noopener\">Botasot.info<\/a><\/strong> p\u00ebr shkrimin me titull \u201cVarroset sot i mituri i dyt\u00eb nga vetaksidenti n\u00eb Treboviq t\u00eb Pej\u00ebs\u201d, duke konstatuar se nuk \u00ebsht\u00eb shkelur Kapitulli VII i Kodit t\u00eb Mediave t\u00eb Shkruara t\u00eb Kosov\u00ebs, i cili ka t\u00eb b\u00ebj\u00eb me mbrojtjen e privat\u00ebsis\u00eb, ashtu si\u00e7 pretendon pala ankuese.<\/p>\n<p>&nbsp;<\/p>\n<p>KMShK nuk e ka miratuar (e ka hedhur posht\u00eb) ankes\u00ebn e Universitetit \u201cFehmi Agani\u201d, Gjakov\u00eb, kund\u00ebr <strong><a href=\"https:\/\/insajderi.org\/universiteti-i-gjakoves-ne-krize-te-thelle-vetem-dy-programe-te-reja-ne-shqyrtim-akreditimi-doreheqje-te-njepasnjeshme-nga-menaxhmenti\/\" target=\"_blank\" rel=\"noopener\">Insajderi.org<\/a><\/strong> p\u00ebr shkrimin me titull \u201cUniversiteti i Gjakov\u00ebs n\u00eb kriz\u00eb t\u00eb thell\u00eb- Vet\u00ebm dy programe t\u00eb reja n\u00eb shqyrtim akreditimi, dor\u00ebheqje t\u00eb nj\u00ebpasnj\u00ebshme nga menaxhmenti\u201d, duke konstatuar se nuk \u00ebsht\u00eb shkelur Kapitulli II i Kodit t\u00eb Mediave t\u00eb Shkruara t\u00eb Kosov\u00ebs, i cili ka t\u00eb b\u00ebj\u00eb me raportimin e s\u00eb v\u00ebrtet\u00ebs, ashtu si\u00e7 pretendon pala ankuese.<\/p>\n<p>&nbsp;<\/p>\n<p>KMShK nuk e ka miratuar (e ka hedhur posht\u00eb) ankes\u00ebn e Berto Sh.P.K. kund\u00ebr <strong><a href=\"https:\/\/insajderi.org\/korrupsioni-mundesoi-ngritjen-e-fabrikes-ciao-berto-tre-zyrtare-para-gjyqit-per-favore-ndaj-biznesmenit-blerim-krasniqi\/\" target=\"_blank\" rel=\"noopener\">Insajderi.org<\/a><\/strong> p\u00ebr shkrimin me titull \u201cKorrupsioni mund\u00ebsoi ngritjen e fabrik\u00ebs \u2018Ciao Berto\u2019- Tre zyrtar\u00eb para gjyqit p\u00ebr favore ndaj biznesmenit Blerim Krasniqi\u201d, duke konstatuar se nuk jan\u00eb shkelur kapitujt II dhe IV t\u00eb Kodit t\u00eb Mediave t\u00eb Shkruara t\u00eb Kosov\u00ebs t\u00eb cil\u00ebt kan\u00eb t\u00eb b\u00ebjn\u00eb me raportimin e s\u00eb v\u00ebrtet\u00ebs, p\u00ebrkat\u00ebsisht t\u00eb drejt\u00ebn p\u00ebr t\u2019u p\u00ebrgjigjur, ashtu si\u00e7 pretendon pala ankuese.<\/p>\n<p>&nbsp;<\/p>\n<p>KMShK nuk e ka miratuar (e ka hedhur posht\u00eb) ankes\u00ebn e Berto Sh.P.K. kund\u00ebr <strong><a href=\"https:\/\/veriu.info\/keta-jane-tre-vellezerit-krasniqi-pronare-te-ciao-berto-qe-ndertuan-pa-leje-fabriken-ne-millosheve-4-zyrtare-te-obiliqit-akuzohen-se-ua-mundesuan-kete-kunderligjshem\/\" target=\"_blank\" rel=\"noopener\">Veriu.info<\/a><\/strong> p\u00ebr shkrimin me titull \u201cK\u00ebta jan\u00eb tre v\u00ebllez\u00ebrit Krasniqi, pronar\u00eb t\u00eb \u2018Ciao Berto\u2019 &#8211; nd\u00ebrtuan fabrik\u00eb me leje t\u00eb kund\u00ebrligjshme &#8211; 4 zyrtar\u00eb t\u00eb Obiliqit me aktakuz\u00eb p\u00ebr korrupsion shkaku i tyre\u201d, duke konstatuar se nuk jan\u00eb shkelur kapitujt II dhe IV t\u00eb Kodit t\u00eb Mediave t\u00eb Shkruara t\u00eb Kosov\u00ebs t\u00eb cil\u00ebt kan\u00eb t\u00eb b\u00ebjn\u00eb me raportimin e s\u00eb v\u00ebrtet\u00ebs, p\u00ebrkat\u00ebsisht t\u00eb drejt\u00ebn p\u00ebr t\u2019u p\u00ebrgjigjur, ashtu si\u00e7 pretendon pala ankuese.<\/p>\n<p>&nbsp;<\/p>\n<p>KMShK nuk e ka miratuar (e ka hedhur posht\u00eb) ankes\u00ebn e Berto Sh.P.K. kund\u00ebr <strong><a href=\"https:\/\/jepize.com\/korrupsioni-mundesoi-ngritjen-e-fabrikes-ciao-berto-tre-zyrtare-para-gjyqit-per-favore-ndaj-biznesmenit-blerim-krasniqi\/\" target=\"_blank\" rel=\"noopener\">Jepize.com<\/a><\/strong> p\u00ebr shkrimin me titull \u201cKorrupsioni mund\u00ebsoi ngritjen e fabrik\u00ebs \u2018Ciao Berto\u2019- Tre zyrtar\u00eb para gjyqit p\u00ebr favore ndaj biznesmenit Blerim Krasniqi\u201d, duke konstatuar se nuk jan\u00eb shkelur kapitujt II dhe IV t\u00eb Kodit t\u00eb Mediave t\u00eb Shkruara t\u00eb Kosov\u00ebs t\u00eb cil\u00ebt kan\u00eb t\u00eb b\u00ebjn\u00eb me raportimin e s\u00eb v\u00ebrtet\u00ebs, p\u00ebrkat\u00ebsisht t\u00eb drejt\u00ebn p\u00ebr t\u2019u p\u00ebrgjigjur, ashtu si\u00e7 pretendon pala ankuese.<\/p>\n<p>&nbsp;<\/p>\n<p>KMShK nuk e ka miratuar (e ka hedhur posht\u00eb) ankes\u00ebn e Zize Pajazitit, p\u00ebrfaq\u00ebsuar nga avokati Shkelzen Behrami, kund\u00ebr <strong><a href=\"https:\/\/insajderi.org\/thellohet-skandali-pas-ziza-pajazitit-me-laert-haxhiun-vajza-te-showbizit-takime-speciale-ne-burgun-e-recit-me-grupin-bajri\/\" target=\"_blank\" rel=\"noopener\">Insajderi.org<\/a><\/strong> p\u00ebr shkrimin me titull \u201cSkandali thellohet &#8211; Pas Ziza Pajazitit me Laert Haxhiun, vajzat e showbizit b\u00ebjn\u00eb takime \u2018speciale\u2019 n\u00eb burgun e Re\u00e7it me grupin Bajri\u201d, duke konstatuar se nuk jan\u00eb shkelur kapitujt II, III, IV dhe VII t\u00eb Kodit t\u00eb Mediave t\u00eb Shkruara t\u00eb Kosov\u00ebs, t\u00eb cil\u00ebt kan\u00eb t\u00eb b\u00ebjn\u00eb me raportimin e s\u00eb v\u00ebrtet\u00ebs, p\u00ebrkat\u00ebsisht nxitjen e gjuh\u00ebs s\u00eb urrejtjes, p\u00ebrkat\u00ebsisht t\u00eb drejt\u00ebn p\u00ebr t\u2019u p\u00ebrgjigjur, p\u00ebrkat\u00ebsisht mbrojtjen e privat\u00ebsis\u00eb, ashtu si\u00e7 pretendon pala ankuese.<\/p>\n<p>&nbsp;<\/p>\n<p>KMShK nuk e ka miratuar (e ka hedhur posht\u00eb) ankes\u00ebn e Ardonis Halimit kund\u00ebr <strong><a href=\"https:\/\/lajmi.net\/dhuna-ndaj-te-mitures-ne-gjilan-nisin-hetimet\/\" target=\"_blank\" rel=\"noopener\">Lajmi.net<\/a><\/strong> p\u00ebr shkrimin me titull \u201cDhuna ndaj t\u00eb mitur\u00ebs n\u00eb Gjilan, nisin hetimet\u201d, duke konstatuar se nuk \u00ebsht\u00eb shkelur Kapitulli VI i Kodit t\u00eb Mediave t\u00eb Shkruara t\u00eb Kosov\u00ebs, i cili ka t\u00eb b\u00ebj\u00eb me trajtimin e tragjedive personale, mbrojtjen e f\u00ebmij\u00ebve dhe t\u00eb miturve, ashtu si\u00e7 pretendon pala ankuese. Nd\u00ebrkaq ankes\u00ebn e pal\u00ebs kund\u00ebr faqes n\u00eb Facebook \u201c06 News\u201d, KMShK nuk ka kompetenc\u00eb ta trajtoj\u00eb.<\/p>\n<p>&nbsp;<\/p>\n<p>KMShK nuk e ka miratuar (e ka hedhur posht\u00eb) ankes\u00ebn e Suela Rabushajt kund\u00ebr <strong><a href=\"https:\/\/sinjali.com\/ekskluzive-keta-jane-13-te-arrestuarit-ne-isniq-te-decanit-per-bixhoz-te-paligjshem\/\" target=\"_blank\" rel=\"noopener\">Sinjali.com<\/a><\/strong> p\u00ebr shkrimin me titull \u201cEkskluzive: K\u00ebta jan\u00eb 13 t\u00eb arrestuarit n\u00eb Isniq t\u00eb De\u00e7anit p\u00ebr bixhoz t\u00eb paligjsh\u00ebm\u201d, duke konstatuar se nuk \u00ebsht\u00eb shkelur Kapitulli V i Kodit t\u00eb Mediave t\u00eb Shkruara t\u00eb Kosov\u00ebs, i cili ka t\u00eb b\u00ebj\u00eb me prezumimin e pafaj\u00ebsis\u00eb, ashtu si\u00e7 pretendon pala ankuese.<\/p>\n<p>&nbsp;<\/p>\n<p>KMShK nuk e ka miratuar (e ka hedhur posht\u00eb) ankes\u00ebn e Luisa Rabushajt kund\u00ebr <strong><a href=\"https:\/\/sinjali.com\/ekskluzive-keta-jane-13-te-arrestuarit-ne-isniq-te-decanit-per-bixhoz-te-paligjshem\/\" target=\"_blank\" rel=\"noopener\">Sinjali.com<\/a><\/strong> p\u00ebr shkrimin me titull \u201cEkskluzive: K\u00ebta jan\u00eb 13 t\u00eb arrestuarit n\u00eb Isniq t\u00eb De\u00e7anit p\u00ebr bixhoz t\u00eb paligjsh\u00ebm\u201d, duke konstatuar se nuk \u00ebsht\u00eb shkelur Kapitulli V i Kodit t\u00eb Mediave t\u00eb Shkruara t\u00eb Kosov\u00ebs, i cili ka t\u00eb b\u00ebj\u00eb me prezumimin e pafaj\u00ebsis\u00eb, ashtu si\u00e7 pretendon pala ankuese.<\/p>\n<p>&nbsp;<\/p>\n<p>KMShK e ka shpallur t\u00eb patrajtueshme ankes\u00ebn e Leonora Gashit kund\u00ebr <strong><a href=\"https:\/\/kallxo.com\/gjate\/fati-i-te-pagjeturve-birn-kosova-lanson-projektin-per-dokumentimin-e-rrefimeve-te-familjareve-te-personave-te-zhdukur\/\" target=\"_blank\" rel=\"noopener\">Kallxo.com<\/a><\/strong>, duke konstatuar se pala nuk ka ofruar l\u00ebnd\u00ebn p\u00ebr trajtim. Andaj, KMShK nuk ka mund\u00ebsi t\u2019i trajtoj\u00eb pretendimet p\u00ebr shkeljen e Kapitullit VII t\u00eb Kodit t\u00eb Mediave t\u00eb Shkruara t\u00eb Kosov\u00ebs, i cili ka t\u00eb b\u00ebj\u00eb me mbrojtjen e privat\u00ebsis\u00eb.<\/p>\n<p>&nbsp;<\/p>\n<p>KMShK e ka shpallur t\u00eb patrajtueshme ankes\u00ebn e Albiona Tashollit kund\u00ebr Edona Gashit, p\u00ebr disa postime t\u00eb b\u00ebra n\u00eb rrjete sociale, pasi q\u00eb nuk ka kompetenc\u00eb t\u00eb trajtoj\u00eb ankesa t\u00eb qytetar\u00ebve kund\u00ebr gazetar\u00ebve apo individ\u00ebve, por vet\u00ebm kund\u00ebr mediave. Rrjedhimisht, KMShK nuk mund t\u2019i trajtoj\u00eb pretendimet e pal\u00ebs ankuese p\u00ebr shkeljen e kapitujve II dhe VII t\u00eb Kodit t\u00eb Mediave t\u00eb Shkruara t\u00eb Kosov\u00ebs, t\u00eb cil\u00ebt kan\u00eb t\u00eb b\u00ebjn\u00eb me raportimin e s\u00eb v\u00ebrtet\u00ebs, p\u00ebrkat\u00ebsisht mbrojtjen e privat\u00ebsis\u00eb.<\/p>\n<p>&nbsp;<\/p>\n<p>KMShK e ka shpallur t\u00eb patrajtueshme ankes\u00ebn e Daniel Thomas Loitz kund\u00ebr Fitim \u00c7ekut, pasi q\u00eb nuk ka kompetenc\u00eb t\u00eb trajtoj\u00eb ankesa t\u00eb qytetar\u00ebve kund\u00ebr gazetar\u00ebve apo individ\u00ebve, por vet\u00ebm kund\u00ebr mediave. Rrjedhimisht, KMShK nuk mund t\u2019i trajtoj\u00eb pretendimet e pal\u00ebs ankuese p\u00ebr shkeljen e Kapitullit II t\u00eb Kodit t\u00eb Mediave t\u00eb Shkruara t\u00eb Kosov\u00ebs, i cili ka t\u00eb b\u00ebj\u00eb me raportimin e s\u00eb v\u00ebrtet\u00ebs.<\/p>\n","protected":false},"excerpt":{"rendered":"<p>K\u00ebshilli i Mediave t\u00eb Shkruara t\u00eb Kosov\u00ebs (KMShK) n\u00eb mbledhjen e rregullt ka shqyrtuar gjithsej 27 ankesa. An\u00ebtar\u00ebt e Kuvendit t\u00eb KMShK-s\u00eb kan\u00eb vendosur q\u00eb t\u00eb miratohen tet\u00eb nga to, tri t\u00eb miratohen pjes\u00ebrisht, 13 t\u00eb refuzohen dhe tri t\u00eb shpallen t\u00eb pajtrajtueshme. &nbsp; Ankesat kishin t\u00eb b\u00ebnin me pretendimet p\u00ebr shkeljen e kapitujve t\u00eb [&hellip;]<\/p>\n","protected":false},"author":2,"featured_media":16969,"comment_status":"open","ping_status":"open","sticky":false,"template":"","format":"standard","meta":{"footnotes":""},"categories":[92],"tags":[],"class_list":["post-16942","post","type-post","status-publish","format-standard","has-post-thumbnail","hentry","category-news-sq"],"acf":{"video_title":"","video":false},"yoast_head":"<!-- This site is optimized with the Yoast SEO plugin v28.3 - https:\/\/yoast.com\/product\/yoast-seo-wordpress\/ -->\n<title>Kuvendi i KMShK-s\u00eb mori vendim p\u00ebr 27 ankesa - K\u00ebshilli i Mediave t\u00eb Shkruara t\u00eb Kosov\u00ebs | P\u00ebr nj\u00eb gazetari etike dhe profesionale<\/title>\n<meta name=\"robots\" content=\"index, follow, max-snippet:-1, max-image-preview:large, max-video-preview:-1\" \/>\n<link rel=\"canonical\" href=\"http:\/\/presscouncil-ks.org\/?p=16942\" \/>\n<meta property=\"og:locale\" content=\"en_US\" \/>\n<meta property=\"og:type\" content=\"article\" \/>\n<meta property=\"og:title\" content=\"Kuvendi i KMShK-s\u00eb mori vendim p\u00ebr 27 ankesa - K\u00ebshilli i Mediave t\u00eb Shkruara t\u00eb Kosov\u00ebs | P\u00ebr nj\u00eb gazetari etike dhe profesionale\" \/>\n<meta property=\"og:description\" content=\"K\u00ebshilli i Mediave t\u00eb Shkruara t\u00eb Kosov\u00ebs (KMShK) n\u00eb mbledhjen e rregullt ka shqyrtuar gjithsej 27 ankesa. An\u00ebtar\u00ebt e Kuvendit t\u00eb KMShK-s\u00eb kan\u00eb vendosur q\u00eb t\u00eb miratohen tet\u00eb nga to, tri t\u00eb miratohen pjes\u00ebrisht, 13 t\u00eb refuzohen dhe tri t\u00eb shpallen t\u00eb pajtrajtueshme. &nbsp; Ankesat kishin t\u00eb b\u00ebnin me pretendimet p\u00ebr shkeljen e kapitujve t\u00eb [&hellip;]\" \/>\n<meta property=\"og:url\" content=\"http:\/\/presscouncil-ks.org\/?p=16942\" \/>\n<meta property=\"og:site_name\" content=\"K\u00ebshilli i Mediave t\u00eb Shkruara t\u00eb Kosov\u00ebs | P\u00ebr nj\u00eb gazetari etike dhe profesionale\" \/>\n<meta property=\"article:publisher\" content=\"https:\/\/www.facebook.com\/KMSHKosove\" \/>\n<meta property=\"article:published_time\" content=\"2025-08-29T16:12:27+00:00\" \/>\n<meta property=\"article:modified_time\" content=\"2025-08-29T19:59:18+00:00\" \/>\n<meta property=\"og:image\" content=\"http:\/\/presscouncil-ks.org\/wp-content\/uploads\/2025\/08\/keshilli-vendimet-gusht-2025.jpg\" \/>\n\t<meta property=\"og:image:width\" content=\"2048\" \/>\n\t<meta property=\"og:image:height\" content=\"946\" \/>\n\t<meta property=\"og:image:type\" content=\"image\/jpeg\" \/>\n<meta name=\"author\" content=\"Editor\" \/>\n<meta name=\"twitter:card\" content=\"summary_large_image\" \/>\n<meta name=\"twitter:label1\" content=\"Written by\" \/>\n\t<meta name=\"twitter:data1\" content=\"Editor\" \/>\n\t<meta name=\"twitter:label2\" content=\"Est. reading time\" \/>\n\t<meta name=\"twitter:data2\" content=\"10 minutes\" \/>\n<script type=\"application\/ld+json\" class=\"yoast-schema-graph\">{\"@context\":\"https:\\\/\\\/schema.org\",\"@graph\":[{\"@type\":\"Article\",\"@id\":\"http:\\\/\\\/presscouncil-ks.org\\\/?p=16942#article\",\"isPartOf\":{\"@id\":\"http:\\\/\\\/presscouncil-ks.org\\\/?p=16942\"},\"author\":{\"name\":\"Editor\",\"@id\":\"http:\\\/\\\/presscouncil-ks.org\\\/#\\\/schema\\\/person\\\/b79d30c61264caeb733239c16cc4d673\"},\"headline\":\"Kuvendi i KMShK-s\u00eb mori vendim p\u00ebr 27 ankesa\",\"datePublished\":\"2025-08-29T16:12:27+00:00\",\"dateModified\":\"2025-08-29T19:59:18+00:00\",\"mainEntityOfPage\":{\"@id\":\"http:\\\/\\\/presscouncil-ks.org\\\/?p=16942\"},\"wordCount\":2542,\"commentCount\":0,\"publisher\":{\"@id\":\"http:\\\/\\\/presscouncil-ks.org\\\/#organization\"},\"image\":{\"@id\":\"http:\\\/\\\/presscouncil-ks.org\\\/?p=16942#primaryimage\"},\"thumbnailUrl\":\"http:\\\/\\\/presscouncil-ks.org\\\/wp-content\\\/uploads\\\/2025\\\/08\\\/keshilli-vendimet-gusht-2025.jpg\",\"articleSection\":[\"Lajm\"],\"inLanguage\":\"en-US\",\"potentialAction\":[{\"@type\":\"CommentAction\",\"name\":\"Comment\",\"target\":[\"http:\\\/\\\/presscouncil-ks.org\\\/?p=16942#respond\"]}]},{\"@type\":\"WebPage\",\"@id\":\"http:\\\/\\\/presscouncil-ks.org\\\/?p=16942\",\"url\":\"http:\\\/\\\/presscouncil-ks.org\\\/?p=16942\",\"name\":\"Kuvendi i KMShK-s\u00eb mori vendim p\u00ebr 27 ankesa - K\u00ebshilli i Mediave t\u00eb Shkruara t\u00eb Kosov\u00ebs | P\u00ebr nj\u00eb gazetari etike dhe profesionale\",\"isPartOf\":{\"@id\":\"http:\\\/\\\/presscouncil-ks.org\\\/#website\"},\"primaryImageOfPage\":{\"@id\":\"http:\\\/\\\/presscouncil-ks.org\\\/?p=16942#primaryimage\"},\"image\":{\"@id\":\"http:\\\/\\\/presscouncil-ks.org\\\/?p=16942#primaryimage\"},\"thumbnailUrl\":\"http:\\\/\\\/presscouncil-ks.org\\\/wp-content\\\/uploads\\\/2025\\\/08\\\/keshilli-vendimet-gusht-2025.jpg\",\"datePublished\":\"2025-08-29T16:12:27+00:00\",\"dateModified\":\"2025-08-29T19:59:18+00:00\",\"breadcrumb\":{\"@id\":\"http:\\\/\\\/presscouncil-ks.org\\\/?p=16942#breadcrumb\"},\"inLanguage\":\"en-US\",\"potentialAction\":[{\"@type\":\"ReadAction\",\"target\":[\"http:\\\/\\\/presscouncil-ks.org\\\/?p=16942\"]}]},{\"@type\":\"ImageObject\",\"inLanguage\":\"en-US\",\"@id\":\"http:\\\/\\\/presscouncil-ks.org\\\/?p=16942#primaryimage\",\"url\":\"http:\\\/\\\/presscouncil-ks.org\\\/wp-content\\\/uploads\\\/2025\\\/08\\\/keshilli-vendimet-gusht-2025.jpg\",\"contentUrl\":\"http:\\\/\\\/presscouncil-ks.org\\\/wp-content\\\/uploads\\\/2025\\\/08\\\/keshilli-vendimet-gusht-2025.jpg\",\"width\":2048,\"height\":946},{\"@type\":\"BreadcrumbList\",\"@id\":\"http:\\\/\\\/presscouncil-ks.org\\\/?p=16942#breadcrumb\",\"itemListElement\":[{\"@type\":\"ListItem\",\"position\":1,\"name\":\"Home\",\"item\":\"https:\\\/\\\/presscouncil-ks.org\\\/\"},{\"@type\":\"ListItem\",\"position\":2,\"name\":\"Kuvendi i KMShK-s\u00eb mori vendim p\u00ebr 27 ankesa\"}]},{\"@type\":\"WebSite\",\"@id\":\"http:\\\/\\\/presscouncil-ks.org\\\/#website\",\"url\":\"http:\\\/\\\/presscouncil-ks.org\\\/\",\"name\":\"https:\\\/\\\/presscouncil-ks.org\\\/\",\"description\":\"\",\"publisher\":{\"@id\":\"http:\\\/\\\/presscouncil-ks.org\\\/#organization\"},\"potentialAction\":[{\"@type\":\"SearchAction\",\"target\":{\"@type\":\"EntryPoint\",\"urlTemplate\":\"http:\\\/\\\/presscouncil-ks.org\\\/?s={search_term_string}\"},\"query-input\":{\"@type\":\"PropertyValueSpecification\",\"valueRequired\":true,\"valueName\":\"search_term_string\"}}],\"inLanguage\":\"en-US\"},{\"@type\":\"Organization\",\"@id\":\"http:\\\/\\\/presscouncil-ks.org\\\/#organization\",\"name\":\"K\u00ebshilli i Mediave t\u00eb Shkruara t\u00eb Kosov\u00ebs\",\"url\":\"http:\\\/\\\/presscouncil-ks.org\\\/\",\"logo\":{\"@type\":\"ImageObject\",\"inLanguage\":\"en-US\",\"@id\":\"http:\\\/\\\/presscouncil-ks.org\\\/#\\\/schema\\\/logo\\\/image\\\/\",\"url\":\"http:\\\/\\\/presscouncil-ks.org\\\/wp-content\\\/uploads\\\/2023\\\/06\\\/cropped-logo.png\",\"contentUrl\":\"http:\\\/\\\/presscouncil-ks.org\\\/wp-content\\\/uploads\\\/2023\\\/06\\\/cropped-logo.png\",\"width\":268,\"height\":166,\"caption\":\"K\u00ebshilli i Mediave t\u00eb Shkruara t\u00eb Kosov\u00ebs\"},\"image\":{\"@id\":\"http:\\\/\\\/presscouncil-ks.org\\\/#\\\/schema\\\/logo\\\/image\\\/\"},\"sameAs\":[\"https:\\\/\\\/www.facebook.com\\\/KMSHKosove\"]},{\"@type\":\"Person\",\"@id\":\"http:\\\/\\\/presscouncil-ks.org\\\/#\\\/schema\\\/person\\\/b79d30c61264caeb733239c16cc4d673\",\"name\":\"Editor\",\"image\":{\"@type\":\"ImageObject\",\"inLanguage\":\"en-US\",\"@id\":\"https:\\\/\\\/secure.gravatar.com\\\/avatar\\\/9534865f39e7b3527010ee17196a76d054b16d731a6a5bfe2f92a071c6e9bf4e?s=96&d=mm&r=g\",\"url\":\"https:\\\/\\\/secure.gravatar.com\\\/avatar\\\/9534865f39e7b3527010ee17196a76d054b16d731a6a5bfe2f92a071c6e9bf4e?s=96&d=mm&r=g\",\"contentUrl\":\"https:\\\/\\\/secure.gravatar.com\\\/avatar\\\/9534865f39e7b3527010ee17196a76d054b16d731a6a5bfe2f92a071c6e9bf4e?s=96&d=mm&r=g\",\"caption\":\"Editor\"},\"url\":\"http:\\\/\\\/presscouncil-ks.org\\\/?author=2\"}]}<\/script>\n<!-- \/ Yoast SEO plugin. -->","yoast_head_json":{"title":"Kuvendi i KMShK-s\u00eb mori vendim p\u00ebr 27 ankesa - K\u00ebshilli i Mediave t\u00eb Shkruara t\u00eb Kosov\u00ebs | P\u00ebr nj\u00eb gazetari etike dhe profesionale","robots":{"index":"index","follow":"follow","max-snippet":"max-snippet:-1","max-image-preview":"max-image-preview:large","max-video-preview":"max-video-preview:-1"},"canonical":"http:\/\/presscouncil-ks.org\/?p=16942","og_locale":"en_US","og_type":"article","og_title":"Kuvendi i KMShK-s\u00eb mori vendim p\u00ebr 27 ankesa - K\u00ebshilli i Mediave t\u00eb Shkruara t\u00eb Kosov\u00ebs | P\u00ebr nj\u00eb gazetari etike dhe profesionale","og_description":"K\u00ebshilli i Mediave t\u00eb Shkruara t\u00eb Kosov\u00ebs (KMShK) n\u00eb mbledhjen e rregullt ka shqyrtuar gjithsej 27 ankesa. An\u00ebtar\u00ebt e Kuvendit t\u00eb KMShK-s\u00eb kan\u00eb vendosur q\u00eb t\u00eb miratohen tet\u00eb nga to, tri t\u00eb miratohen pjes\u00ebrisht, 13 t\u00eb refuzohen dhe tri t\u00eb shpallen t\u00eb pajtrajtueshme. &nbsp; Ankesat kishin t\u00eb b\u00ebnin me pretendimet p\u00ebr shkeljen e kapitujve t\u00eb [&hellip;]","og_url":"http:\/\/presscouncil-ks.org\/?p=16942","og_site_name":"K\u00ebshilli i Mediave t\u00eb Shkruara t\u00eb Kosov\u00ebs | P\u00ebr nj\u00eb gazetari etike dhe profesionale","article_publisher":"https:\/\/www.facebook.com\/KMSHKosove","article_published_time":"2025-08-29T16:12:27+00:00","article_modified_time":"2025-08-29T19:59:18+00:00","og_image":[{"width":2048,"height":946,"url":"http:\/\/presscouncil-ks.org\/wp-content\/uploads\/2025\/08\/keshilli-vendimet-gusht-2025.jpg","type":"image\/jpeg"}],"author":"Editor","twitter_card":"summary_large_image","twitter_misc":{"Written by":"Editor","Est. reading time":"10 minutes"},"schema":{"@context":"https:\/\/schema.org","@graph":[{"@type":"Article","@id":"http:\/\/presscouncil-ks.org\/?p=16942#article","isPartOf":{"@id":"http:\/\/presscouncil-ks.org\/?p=16942"},"author":{"name":"Editor","@id":"http:\/\/presscouncil-ks.org\/#\/schema\/person\/b79d30c61264caeb733239c16cc4d673"},"headline":"Kuvendi i KMShK-s\u00eb mori vendim p\u00ebr 27 ankesa","datePublished":"2025-08-29T16:12:27+00:00","dateModified":"2025-08-29T19:59:18+00:00","mainEntityOfPage":{"@id":"http:\/\/presscouncil-ks.org\/?p=16942"},"wordCount":2542,"commentCount":0,"publisher":{"@id":"http:\/\/presscouncil-ks.org\/#organization"},"image":{"@id":"http:\/\/presscouncil-ks.org\/?p=16942#primaryimage"},"thumbnailUrl":"http:\/\/presscouncil-ks.org\/wp-content\/uploads\/2025\/08\/keshilli-vendimet-gusht-2025.jpg","articleSection":["Lajm"],"inLanguage":"en-US","potentialAction":[{"@type":"CommentAction","name":"Comment","target":["http:\/\/presscouncil-ks.org\/?p=16942#respond"]}]},{"@type":"WebPage","@id":"http:\/\/presscouncil-ks.org\/?p=16942","url":"http:\/\/presscouncil-ks.org\/?p=16942","name":"Kuvendi i KMShK-s\u00eb mori vendim p\u00ebr 27 ankesa - K\u00ebshilli i Mediave t\u00eb Shkruara t\u00eb Kosov\u00ebs | P\u00ebr nj\u00eb gazetari etike dhe profesionale","isPartOf":{"@id":"http:\/\/presscouncil-ks.org\/#website"},"primaryImageOfPage":{"@id":"http:\/\/presscouncil-ks.org\/?p=16942#primaryimage"},"image":{"@id":"http:\/\/presscouncil-ks.org\/?p=16942#primaryimage"},"thumbnailUrl":"http:\/\/presscouncil-ks.org\/wp-content\/uploads\/2025\/08\/keshilli-vendimet-gusht-2025.jpg","datePublished":"2025-08-29T16:12:27+00:00","dateModified":"2025-08-29T19:59:18+00:00","breadcrumb":{"@id":"http:\/\/presscouncil-ks.org\/?p=16942#breadcrumb"},"inLanguage":"en-US","potentialAction":[{"@type":"ReadAction","target":["http:\/\/presscouncil-ks.org\/?p=16942"]}]},{"@type":"ImageObject","inLanguage":"en-US","@id":"http:\/\/presscouncil-ks.org\/?p=16942#primaryimage","url":"http:\/\/presscouncil-ks.org\/wp-content\/uploads\/2025\/08\/keshilli-vendimet-gusht-2025.jpg","contentUrl":"http:\/\/presscouncil-ks.org\/wp-content\/uploads\/2025\/08\/keshilli-vendimet-gusht-2025.jpg","width":2048,"height":946},{"@type":"BreadcrumbList","@id":"http:\/\/presscouncil-ks.org\/?p=16942#breadcrumb","itemListElement":[{"@type":"ListItem","position":1,"name":"Home","item":"https:\/\/presscouncil-ks.org\/"},{"@type":"ListItem","position":2,"name":"Kuvendi i KMShK-s\u00eb mori vendim p\u00ebr 27 ankesa"}]},{"@type":"WebSite","@id":"http:\/\/presscouncil-ks.org\/#website","url":"http:\/\/presscouncil-ks.org\/","name":"https:\/\/presscouncil-ks.org\/","description":"","publisher":{"@id":"http:\/\/presscouncil-ks.org\/#organization"},"potentialAction":[{"@type":"SearchAction","target":{"@type":"EntryPoint","urlTemplate":"http:\/\/presscouncil-ks.org\/?s={search_term_string}"},"query-input":{"@type":"PropertyValueSpecification","valueRequired":true,"valueName":"search_term_string"}}],"inLanguage":"en-US"},{"@type":"Organization","@id":"http:\/\/presscouncil-ks.org\/#organization","name":"K\u00ebshilli i Mediave t\u00eb Shkruara t\u00eb Kosov\u00ebs","url":"http:\/\/presscouncil-ks.org\/","logo":{"@type":"ImageObject","inLanguage":"en-US","@id":"http:\/\/presscouncil-ks.org\/#\/schema\/logo\/image\/","url":"http:\/\/presscouncil-ks.org\/wp-content\/uploads\/2023\/06\/cropped-logo.png","contentUrl":"http:\/\/presscouncil-ks.org\/wp-content\/uploads\/2023\/06\/cropped-logo.png","width":268,"height":166,"caption":"K\u00ebshilli i Mediave t\u00eb Shkruara t\u00eb Kosov\u00ebs"},"image":{"@id":"http:\/\/presscouncil-ks.org\/#\/schema\/logo\/image\/"},"sameAs":["https:\/\/www.facebook.com\/KMSHKosove"]},{"@type":"Person","@id":"http:\/\/presscouncil-ks.org\/#\/schema\/person\/b79d30c61264caeb733239c16cc4d673","name":"Editor","image":{"@type":"ImageObject","inLanguage":"en-US","@id":"https:\/\/secure.gravatar.com\/avatar\/9534865f39e7b3527010ee17196a76d054b16d731a6a5bfe2f92a071c6e9bf4e?s=96&d=mm&r=g","url":"https:\/\/secure.gravatar.com\/avatar\/9534865f39e7b3527010ee17196a76d054b16d731a6a5bfe2f92a071c6e9bf4e?s=96&d=mm&r=g","contentUrl":"https:\/\/secure.gravatar.com\/avatar\/9534865f39e7b3527010ee17196a76d054b16d731a6a5bfe2f92a071c6e9bf4e?s=96&d=mm&r=g","caption":"Editor"},"url":"http:\/\/presscouncil-ks.org\/?author=2"}]}},"_links":{"self":[{"href":"http:\/\/presscouncil-ks.org\/index.php?rest_route=\/wp\/v2\/posts\/16942","targetHints":{"allow":["GET"]}}],"collection":[{"href":"http:\/\/presscouncil-ks.org\/index.php?rest_route=\/wp\/v2\/posts"}],"about":[{"href":"http:\/\/presscouncil-ks.org\/index.php?rest_route=\/wp\/v2\/types\/post"}],"author":[{"embeddable":true,"href":"http:\/\/presscouncil-ks.org\/index.php?rest_route=\/wp\/v2\/users\/2"}],"replies":[{"embeddable":true,"href":"http:\/\/presscouncil-ks.org\/index.php?rest_route=%2Fwp%2Fv2%2Fcomments&post=16942"}],"version-history":[{"count":30,"href":"http:\/\/presscouncil-ks.org\/index.php?rest_route=\/wp\/v2\/posts\/16942\/revisions"}],"predecessor-version":[{"id":16992,"href":"http:\/\/presscouncil-ks.org\/index.php?rest_route=\/wp\/v2\/posts\/16942\/revisions\/16992"}],"wp:featuredmedia":[{"embeddable":true,"href":"http:\/\/presscouncil-ks.org\/index.php?rest_route=\/wp\/v2\/media\/16969"}],"wp:attachment":[{"href":"http:\/\/presscouncil-ks.org\/index.php?rest_route=%2Fwp%2Fv2%2Fmedia&parent=16942"}],"wp:term":[{"taxonomy":"category","embeddable":true,"href":"http:\/\/presscouncil-ks.org\/index.php?rest_route=%2Fwp%2Fv2%2Fcategories&post=16942"},{"taxonomy":"post_tag","embeddable":true,"href":"http:\/\/presscouncil-ks.org\/index.php?rest_route=%2Fwp%2Fv2%2Ftags&post=16942"}],"curies":[{"name":"wp","href":"https:\/\/api.w.org\/{rel}","templated":true}]}}