{"id":16933,"date":"2025-08-29T06:55:28","date_gmt":"2025-08-29T06:55:28","guid":{"rendered":"https:\/\/presscouncil-ks.org\/?p=16933"},"modified":"2025-08-29T20:01:32","modified_gmt":"2025-08-29T20:01:32","slug":"diskutim-per-sfidat-e-edukimit-medial-ne-kosove","status":"publish","type":"post","link":"http:\/\/presscouncil-ks.org\/?p=16933","title":{"rendered":"Diskutim p\u00ebr sfidat e edukimit medial n\u00eb Kosov\u00eb"},"content":{"rendered":"<p>N\u00eb Prishtin\u00eb u mbajt takimi i radh\u00ebs i Koalicionit p\u00ebr Edukim Medial. Aktiviteti kishte p\u00ebr q\u00ebllim fuqizimin e qytetar\u00ebve &#8211; sidomos t\u00eb rinjve &#8211; p\u00ebr t\u00eb qen\u00eb m\u00eb aktiv\u00eb n\u00eb mbrojtjen e liris\u00eb s\u00eb medias, duke kund\u00ebrshtuar polarizimin dhe duke nxitur dialogun shoq\u00ebror.<\/p>\n<p>&nbsp;<\/p>\n<p>Diskutimi nisi me tem\u00ebn \u201cSfidat e edukimit medial n\u00eb Kosov\u00eb\u201d ku u ndan\u00eb p\u00ebrvoja dhe qasje t\u00eb ndryshme p\u00ebr p\u00ebrmir\u00ebsimin e kapaciteteve edukative n\u00eb k\u00ebt\u00eb fush\u00eb. M\u00eb pas pjes\u00ebmarr\u00ebsit trajtuan \u00e7\u00ebshtjen e luftimit t\u00eb lajmeve t\u00eb rreme dhe dezinformimit, me fokus t\u00eb ve\u00e7ant\u00eb te raportimi gjat\u00eb zgjedhjeve, nj\u00eb periudh\u00eb kur mediat shpesh jan\u00eb n\u00ebn presion t\u00eb shtuar dhe qytetar\u00ebt kan\u00eb nevoj\u00eb p\u00ebr informim t\u00eb sakt\u00eb e t\u00eb paansh\u00ebm. Nga ta u p\u00ebrmend nevoja p\u00ebr hartimin e nj\u00eb udh\u00ebzuesi p\u00ebr media p\u00ebr raportimin gjat\u00eb zgjedhjeve.<\/p>\n<p>&nbsp;<\/p>\n<p>N\u00eb takim mor\u00ebn pjes\u00eb p\u00ebrfaq\u00ebsues t\u00eb K\u00ebshillit t\u00eb Mediave t\u00eb Shkruara t\u00eb Kosov\u00ebs, organizatave partnere dhe institucioneve relevante si OSBE &#8211; Misioni n\u00eb Kosov\u00eb, Asociacioni i Gazetar\u00ebve t\u00eb Kosov\u00ebs, Komisioni i Pavarur i Mediave, si dhe akademik\u00eb nga Universiteti i Prishtin\u00ebs.<\/p>\n<p>&nbsp;<\/p>\n<p>Kontributet e tyre hodh\u00ebn drit\u00eb mbi sfidat aktuale, por edhe mbi mund\u00ebsit\u00eb konkrete p\u00ebr p\u00ebrforcimin e edukimit medial dhe mbrojtjen e hap\u00ebsir\u00ebs demokratike n\u00eb vend.<\/p>\n<p>&nbsp;<\/p>\n<p>Ky aktivitet u organizua n\u00eb kuad\u00ebr t\u00eb projektit \u201cMEDIA JON\u00cb \u2013 Aksion i shoq\u00ebris\u00eb civile p\u00ebr t\u00eb gjeneruar edukim medial dhe aktiviz\u00ebm, p\u00ebr t\u00eb kund\u00ebrshtuar polarizimin dhe p\u00ebr t\u00eb promovuar dialogun\u201d, i cili mb\u00ebshtet nga Bashkimi Evropian.<\/p>\n","protected":false},"excerpt":{"rendered":"<p>N\u00eb Prishtin\u00eb u mbajt takimi i radh\u00ebs i Koalicionit p\u00ebr Edukim Medial. Aktiviteti kishte p\u00ebr q\u00ebllim fuqizimin e qytetar\u00ebve &#8211; sidomos t\u00eb rinjve &#8211; p\u00ebr t\u00eb qen\u00eb m\u00eb aktiv\u00eb n\u00eb mbrojtjen e liris\u00eb s\u00eb medias, duke kund\u00ebrshtuar polarizimin dhe duke nxitur dialogun shoq\u00ebror. &nbsp; Diskutimi nisi me tem\u00ebn \u201cSfidat e edukimit medial n\u00eb Kosov\u00eb\u201d ku [&hellip;]<\/p>\n","protected":false},"author":2,"featured_media":16934,"comment_status":"open","ping_status":"open","sticky":false,"template":"","format":"standard","meta":{"footnotes":""},"categories":[92],"tags":[],"class_list":["post-16933","post","type-post","status-publish","format-standard","has-post-thumbnail","hentry","category-news-sq"],"acf":{"video_title":"","video":false},"yoast_head":"<!-- This site is optimized with the Yoast SEO plugin v28.3 - https:\/\/yoast.com\/product\/yoast-seo-wordpress\/ -->\n<title>Diskutim p\u00ebr sfidat e edukimit medial n\u00eb Kosov\u00eb - K\u00ebshilli i Mediave t\u00eb Shkruara t\u00eb Kosov\u00ebs | P\u00ebr nj\u00eb gazetari etike dhe profesionale<\/title>\n<meta name=\"robots\" content=\"index, follow, max-snippet:-1, max-image-preview:large, max-video-preview:-1\" \/>\n<link rel=\"canonical\" href=\"http:\/\/presscouncil-ks.org\/?p=16933\" \/>\n<meta property=\"og:locale\" content=\"en_US\" \/>\n<meta property=\"og:type\" content=\"article\" \/>\n<meta property=\"og:title\" content=\"Diskutim p\u00ebr sfidat e edukimit medial n\u00eb Kosov\u00eb - K\u00ebshilli i Mediave t\u00eb Shkruara t\u00eb Kosov\u00ebs | P\u00ebr nj\u00eb gazetari etike dhe profesionale\" \/>\n<meta property=\"og:description\" content=\"N\u00eb Prishtin\u00eb u mbajt takimi i radh\u00ebs i Koalicionit p\u00ebr Edukim Medial. Aktiviteti kishte p\u00ebr q\u00ebllim fuqizimin e qytetar\u00ebve &#8211; sidomos t\u00eb rinjve &#8211; p\u00ebr t\u00eb qen\u00eb m\u00eb aktiv\u00eb n\u00eb mbrojtjen e liris\u00eb s\u00eb medias, duke kund\u00ebrshtuar polarizimin dhe duke nxitur dialogun shoq\u00ebror. &nbsp; Diskutimi nisi me tem\u00ebn \u201cSfidat e edukimit medial n\u00eb Kosov\u00eb\u201d ku [&hellip;]\" \/>\n<meta property=\"og:url\" content=\"http:\/\/presscouncil-ks.org\/?p=16933\" \/>\n<meta property=\"og:site_name\" content=\"K\u00ebshilli i Mediave t\u00eb Shkruara t\u00eb Kosov\u00ebs | P\u00ebr nj\u00eb gazetari etike dhe profesionale\" \/>\n<meta property=\"article:publisher\" content=\"https:\/\/www.facebook.com\/KMSHKosove\" \/>\n<meta property=\"article:published_time\" content=\"2025-08-29T06:55:28+00:00\" \/>\n<meta property=\"article:modified_time\" content=\"2025-08-29T20:01:32+00:00\" \/>\n<meta property=\"og:image\" content=\"http:\/\/presscouncil-ks.org\/wp-content\/uploads\/2025\/08\/Diskutim-per-sfidat-ne-Kosove.jpg\" \/>\n\t<meta property=\"og:image:width\" content=\"2048\" \/>\n\t<meta property=\"og:image:height\" content=\"1153\" \/>\n\t<meta property=\"og:image:type\" content=\"image\/jpeg\" \/>\n<meta name=\"author\" content=\"Editor\" \/>\n<meta name=\"twitter:card\" content=\"summary_large_image\" \/>\n<meta name=\"twitter:label1\" content=\"Written by\" \/>\n\t<meta name=\"twitter:data1\" content=\"Editor\" \/>\n\t<meta name=\"twitter:label2\" content=\"Est. reading time\" \/>\n\t<meta name=\"twitter:data2\" content=\"2 minutes\" \/>\n<script type=\"application\/ld+json\" class=\"yoast-schema-graph\">{\"@context\":\"https:\\\/\\\/schema.org\",\"@graph\":[{\"@type\":\"Article\",\"@id\":\"http:\\\/\\\/presscouncil-ks.org\\\/?p=16933#article\",\"isPartOf\":{\"@id\":\"http:\\\/\\\/presscouncil-ks.org\\\/?p=16933\"},\"author\":{\"name\":\"Editor\",\"@id\":\"http:\\\/\\\/presscouncil-ks.org\\\/#\\\/schema\\\/person\\\/b79d30c61264caeb733239c16cc4d673\"},\"headline\":\"Diskutim p\u00ebr sfidat e edukimit medial n\u00eb Kosov\u00eb\",\"datePublished\":\"2025-08-29T06:55:28+00:00\",\"dateModified\":\"2025-08-29T20:01:32+00:00\",\"mainEntityOfPage\":{\"@id\":\"http:\\\/\\\/presscouncil-ks.org\\\/?p=16933\"},\"wordCount\":290,\"commentCount\":0,\"publisher\":{\"@id\":\"http:\\\/\\\/presscouncil-ks.org\\\/#organization\"},\"image\":{\"@id\":\"http:\\\/\\\/presscouncil-ks.org\\\/?p=16933#primaryimage\"},\"thumbnailUrl\":\"http:\\\/\\\/presscouncil-ks.org\\\/wp-content\\\/uploads\\\/2025\\\/08\\\/Diskutim-per-sfidat-ne-Kosove.jpg\",\"articleSection\":[\"Lajm\"],\"inLanguage\":\"en-US\",\"potentialAction\":[{\"@type\":\"CommentAction\",\"name\":\"Comment\",\"target\":[\"http:\\\/\\\/presscouncil-ks.org\\\/?p=16933#respond\"]}]},{\"@type\":\"WebPage\",\"@id\":\"http:\\\/\\\/presscouncil-ks.org\\\/?p=16933\",\"url\":\"http:\\\/\\\/presscouncil-ks.org\\\/?p=16933\",\"name\":\"Diskutim p\u00ebr sfidat e edukimit medial n\u00eb Kosov\u00eb - K\u00ebshilli i Mediave t\u00eb Shkruara t\u00eb Kosov\u00ebs | P\u00ebr nj\u00eb gazetari etike dhe profesionale\",\"isPartOf\":{\"@id\":\"http:\\\/\\\/presscouncil-ks.org\\\/#website\"},\"primaryImageOfPage\":{\"@id\":\"http:\\\/\\\/presscouncil-ks.org\\\/?p=16933#primaryimage\"},\"image\":{\"@id\":\"http:\\\/\\\/presscouncil-ks.org\\\/?p=16933#primaryimage\"},\"thumbnailUrl\":\"http:\\\/\\\/presscouncil-ks.org\\\/wp-content\\\/uploads\\\/2025\\\/08\\\/Diskutim-per-sfidat-ne-Kosove.jpg\",\"datePublished\":\"2025-08-29T06:55:28+00:00\",\"dateModified\":\"2025-08-29T20:01:32+00:00\",\"breadcrumb\":{\"@id\":\"http:\\\/\\\/presscouncil-ks.org\\\/?p=16933#breadcrumb\"},\"inLanguage\":\"en-US\",\"potentialAction\":[{\"@type\":\"ReadAction\",\"target\":[\"http:\\\/\\\/presscouncil-ks.org\\\/?p=16933\"]}]},{\"@type\":\"ImageObject\",\"inLanguage\":\"en-US\",\"@id\":\"http:\\\/\\\/presscouncil-ks.org\\\/?p=16933#primaryimage\",\"url\":\"http:\\\/\\\/presscouncil-ks.org\\\/wp-content\\\/uploads\\\/2025\\\/08\\\/Diskutim-per-sfidat-ne-Kosove.jpg\",\"contentUrl\":\"http:\\\/\\\/presscouncil-ks.org\\\/wp-content\\\/uploads\\\/2025\\\/08\\\/Diskutim-per-sfidat-ne-Kosove.jpg\",\"width\":2048,\"height\":1153},{\"@type\":\"BreadcrumbList\",\"@id\":\"http:\\\/\\\/presscouncil-ks.org\\\/?p=16933#breadcrumb\",\"itemListElement\":[{\"@type\":\"ListItem\",\"position\":1,\"name\":\"Home\",\"item\":\"https:\\\/\\\/presscouncil-ks.org\\\/\"},{\"@type\":\"ListItem\",\"position\":2,\"name\":\"Diskutim p\u00ebr sfidat e edukimit medial n\u00eb Kosov\u00eb\"}]},{\"@type\":\"WebSite\",\"@id\":\"http:\\\/\\\/presscouncil-ks.org\\\/#website\",\"url\":\"http:\\\/\\\/presscouncil-ks.org\\\/\",\"name\":\"https:\\\/\\\/presscouncil-ks.org\\\/\",\"description\":\"\",\"publisher\":{\"@id\":\"http:\\\/\\\/presscouncil-ks.org\\\/#organization\"},\"potentialAction\":[{\"@type\":\"SearchAction\",\"target\":{\"@type\":\"EntryPoint\",\"urlTemplate\":\"http:\\\/\\\/presscouncil-ks.org\\\/?s={search_term_string}\"},\"query-input\":{\"@type\":\"PropertyValueSpecification\",\"valueRequired\":true,\"valueName\":\"search_term_string\"}}],\"inLanguage\":\"en-US\"},{\"@type\":\"Organization\",\"@id\":\"http:\\\/\\\/presscouncil-ks.org\\\/#organization\",\"name\":\"K\u00ebshilli i Mediave t\u00eb Shkruara t\u00eb Kosov\u00ebs\",\"url\":\"http:\\\/\\\/presscouncil-ks.org\\\/\",\"logo\":{\"@type\":\"ImageObject\",\"inLanguage\":\"en-US\",\"@id\":\"http:\\\/\\\/presscouncil-ks.org\\\/#\\\/schema\\\/logo\\\/image\\\/\",\"url\":\"http:\\\/\\\/presscouncil-ks.org\\\/wp-content\\\/uploads\\\/2023\\\/06\\\/cropped-logo.png\",\"contentUrl\":\"http:\\\/\\\/presscouncil-ks.org\\\/wp-content\\\/uploads\\\/2023\\\/06\\\/cropped-logo.png\",\"width\":268,\"height\":166,\"caption\":\"K\u00ebshilli i Mediave t\u00eb Shkruara t\u00eb Kosov\u00ebs\"},\"image\":{\"@id\":\"http:\\\/\\\/presscouncil-ks.org\\\/#\\\/schema\\\/logo\\\/image\\\/\"},\"sameAs\":[\"https:\\\/\\\/www.facebook.com\\\/KMSHKosove\"]},{\"@type\":\"Person\",\"@id\":\"http:\\\/\\\/presscouncil-ks.org\\\/#\\\/schema\\\/person\\\/b79d30c61264caeb733239c16cc4d673\",\"name\":\"Editor\",\"image\":{\"@type\":\"ImageObject\",\"inLanguage\":\"en-US\",\"@id\":\"https:\\\/\\\/secure.gravatar.com\\\/avatar\\\/9534865f39e7b3527010ee17196a76d054b16d731a6a5bfe2f92a071c6e9bf4e?s=96&d=mm&r=g\",\"url\":\"https:\\\/\\\/secure.gravatar.com\\\/avatar\\\/9534865f39e7b3527010ee17196a76d054b16d731a6a5bfe2f92a071c6e9bf4e?s=96&d=mm&r=g\",\"contentUrl\":\"https:\\\/\\\/secure.gravatar.com\\\/avatar\\\/9534865f39e7b3527010ee17196a76d054b16d731a6a5bfe2f92a071c6e9bf4e?s=96&d=mm&r=g\",\"caption\":\"Editor\"},\"url\":\"http:\\\/\\\/presscouncil-ks.org\\\/?author=2\"}]}<\/script>\n<!-- \/ Yoast SEO plugin. -->","yoast_head_json":{"title":"Diskutim p\u00ebr sfidat e edukimit medial n\u00eb Kosov\u00eb - K\u00ebshilli i Mediave t\u00eb Shkruara t\u00eb Kosov\u00ebs | P\u00ebr nj\u00eb gazetari etike dhe profesionale","robots":{"index":"index","follow":"follow","max-snippet":"max-snippet:-1","max-image-preview":"max-image-preview:large","max-video-preview":"max-video-preview:-1"},"canonical":"http:\/\/presscouncil-ks.org\/?p=16933","og_locale":"en_US","og_type":"article","og_title":"Diskutim p\u00ebr sfidat e edukimit medial n\u00eb Kosov\u00eb - K\u00ebshilli i Mediave t\u00eb Shkruara t\u00eb Kosov\u00ebs | P\u00ebr nj\u00eb gazetari etike dhe profesionale","og_description":"N\u00eb Prishtin\u00eb u mbajt takimi i radh\u00ebs i Koalicionit p\u00ebr Edukim Medial. Aktiviteti kishte p\u00ebr q\u00ebllim fuqizimin e qytetar\u00ebve &#8211; sidomos t\u00eb rinjve &#8211; p\u00ebr t\u00eb qen\u00eb m\u00eb aktiv\u00eb n\u00eb mbrojtjen e liris\u00eb s\u00eb medias, duke kund\u00ebrshtuar polarizimin dhe duke nxitur dialogun shoq\u00ebror. &nbsp; Diskutimi nisi me tem\u00ebn \u201cSfidat e edukimit medial n\u00eb Kosov\u00eb\u201d ku [&hellip;]","og_url":"http:\/\/presscouncil-ks.org\/?p=16933","og_site_name":"K\u00ebshilli i Mediave t\u00eb Shkruara t\u00eb Kosov\u00ebs | P\u00ebr nj\u00eb gazetari etike dhe profesionale","article_publisher":"https:\/\/www.facebook.com\/KMSHKosove","article_published_time":"2025-08-29T06:55:28+00:00","article_modified_time":"2025-08-29T20:01:32+00:00","og_image":[{"width":2048,"height":1153,"url":"http:\/\/presscouncil-ks.org\/wp-content\/uploads\/2025\/08\/Diskutim-per-sfidat-ne-Kosove.jpg","type":"image\/jpeg"}],"author":"Editor","twitter_card":"summary_large_image","twitter_misc":{"Written by":"Editor","Est. reading time":"2 minutes"},"schema":{"@context":"https:\/\/schema.org","@graph":[{"@type":"Article","@id":"http:\/\/presscouncil-ks.org\/?p=16933#article","isPartOf":{"@id":"http:\/\/presscouncil-ks.org\/?p=16933"},"author":{"name":"Editor","@id":"http:\/\/presscouncil-ks.org\/#\/schema\/person\/b79d30c61264caeb733239c16cc4d673"},"headline":"Diskutim p\u00ebr sfidat e edukimit medial n\u00eb Kosov\u00eb","datePublished":"2025-08-29T06:55:28+00:00","dateModified":"2025-08-29T20:01:32+00:00","mainEntityOfPage":{"@id":"http:\/\/presscouncil-ks.org\/?p=16933"},"wordCount":290,"commentCount":0,"publisher":{"@id":"http:\/\/presscouncil-ks.org\/#organization"},"image":{"@id":"http:\/\/presscouncil-ks.org\/?p=16933#primaryimage"},"thumbnailUrl":"http:\/\/presscouncil-ks.org\/wp-content\/uploads\/2025\/08\/Diskutim-per-sfidat-ne-Kosove.jpg","articleSection":["Lajm"],"inLanguage":"en-US","potentialAction":[{"@type":"CommentAction","name":"Comment","target":["http:\/\/presscouncil-ks.org\/?p=16933#respond"]}]},{"@type":"WebPage","@id":"http:\/\/presscouncil-ks.org\/?p=16933","url":"http:\/\/presscouncil-ks.org\/?p=16933","name":"Diskutim p\u00ebr sfidat e edukimit medial n\u00eb Kosov\u00eb - K\u00ebshilli i Mediave t\u00eb Shkruara t\u00eb Kosov\u00ebs | P\u00ebr nj\u00eb gazetari etike dhe profesionale","isPartOf":{"@id":"http:\/\/presscouncil-ks.org\/#website"},"primaryImageOfPage":{"@id":"http:\/\/presscouncil-ks.org\/?p=16933#primaryimage"},"image":{"@id":"http:\/\/presscouncil-ks.org\/?p=16933#primaryimage"},"thumbnailUrl":"http:\/\/presscouncil-ks.org\/wp-content\/uploads\/2025\/08\/Diskutim-per-sfidat-ne-Kosove.jpg","datePublished":"2025-08-29T06:55:28+00:00","dateModified":"2025-08-29T20:01:32+00:00","breadcrumb":{"@id":"http:\/\/presscouncil-ks.org\/?p=16933#breadcrumb"},"inLanguage":"en-US","potentialAction":[{"@type":"ReadAction","target":["http:\/\/presscouncil-ks.org\/?p=16933"]}]},{"@type":"ImageObject","inLanguage":"en-US","@id":"http:\/\/presscouncil-ks.org\/?p=16933#primaryimage","url":"http:\/\/presscouncil-ks.org\/wp-content\/uploads\/2025\/08\/Diskutim-per-sfidat-ne-Kosove.jpg","contentUrl":"http:\/\/presscouncil-ks.org\/wp-content\/uploads\/2025\/08\/Diskutim-per-sfidat-ne-Kosove.jpg","width":2048,"height":1153},{"@type":"BreadcrumbList","@id":"http:\/\/presscouncil-ks.org\/?p=16933#breadcrumb","itemListElement":[{"@type":"ListItem","position":1,"name":"Home","item":"https:\/\/presscouncil-ks.org\/"},{"@type":"ListItem","position":2,"name":"Diskutim p\u00ebr sfidat e edukimit medial n\u00eb Kosov\u00eb"}]},{"@type":"WebSite","@id":"http:\/\/presscouncil-ks.org\/#website","url":"http:\/\/presscouncil-ks.org\/","name":"https:\/\/presscouncil-ks.org\/","description":"","publisher":{"@id":"http:\/\/presscouncil-ks.org\/#organization"},"potentialAction":[{"@type":"SearchAction","target":{"@type":"EntryPoint","urlTemplate":"http:\/\/presscouncil-ks.org\/?s={search_term_string}"},"query-input":{"@type":"PropertyValueSpecification","valueRequired":true,"valueName":"search_term_string"}}],"inLanguage":"en-US"},{"@type":"Organization","@id":"http:\/\/presscouncil-ks.org\/#organization","name":"K\u00ebshilli i Mediave t\u00eb Shkruara t\u00eb Kosov\u00ebs","url":"http:\/\/presscouncil-ks.org\/","logo":{"@type":"ImageObject","inLanguage":"en-US","@id":"http:\/\/presscouncil-ks.org\/#\/schema\/logo\/image\/","url":"http:\/\/presscouncil-ks.org\/wp-content\/uploads\/2023\/06\/cropped-logo.png","contentUrl":"http:\/\/presscouncil-ks.org\/wp-content\/uploads\/2023\/06\/cropped-logo.png","width":268,"height":166,"caption":"K\u00ebshilli i Mediave t\u00eb Shkruara t\u00eb Kosov\u00ebs"},"image":{"@id":"http:\/\/presscouncil-ks.org\/#\/schema\/logo\/image\/"},"sameAs":["https:\/\/www.facebook.com\/KMSHKosove"]},{"@type":"Person","@id":"http:\/\/presscouncil-ks.org\/#\/schema\/person\/b79d30c61264caeb733239c16cc4d673","name":"Editor","image":{"@type":"ImageObject","inLanguage":"en-US","@id":"https:\/\/secure.gravatar.com\/avatar\/9534865f39e7b3527010ee17196a76d054b16d731a6a5bfe2f92a071c6e9bf4e?s=96&d=mm&r=g","url":"https:\/\/secure.gravatar.com\/avatar\/9534865f39e7b3527010ee17196a76d054b16d731a6a5bfe2f92a071c6e9bf4e?s=96&d=mm&r=g","contentUrl":"https:\/\/secure.gravatar.com\/avatar\/9534865f39e7b3527010ee17196a76d054b16d731a6a5bfe2f92a071c6e9bf4e?s=96&d=mm&r=g","caption":"Editor"},"url":"http:\/\/presscouncil-ks.org\/?author=2"}]}},"_links":{"self":[{"href":"http:\/\/presscouncil-ks.org\/index.php?rest_route=\/wp\/v2\/posts\/16933","targetHints":{"allow":["GET"]}}],"collection":[{"href":"http:\/\/presscouncil-ks.org\/index.php?rest_route=\/wp\/v2\/posts"}],"about":[{"href":"http:\/\/presscouncil-ks.org\/index.php?rest_route=\/wp\/v2\/types\/post"}],"author":[{"embeddable":true,"href":"http:\/\/presscouncil-ks.org\/index.php?rest_route=\/wp\/v2\/users\/2"}],"replies":[{"embeddable":true,"href":"http:\/\/presscouncil-ks.org\/index.php?rest_route=%2Fwp%2Fv2%2Fcomments&post=16933"}],"version-history":[{"count":2,"href":"http:\/\/presscouncil-ks.org\/index.php?rest_route=\/wp\/v2\/posts\/16933\/revisions"}],"predecessor-version":[{"id":16993,"href":"http:\/\/presscouncil-ks.org\/index.php?rest_route=\/wp\/v2\/posts\/16933\/revisions\/16993"}],"wp:featuredmedia":[{"embeddable":true,"href":"http:\/\/presscouncil-ks.org\/index.php?rest_route=\/wp\/v2\/media\/16934"}],"wp:attachment":[{"href":"http:\/\/presscouncil-ks.org\/index.php?rest_route=%2Fwp%2Fv2%2Fmedia&parent=16933"}],"wp:term":[{"taxonomy":"category","embeddable":true,"href":"http:\/\/presscouncil-ks.org\/index.php?rest_route=%2Fwp%2Fv2%2Fcategories&post=16933"},{"taxonomy":"post_tag","embeddable":true,"href":"http:\/\/presscouncil-ks.org\/index.php?rest_route=%2Fwp%2Fv2%2Ftags&post=16933"}],"curies":[{"name":"wp","href":"https:\/\/api.w.org\/{rel}","templated":true}]}}