{"id":16427,"date":"2025-06-25T11:32:17","date_gmt":"2025-06-25T11:32:17","guid":{"rendered":"https:\/\/presscouncil-ks.org\/?p=16427"},"modified":"2025-07-16T17:19:58","modified_gmt":"2025-07-16T17:19:58","slug":"savet-stampe-doneo-odluku-o-18-zalbi-2","status":"publish","type":"post","link":"http:\/\/presscouncil-ks.org\/?p=16427&lang=sr","title":{"rendered":"Savet \u0160tampe doneo odluku o 18 \u017ealbi"},"content":{"rendered":"<p>Savet \u0160tampe Kosova (S\u0160K) u redovnom sastanku razmotrio je ukupno 18 \u017ealbi. Skup\u0161tina S\u0160K-a odlu\u010dila da dve od njih bude usvojene, pet da se usvoje delimi\u010dno, devet da se ne usvoje, jedna je progla\u0161ena neblagovremena i jedna neprihvatljiva. \u017dalbe su se ticale navodnih kr\u0161enja odre\u0111enih poglavlja Kodeksa za \u0161tampane medije Kosova, kao \u0161to su Poglavlje I &#8211; Op\u0161te odredbe, Poglavlje II \u2013 Istinito izve\u0161tavanje, Poglavlje IV \u2013 Pravo na odgovor, Poglavlje V &#8211; Lica ume\u0161ana u incidente, nesre\u0107e, lica uhap\u0161ena ili optu\u017eena za krivi\u010dna dela i Poglavlje VII \u2013 Privatnost i za\u0161tita izvora.<\/p>\n<p>&nbsp;<\/p>\n<p>Savet \u0160tampe Kosova odobrio je \u017ealbu Emina Racija protiv Periskopi.com zbog fotografije pod nazivom \u201d\u0160ta mislite o Bajc\u0301inovce?\u201c, utvrdiv\u0161i da je prekr\u0161eno Poglavlje II, koji se odnosi na izve\u0161tavanje istine.<\/p>\n<p>&nbsp;<\/p>\n<p>Savet \u0160tampe Kosova odobrio je \u017ealbu Arte Muler protiv Sinjali.com zbog \u010dlanka pod nazivom \u201dEkskluzivno: Dajte mi 20 hiljada evra ili c\u0301u poslati intimne fotografije va\u0161e c\u0301erke va\u0161oj porodici \u2013 Asistent advokatske kancelarije u Pec\u0301i osu\u0111uje \u0161okantnu ucenu u policiji\u201c, utvrdiv\u0161i da je prekr\u0161eno Poglavlje VII Kodeksa \u0160tampe Kosova, koje se odnose na privatnost.<\/p>\n<p>&nbsp;<\/p>\n<p>Savet \u0160tampe Kosova delimi\u010dno je odobrio \u017ealbu Drena Pace protiv Insajderi.org zbog \u010dlanka pod nazivom \u201dOd &#8216;malog tu\u017eioca&#8217; do specijalnog &#8211; sumnjivi uspon Drena Pace u dr\u017eavnoj hijerarhiji\u201c, utvrdiv\u0161i da je prekr\u0161eno Poglavlje II Kosovskog kodeksa za \u0161tampu, koje se bavi istinitom izve\u0161tavanjem, ali ne i poglavlja III i IV, koja se bave podsticanjem i govorom mr\u017enje, odnosno pravom na odgovor, kako tvrdi podnosilac \u017ealbe.<\/p>\n<p>&nbsp;<\/p>\n<p>Savet \u0160tampe Kosova je delimi\u010dno odobrio \u017ealbu nevladine organizacije Aktiv protiv Kosovapress.com, Telegrafi.com, Botasot.info, Njeshi.com i Diasporashqiptare.al zbog \u010dlanka pod nazivom \u201dKu\u010di: Na severu se vodi hibridni rat kako bi se oslabile kosovske institucije\u201c, utvrdiv\u0161i da su prekr\u0161ena poglavlja II i IV Kosovskog kodeksa za \u0161tampu, koja se bave izve\u0161tavanjem istine, odnosno pravom na odgovor, ali ne i Poglavlje III, koje se bavi podsticanjem i govorom mr\u017enje.<\/p>\n<p>&nbsp;<\/p>\n<p>Savet \u0160tampe Kosova je delimi\u010dno odobrio \u017ealbu CARITAS Kosova protiv Veriu.info zbog \u010dlanka pod nazivom \u201dSumnje u name\u0161tanje tendera od 2 miliona od Op\u0161tine Kosovo Polje za Caritas Don Viktora Sopija\u201c, utvrdiv\u0161i da je prekr\u0161eno Poglavlje IV Kodeksa \u0160tampe Kosova, koje se bavi pravom na odgovor, ali ne i Poglavlje II, koje se bavi izve\u0161tavanjem istine.<\/p>\n<p>&nbsp;<\/p>\n<p>Kosovski savet za \u0161tampu je delimi\u010dno odobrio \u017ealbu Af\u00ebrdite Dre\u0161aj, koju zastupa advokat Virtit Ibrahimaga, zbog \u010dlanka pod nazivom \u201c&#8217;Majka mi je rekla da umire&#8217;, biv\u0161a snaja Af\u00ebrdite Dre\u0161aj sa \u0161okantnim optu\u017ebama\u201c, utvrdiv\u0161i da su prekr\u0161ena poglavlja II i IV Kodeksa \u0160tampe Kosova, koja se bave izve\u0161tavanjem istine, odnosno pravom na odgovor, ali ne i poglavlja III i VII, koja se bave podsticanjem i govorom mr\u017enje, odnosno privatno\u0161c\u0301u.<\/p>\n<p>&nbsp;<\/p>\n<p>Savet \u0160tampe Kosova delimi\u010dno je odobrio \u017ealbu Halima Red\u017eepija protiv Klankosova.tv zbog \u010dlanka pod nazivom \u201dUpravljao je finansijama Mosada u Turskoj, za Liridona Red\u017eepija potrebno je 35 godina zatvora\u201c, utvrdiv\u0161i da je prekr\u0161eno Poglavlje II Kodeksa \u0160tampe Kosova, koje se bavi izve\u0161tavanjem istine, ali ne i Poglavlje IV, koje se odnosi na pravu na odgovor.<\/p>\n<p>&nbsp;<\/p>\n<p>Savet \u0160tampe Kosova nije odobrio (odbacio) \u017ealbu kompanije Delfin LTD, koju zastupa advokat Labinot Murati, protiv Veriu.info zbog \u010dlanaka pod naslovom \u201d66 tona ribljeg mesa zara\u017eenog crvima otkriveno je u kompanijama Delfin i Mediteran, AVU Ministarstvo Pecija je skrivala skandal (dokument)\u201c i \u201dAVU je sakrio imena Delfini LTD i Mediteran-N, u kompanijama je prona\u0111eno preko 66 hiljada kilograma ribljeg mesa sa crvima\u201c, zaklju\u010dujuc\u0301i da poglavlja II i VII Kodeksa \u0160tampe Kosova, koja se odnose na izve\u0161tavanje istine, odnosno privatnost, nisu prekr\u0161ena.<\/p>\n<p>&nbsp;<\/p>\n<p>Savet \u0160tampe Kosova nije odobrio (odbacio) \u017ealbu kompanije Delfin LTD, koju zastupa advokat Labinot Murati protiv Insajderi.org zbog \u010dlanka pod naslovom \u201d35 hiljada kilograma zara\u017eenog ribljeg mesa otkriveno je u kompaniji Delfin, detalji\u201c, utvrdiv\u0161i da poglavlja II i VII Kodeksa \u0160tampe Kosova, koja se bave izve\u0161tavanjem istine, odnosno privatnosti, nisu prekr\u0161ena.<\/p>\n<p>&nbsp;<\/p>\n<p>Savet \u0160tampe Kosova nije odobrio (odbacio) \u017ealbu kompanije Delfin LTD, koju zastupa advokat Labinot Murati, protiv Periskopi.com zbog \u010dlanka pod nazivom \u201dCrvljiva riba nije uznemirila preduzec\u0301a, njihov problem ostaje u opasnosti po njihov imid\u017e\u201c, utvrdiv\u0161i da poglavlja II i IV Kodeksa \u0160tampe Kosova, koja se bave izve\u0161tavanjem istine, odnosno pravom na odgovor, nisu prekr\u0161ena.<\/p>\n<p>&nbsp;<\/p>\n<p>Savet \u0160tampe Kosova nije odobrio (odbacio) \u017ealbu \u0160petima Dobre protiv Insajderi.org zbog \u010dlanka pod nazivom \u201dTe\u0161ki zlo\u010dini dospeli u Telekom, intervjuisana Burbuc\u0301e Hana\u201c, utvrdiv\u0161i da Poglavlje II Kodeksa \u0160tampe Kosova, koje se bavi izve\u0161tavanjem istine, nije prekr\u0161eno.<\/p>\n<p>&nbsp;<\/p>\n<p>Savet \u0160tampe Kosova nije odobrio (odbacio) \u017ealbu Fluture Berbatiti-Zene protiv Insajderi.org zbog \u010dlanaka pod nazivom \u201dSavez prijateljica u Had\u017eijuovom ministarstvu &#8211; jedna sekretarica, druga u odboru za imenovanje prijateljice za direktorku\u201c, \u201cIzve\u0161tavanje Insajderija \u2013 Blokiran je proces zapo\u0161ljavanja prijateljice sekretarice Ministarstva pravde za direktorku\u201d, \u201cSavez prijateljica u Ministarstvu pravde \u2013 Had\u017eijuova favoritkinja na putu da postane \u0161efica va\u017enog odeljenja\u201c i \u201dKonkurs za \u0161efa pravnog odeljenja u Ministarstvu pravde ponovo propada \u2013 Podvorica ne prolazi pismeni test\u201c. Prva dva \u010dlanka su utvr\u0111ena kao neblagovremena, dok \u017ealba za druga dva nije odobrena, uz nalaz da poglavlja II, IV i VII Kodeksa \u0160tampe Kosova, koja se bave izve\u0161tavanjem istine, odnosno pravom na odgovor, odnosno privatno\u0161c\u0301u, nisu prekr\u0161ena.<\/p>\n<p>&nbsp;<\/p>\n<p>Savet \u0160tampe Kosova nije odobrio (odbacio) \u017ealbu Mefaila Krjeziua protiv Sinjali.org zbog \u010dlanka pod nazivom \u201dEkskluzivno: Pucnjava kod kule Kadrija Zeke, Sinjanli otkriva imena zvani\u010dnika KCS-a ume\u0161anih u slu\u010daj\u201c, utvrdiv\u0161i da nisu prekr\u0161ena poglavlja IV i VII Kodeksa \u0160tampe Kosova, koja se odnose na pravo na odgovor i privatnost.<\/p>\n<p>&nbsp;<\/p>\n<p>Savet \u0160tampe Kosova nije odobrio (odbacio) \u017ealbu Lendrita Ilijazija protiv Klankosova.tv zbog \u010dlanka pod nazivom \u201dSkandal u Ministarstvu spoljnih poslova: NKR pronalazi nezakonito zapo\u0161ljavanje, nekontrolisane ugovore i tro\u0161enje javnog novca bez ikakvog ra\u010dunovodstva (VIDEO)\u201c, utvrdiv\u0161i da nije prekr\u0161eno Poglavlje II Kodeksa \u0160tampe Kosova, koji se bavi izve\u0161tavanjem istine.<\/p>\n<p>&nbsp;<\/p>\n<p>Savet \u0160tampe Kosova nije odobrio (odbacio) \u017ealbu Arbana Abra\u0161ija protiv Insajderi.org zbog \u010dlanka pod nazivom \u201dOptu\u017ebe protiv biv\u0161eg ministra Abra\u0161ija se produbljuju \/ &#8216;Oti\u0161ao sam za \u017eivot, on nas je ostavio bez plate&#8217; \u2013 Ekskluzivno priznanje 68-godi\u0161njeg voza\u010da\u201c, utvrdiv\u0161i da nisu prekr\u0161ena poglavlja II i V Kodeksa \u0160tampe Kosova, koja se bave izve\u0161tavanjem istine, odnosno pretpostavkom nevinosti.<\/p>\n<p>&nbsp;<\/p>\n<p>Savet \u0160tampe Kosova nije odobrio (odbacio) \u017ealbu kompanije Produkte Bio protiv Kallxo.com zbog \u010dlanka pod nazivom \u201dLa\u017e da \u010daj le\u010di hemoroide\u201c, utvrdiv\u0161i da nije prekr\u0161eno Poglavlje II Kodeksa \u0160tampe Kosova, koje se odnosi na izve\u0161tavanje istine.<\/p>\n<p>&nbsp;<\/p>\n<p>Savet \u0160tampe Kosova je proglasio neblagovremenom \u017ealbu Arbana Abra\u0161ija protiv Insajderi.org zbog \u010dlanka pod nazivom \u201dEkskluzivno &#8211; Insajderi razotkriva \u0161emu prevare radnika u \u0160vedskoj od strane biv\u0161eg ministra Arbana Abra\u0161ija\u201c.<\/p>\n<p>&nbsp;<\/p>\n<p>Savet \u0160tampe Kosova je proglasio neprihvatljivom \u017ealbu Ardita Kololija protiv Fejsbuk stranice \u201dN\u2019teren\u201c, utvrdiv\u0161i da S\u0160K nema ovla\u0161c\u0301enja da re\u0161ava \u017ealbe u vezi sa dru\u0161tvenim mre\u017eama i nalo\u017eio je podnosiocu \u017ealbe da se obrati nadle\u017enoj dru\u0161tvenoj mre\u017ei.<\/p>\n<p>&nbsp;<\/p>\n","protected":false},"excerpt":{"rendered":"<p>Savet \u0160tampe Kosova (S\u0160K) u redovnom sastanku razmotrio je ukupno 18 \u017ealbi. Skup\u0161tina S\u0160K-a odlu\u010dila da dve od njih bude usvojene, pet da se usvoje delimi\u010dno, devet da se ne usvoje, jedna je progla\u0161ena neblagovremena i jedna neprihvatljiva. \u017dalbe su se ticale navodnih kr\u0161enja odre\u0111enih poglavlja Kodeksa za \u0161tampane medije Kosova, kao \u0161to su Poglavlje [&hellip;]<\/p>\n","protected":false},"author":2,"featured_media":16425,"comment_status":"open","ping_status":"open","sticky":false,"template":"","format":"standard","meta":{"footnotes":""},"categories":[135],"tags":[],"class_list":["post-16427","post","type-post","status-publish","format-standard","has-post-thumbnail","hentry","category-vesti"],"acf":[],"yoast_head":"<!-- This site is optimized with the Yoast SEO plugin v28.3 - https:\/\/yoast.com\/product\/yoast-seo-wordpress\/ -->\n<title>Savet \u0160tampe doneo odluku o 18 \u017ealbi - K\u00ebshilli i Mediave t\u00eb Shkruara t\u00eb Kosov\u00ebs | P\u00ebr nj\u00eb gazetari etike dhe profesionale<\/title>\n<meta name=\"robots\" content=\"index, follow, max-snippet:-1, max-image-preview:large, max-video-preview:-1\" \/>\n<link rel=\"canonical\" href=\"http:\/\/presscouncil-ks.org\/?p=16427&lang=sr\" \/>\n<meta property=\"og:locale\" content=\"en_US\" \/>\n<meta property=\"og:type\" content=\"article\" \/>\n<meta property=\"og:title\" content=\"Savet \u0160tampe doneo odluku o 18 \u017ealbi - K\u00ebshilli i Mediave t\u00eb Shkruara t\u00eb Kosov\u00ebs | P\u00ebr nj\u00eb gazetari etike dhe profesionale\" \/>\n<meta property=\"og:description\" content=\"Savet \u0160tampe Kosova (S\u0160K) u redovnom sastanku razmotrio je ukupno 18 \u017ealbi. Skup\u0161tina S\u0160K-a odlu\u010dila da dve od njih bude usvojene, pet da se usvoje delimi\u010dno, devet da se ne usvoje, jedna je progla\u0161ena neblagovremena i jedna neprihvatljiva. \u017dalbe su se ticale navodnih kr\u0161enja odre\u0111enih poglavlja Kodeksa za \u0161tampane medije Kosova, kao \u0161to su Poglavlje [&hellip;]\" \/>\n<meta property=\"og:url\" content=\"http:\/\/presscouncil-ks.org\/?p=16427&amp;lang=sr\" \/>\n<meta property=\"og:site_name\" content=\"K\u00ebshilli i Mediave t\u00eb Shkruara t\u00eb Kosov\u00ebs | P\u00ebr nj\u00eb gazetari etike dhe profesionale\" \/>\n<meta property=\"article:publisher\" content=\"https:\/\/www.facebook.com\/KMSHKosove\" \/>\n<meta property=\"article:published_time\" content=\"2025-06-25T11:32:17+00:00\" \/>\n<meta property=\"article:modified_time\" content=\"2025-07-16T17:19:58+00:00\" \/>\n<meta property=\"og:image\" content=\"http:\/\/presscouncil-ks.org\/wp-content\/uploads\/2025\/06\/Komunikata-Mbledhja-KMShK-scaled.jpg\" \/>\n\t<meta property=\"og:image:width\" content=\"2560\" \/>\n\t<meta property=\"og:image:height\" content=\"1405\" \/>\n\t<meta property=\"og:image:type\" content=\"image\/jpeg\" \/>\n<meta name=\"author\" content=\"Editor\" \/>\n<meta name=\"twitter:card\" content=\"summary_large_image\" \/>\n<meta name=\"twitter:label1\" content=\"Written by\" \/>\n\t<meta name=\"twitter:data1\" content=\"Editor\" \/>\n\t<meta name=\"twitter:label2\" content=\"Est. reading time\" \/>\n\t<meta name=\"twitter:data2\" content=\"6 minutes\" \/>\n<script type=\"application\/ld+json\" class=\"yoast-schema-graph\">{\"@context\":\"https:\\\/\\\/schema.org\",\"@graph\":[{\"@type\":\"Article\",\"@id\":\"http:\\\/\\\/presscouncil-ks.org\\\/?p=16427&lang=sr#article\",\"isPartOf\":{\"@id\":\"http:\\\/\\\/presscouncil-ks.org\\\/?p=16427&lang=sr\"},\"author\":{\"name\":\"Editor\",\"@id\":\"http:\\\/\\\/presscouncil-ks.org\\\/#\\\/schema\\\/person\\\/b79d30c61264caeb733239c16cc4d673\"},\"headline\":\"Savet \u0160tampe doneo odluku o 18 \u017ealbi\",\"datePublished\":\"2025-06-25T11:32:17+00:00\",\"dateModified\":\"2025-07-16T17:19:58+00:00\",\"mainEntityOfPage\":{\"@id\":\"http:\\\/\\\/presscouncil-ks.org\\\/?p=16427&lang=sr\"},\"wordCount\":1247,\"commentCount\":0,\"publisher\":{\"@id\":\"http:\\\/\\\/presscouncil-ks.org\\\/#organization\"},\"image\":{\"@id\":\"http:\\\/\\\/presscouncil-ks.org\\\/?p=16427&lang=sr#primaryimage\"},\"thumbnailUrl\":\"http:\\\/\\\/presscouncil-ks.org\\\/wp-content\\\/uploads\\\/2025\\\/06\\\/Komunikata-Mbledhja-KMShK-scaled.jpg\",\"articleSection\":[\"Vesti\"],\"inLanguage\":\"en-US\",\"potentialAction\":[{\"@type\":\"CommentAction\",\"name\":\"Comment\",\"target\":[\"http:\\\/\\\/presscouncil-ks.org\\\/?p=16427&lang=sr#respond\"]}]},{\"@type\":\"WebPage\",\"@id\":\"http:\\\/\\\/presscouncil-ks.org\\\/?p=16427&lang=sr\",\"url\":\"http:\\\/\\\/presscouncil-ks.org\\\/?p=16427&lang=sr\",\"name\":\"Savet \u0160tampe doneo odluku o 18 \u017ealbi - K\u00ebshilli i Mediave t\u00eb Shkruara t\u00eb Kosov\u00ebs | P\u00ebr nj\u00eb gazetari etike dhe profesionale\",\"isPartOf\":{\"@id\":\"http:\\\/\\\/presscouncil-ks.org\\\/#website\"},\"primaryImageOfPage\":{\"@id\":\"http:\\\/\\\/presscouncil-ks.org\\\/?p=16427&lang=sr#primaryimage\"},\"image\":{\"@id\":\"http:\\\/\\\/presscouncil-ks.org\\\/?p=16427&lang=sr#primaryimage\"},\"thumbnailUrl\":\"http:\\\/\\\/presscouncil-ks.org\\\/wp-content\\\/uploads\\\/2025\\\/06\\\/Komunikata-Mbledhja-KMShK-scaled.jpg\",\"datePublished\":\"2025-06-25T11:32:17+00:00\",\"dateModified\":\"2025-07-16T17:19:58+00:00\",\"breadcrumb\":{\"@id\":\"http:\\\/\\\/presscouncil-ks.org\\\/?p=16427&lang=sr#breadcrumb\"},\"inLanguage\":\"en-US\",\"potentialAction\":[{\"@type\":\"ReadAction\",\"target\":[\"http:\\\/\\\/presscouncil-ks.org\\\/?p=16427&lang=sr\"]}]},{\"@type\":\"ImageObject\",\"inLanguage\":\"en-US\",\"@id\":\"http:\\\/\\\/presscouncil-ks.org\\\/?p=16427&lang=sr#primaryimage\",\"url\":\"http:\\\/\\\/presscouncil-ks.org\\\/wp-content\\\/uploads\\\/2025\\\/06\\\/Komunikata-Mbledhja-KMShK-scaled.jpg\",\"contentUrl\":\"http:\\\/\\\/presscouncil-ks.org\\\/wp-content\\\/uploads\\\/2025\\\/06\\\/Komunikata-Mbledhja-KMShK-scaled.jpg\",\"width\":2560,\"height\":1405},{\"@type\":\"BreadcrumbList\",\"@id\":\"http:\\\/\\\/presscouncil-ks.org\\\/?p=16427&lang=sr#breadcrumb\",\"itemListElement\":[{\"@type\":\"ListItem\",\"position\":1,\"name\":\"Home\",\"item\":\"https:\\\/\\\/presscouncil-ks.org\\\/\"},{\"@type\":\"ListItem\",\"position\":2,\"name\":\"Savet \u0160tampe doneo odluku o 18 \u017ealbi\"}]},{\"@type\":\"WebSite\",\"@id\":\"http:\\\/\\\/presscouncil-ks.org\\\/#website\",\"url\":\"http:\\\/\\\/presscouncil-ks.org\\\/\",\"name\":\"https:\\\/\\\/presscouncil-ks.org\\\/\",\"description\":\"\",\"publisher\":{\"@id\":\"http:\\\/\\\/presscouncil-ks.org\\\/#organization\"},\"potentialAction\":[{\"@type\":\"SearchAction\",\"target\":{\"@type\":\"EntryPoint\",\"urlTemplate\":\"http:\\\/\\\/presscouncil-ks.org\\\/?s={search_term_string}\"},\"query-input\":{\"@type\":\"PropertyValueSpecification\",\"valueRequired\":true,\"valueName\":\"search_term_string\"}}],\"inLanguage\":\"en-US\"},{\"@type\":\"Organization\",\"@id\":\"http:\\\/\\\/presscouncil-ks.org\\\/#organization\",\"name\":\"K\u00ebshilli i Mediave t\u00eb Shkruara t\u00eb Kosov\u00ebs\",\"url\":\"http:\\\/\\\/presscouncil-ks.org\\\/\",\"logo\":{\"@type\":\"ImageObject\",\"inLanguage\":\"en-US\",\"@id\":\"http:\\\/\\\/presscouncil-ks.org\\\/#\\\/schema\\\/logo\\\/image\\\/\",\"url\":\"http:\\\/\\\/presscouncil-ks.org\\\/wp-content\\\/uploads\\\/2023\\\/06\\\/cropped-logo.png\",\"contentUrl\":\"http:\\\/\\\/presscouncil-ks.org\\\/wp-content\\\/uploads\\\/2023\\\/06\\\/cropped-logo.png\",\"width\":268,\"height\":166,\"caption\":\"K\u00ebshilli i Mediave t\u00eb Shkruara t\u00eb Kosov\u00ebs\"},\"image\":{\"@id\":\"http:\\\/\\\/presscouncil-ks.org\\\/#\\\/schema\\\/logo\\\/image\\\/\"},\"sameAs\":[\"https:\\\/\\\/www.facebook.com\\\/KMSHKosove\"]},{\"@type\":\"Person\",\"@id\":\"http:\\\/\\\/presscouncil-ks.org\\\/#\\\/schema\\\/person\\\/b79d30c61264caeb733239c16cc4d673\",\"name\":\"Editor\",\"image\":{\"@type\":\"ImageObject\",\"inLanguage\":\"en-US\",\"@id\":\"https:\\\/\\\/secure.gravatar.com\\\/avatar\\\/9534865f39e7b3527010ee17196a76d054b16d731a6a5bfe2f92a071c6e9bf4e?s=96&d=mm&r=g\",\"url\":\"https:\\\/\\\/secure.gravatar.com\\\/avatar\\\/9534865f39e7b3527010ee17196a76d054b16d731a6a5bfe2f92a071c6e9bf4e?s=96&d=mm&r=g\",\"contentUrl\":\"https:\\\/\\\/secure.gravatar.com\\\/avatar\\\/9534865f39e7b3527010ee17196a76d054b16d731a6a5bfe2f92a071c6e9bf4e?s=96&d=mm&r=g\",\"caption\":\"Editor\"},\"url\":\"http:\\\/\\\/presscouncil-ks.org\\\/?author=2\"}]}<\/script>\n<!-- \/ Yoast SEO plugin. -->","yoast_head_json":{"title":"Savet \u0160tampe doneo odluku o 18 \u017ealbi - K\u00ebshilli i Mediave t\u00eb Shkruara t\u00eb Kosov\u00ebs | P\u00ebr nj\u00eb gazetari etike dhe profesionale","robots":{"index":"index","follow":"follow","max-snippet":"max-snippet:-1","max-image-preview":"max-image-preview:large","max-video-preview":"max-video-preview:-1"},"canonical":"http:\/\/presscouncil-ks.org\/?p=16427&lang=sr","og_locale":"en_US","og_type":"article","og_title":"Savet \u0160tampe doneo odluku o 18 \u017ealbi - K\u00ebshilli i Mediave t\u00eb Shkruara t\u00eb Kosov\u00ebs | P\u00ebr nj\u00eb gazetari etike dhe profesionale","og_description":"Savet \u0160tampe Kosova (S\u0160K) u redovnom sastanku razmotrio je ukupno 18 \u017ealbi. Skup\u0161tina S\u0160K-a odlu\u010dila da dve od njih bude usvojene, pet da se usvoje delimi\u010dno, devet da se ne usvoje, jedna je progla\u0161ena neblagovremena i jedna neprihvatljiva. \u017dalbe su se ticale navodnih kr\u0161enja odre\u0111enih poglavlja Kodeksa za \u0161tampane medije Kosova, kao \u0161to su Poglavlje [&hellip;]","og_url":"http:\/\/presscouncil-ks.org\/?p=16427&lang=sr","og_site_name":"K\u00ebshilli i Mediave t\u00eb Shkruara t\u00eb Kosov\u00ebs | P\u00ebr nj\u00eb gazetari etike dhe profesionale","article_publisher":"https:\/\/www.facebook.com\/KMSHKosove","article_published_time":"2025-06-25T11:32:17+00:00","article_modified_time":"2025-07-16T17:19:58+00:00","og_image":[{"width":2560,"height":1405,"url":"http:\/\/presscouncil-ks.org\/wp-content\/uploads\/2025\/06\/Komunikata-Mbledhja-KMShK-scaled.jpg","type":"image\/jpeg"}],"author":"Editor","twitter_card":"summary_large_image","twitter_misc":{"Written by":"Editor","Est. reading time":"6 minutes"},"schema":{"@context":"https:\/\/schema.org","@graph":[{"@type":"Article","@id":"http:\/\/presscouncil-ks.org\/?p=16427&lang=sr#article","isPartOf":{"@id":"http:\/\/presscouncil-ks.org\/?p=16427&lang=sr"},"author":{"name":"Editor","@id":"http:\/\/presscouncil-ks.org\/#\/schema\/person\/b79d30c61264caeb733239c16cc4d673"},"headline":"Savet \u0160tampe doneo odluku o 18 \u017ealbi","datePublished":"2025-06-25T11:32:17+00:00","dateModified":"2025-07-16T17:19:58+00:00","mainEntityOfPage":{"@id":"http:\/\/presscouncil-ks.org\/?p=16427&lang=sr"},"wordCount":1247,"commentCount":0,"publisher":{"@id":"http:\/\/presscouncil-ks.org\/#organization"},"image":{"@id":"http:\/\/presscouncil-ks.org\/?p=16427&lang=sr#primaryimage"},"thumbnailUrl":"http:\/\/presscouncil-ks.org\/wp-content\/uploads\/2025\/06\/Komunikata-Mbledhja-KMShK-scaled.jpg","articleSection":["Vesti"],"inLanguage":"en-US","potentialAction":[{"@type":"CommentAction","name":"Comment","target":["http:\/\/presscouncil-ks.org\/?p=16427&lang=sr#respond"]}]},{"@type":"WebPage","@id":"http:\/\/presscouncil-ks.org\/?p=16427&lang=sr","url":"http:\/\/presscouncil-ks.org\/?p=16427&lang=sr","name":"Savet \u0160tampe doneo odluku o 18 \u017ealbi - K\u00ebshilli i Mediave t\u00eb Shkruara t\u00eb Kosov\u00ebs | P\u00ebr nj\u00eb gazetari etike dhe profesionale","isPartOf":{"@id":"http:\/\/presscouncil-ks.org\/#website"},"primaryImageOfPage":{"@id":"http:\/\/presscouncil-ks.org\/?p=16427&lang=sr#primaryimage"},"image":{"@id":"http:\/\/presscouncil-ks.org\/?p=16427&lang=sr#primaryimage"},"thumbnailUrl":"http:\/\/presscouncil-ks.org\/wp-content\/uploads\/2025\/06\/Komunikata-Mbledhja-KMShK-scaled.jpg","datePublished":"2025-06-25T11:32:17+00:00","dateModified":"2025-07-16T17:19:58+00:00","breadcrumb":{"@id":"http:\/\/presscouncil-ks.org\/?p=16427&lang=sr#breadcrumb"},"inLanguage":"en-US","potentialAction":[{"@type":"ReadAction","target":["http:\/\/presscouncil-ks.org\/?p=16427&lang=sr"]}]},{"@type":"ImageObject","inLanguage":"en-US","@id":"http:\/\/presscouncil-ks.org\/?p=16427&lang=sr#primaryimage","url":"http:\/\/presscouncil-ks.org\/wp-content\/uploads\/2025\/06\/Komunikata-Mbledhja-KMShK-scaled.jpg","contentUrl":"http:\/\/presscouncil-ks.org\/wp-content\/uploads\/2025\/06\/Komunikata-Mbledhja-KMShK-scaled.jpg","width":2560,"height":1405},{"@type":"BreadcrumbList","@id":"http:\/\/presscouncil-ks.org\/?p=16427&lang=sr#breadcrumb","itemListElement":[{"@type":"ListItem","position":1,"name":"Home","item":"https:\/\/presscouncil-ks.org\/"},{"@type":"ListItem","position":2,"name":"Savet \u0160tampe doneo odluku o 18 \u017ealbi"}]},{"@type":"WebSite","@id":"http:\/\/presscouncil-ks.org\/#website","url":"http:\/\/presscouncil-ks.org\/","name":"https:\/\/presscouncil-ks.org\/","description":"","publisher":{"@id":"http:\/\/presscouncil-ks.org\/#organization"},"potentialAction":[{"@type":"SearchAction","target":{"@type":"EntryPoint","urlTemplate":"http:\/\/presscouncil-ks.org\/?s={search_term_string}"},"query-input":{"@type":"PropertyValueSpecification","valueRequired":true,"valueName":"search_term_string"}}],"inLanguage":"en-US"},{"@type":"Organization","@id":"http:\/\/presscouncil-ks.org\/#organization","name":"K\u00ebshilli i Mediave t\u00eb Shkruara t\u00eb Kosov\u00ebs","url":"http:\/\/presscouncil-ks.org\/","logo":{"@type":"ImageObject","inLanguage":"en-US","@id":"http:\/\/presscouncil-ks.org\/#\/schema\/logo\/image\/","url":"http:\/\/presscouncil-ks.org\/wp-content\/uploads\/2023\/06\/cropped-logo.png","contentUrl":"http:\/\/presscouncil-ks.org\/wp-content\/uploads\/2023\/06\/cropped-logo.png","width":268,"height":166,"caption":"K\u00ebshilli i Mediave t\u00eb Shkruara t\u00eb Kosov\u00ebs"},"image":{"@id":"http:\/\/presscouncil-ks.org\/#\/schema\/logo\/image\/"},"sameAs":["https:\/\/www.facebook.com\/KMSHKosove"]},{"@type":"Person","@id":"http:\/\/presscouncil-ks.org\/#\/schema\/person\/b79d30c61264caeb733239c16cc4d673","name":"Editor","image":{"@type":"ImageObject","inLanguage":"en-US","@id":"https:\/\/secure.gravatar.com\/avatar\/9534865f39e7b3527010ee17196a76d054b16d731a6a5bfe2f92a071c6e9bf4e?s=96&d=mm&r=g","url":"https:\/\/secure.gravatar.com\/avatar\/9534865f39e7b3527010ee17196a76d054b16d731a6a5bfe2f92a071c6e9bf4e?s=96&d=mm&r=g","contentUrl":"https:\/\/secure.gravatar.com\/avatar\/9534865f39e7b3527010ee17196a76d054b16d731a6a5bfe2f92a071c6e9bf4e?s=96&d=mm&r=g","caption":"Editor"},"url":"http:\/\/presscouncil-ks.org\/?author=2"}]}},"_links":{"self":[{"href":"http:\/\/presscouncil-ks.org\/index.php?rest_route=\/wp\/v2\/posts\/16427","targetHints":{"allow":["GET"]}}],"collection":[{"href":"http:\/\/presscouncil-ks.org\/index.php?rest_route=\/wp\/v2\/posts"}],"about":[{"href":"http:\/\/presscouncil-ks.org\/index.php?rest_route=\/wp\/v2\/types\/post"}],"author":[{"embeddable":true,"href":"http:\/\/presscouncil-ks.org\/index.php?rest_route=\/wp\/v2\/users\/2"}],"replies":[{"embeddable":true,"href":"http:\/\/presscouncil-ks.org\/index.php?rest_route=%2Fwp%2Fv2%2Fcomments&post=16427"}],"version-history":[{"count":4,"href":"http:\/\/presscouncil-ks.org\/index.php?rest_route=\/wp\/v2\/posts\/16427\/revisions"}],"predecessor-version":[{"id":16629,"href":"http:\/\/presscouncil-ks.org\/index.php?rest_route=\/wp\/v2\/posts\/16427\/revisions\/16629"}],"wp:featuredmedia":[{"embeddable":true,"href":"http:\/\/presscouncil-ks.org\/index.php?rest_route=\/wp\/v2\/media\/16425"}],"wp:attachment":[{"href":"http:\/\/presscouncil-ks.org\/index.php?rest_route=%2Fwp%2Fv2%2Fmedia&parent=16427"}],"wp:term":[{"taxonomy":"category","embeddable":true,"href":"http:\/\/presscouncil-ks.org\/index.php?rest_route=%2Fwp%2Fv2%2Fcategories&post=16427"},{"taxonomy":"post_tag","embeddable":true,"href":"http:\/\/presscouncil-ks.org\/index.php?rest_route=%2Fwp%2Fv2%2Ftags&post=16427"}],"curies":[{"name":"wp","href":"https:\/\/api.w.org\/{rel}","templated":true}]}}