{"id":16424,"date":"2025-06-25T11:31:34","date_gmt":"2025-06-25T11:31:34","guid":{"rendered":"https:\/\/presscouncil-ks.org\/?p=16424"},"modified":"2025-08-29T19:48:00","modified_gmt":"2025-08-29T19:48:00","slug":"kuvendi-i-kmshk-se-mori-vendim-per-18-ankesa-2","status":"publish","type":"post","link":"http:\/\/presscouncil-ks.org\/?p=16424","title":{"rendered":"Kuvendi i KMShK-s\u00eb mori vendim p\u00ebr 18 ankesa"},"content":{"rendered":"<p>K\u00ebshilli i Mediave t\u00eb Shkruara t\u00eb Kosov\u00ebs (KMShK) n\u00eb mbledhjen e rregullt ka shqyrtuar gjithsej 18 ankesa. An\u00ebtar\u00ebt e Kuvendit t\u00eb KMShK-s\u00eb kan\u00eb vendosur q\u00eb t\u00eb miratohen dy nga to, pes\u00eb t\u00eb miratohen pjes\u00ebrisht, n\u00ebnt\u00eb t\u00eb refuzohen, nj\u00eb t\u00eb shpallet e paafatshme dhe nj\u00eb tjet\u00ebr e pajtrajtueshme.<\/p>\n<p>&nbsp;<\/p>\n<p>Ankesat kishin t\u00eb b\u00ebnin me pretendimet p\u00ebr shkeljen e kapitujve t\u00eb caktuar t\u00eb Kodit t\u00eb Mediave t\u00eb Shkruara t\u00eb Kosov\u00ebs, p\u00ebrkat\u00ebsisht Kapitullit I &#8211; Dispozitat e p\u00ebrgjithshme, Kapitullit II &#8211; Raportimi i s\u00eb v\u00ebrtet\u00ebs, Kapitullit III \u2013 Nxitja dhe gjuha e urrejtjes, Kapitullit IV \u2013 E drejta p\u00ebr t\u2019u p\u00ebrgjigjur, Kapitullit V &#8211; Personat e p\u00ebrfshir\u00eb n\u00eb incidente, aksidente, t\u00eb arrestuar apo t\u00eb akuzuar p\u00ebr vepra penale dhe Kapitullit VII &#8211; Privat\u00ebsia dhe mbrojtja e burimeve. <a name=\"_Toc180937198\"><\/a><a name=\"_Toc180937196\"><\/a><a name=\"_Toc180937213\"><\/a><\/p>\n<p>&nbsp;<\/p>\n<p>KMShK ka miratuar ankes\u00ebn e Emin Racit kund\u00ebr Periskopi.com p\u00ebr fotografin\u00eb me titull \u201c\u00c7far\u00eb mendimi keni p\u00ebr Bajqinovct?\u201d, duke konstatuar se \u00ebsht\u00eb shkelur Kapitulli II, i cili ka t\u00eb b\u00ebj\u00eb me raportimin e s\u00eb v\u00ebrtet\u00ebs.<\/p>\n<p>&nbsp;<\/p>\n<p>KMShK ka miratuar ankes\u00ebn e Arta M\u00fcller kund\u00ebr Sinjali.com p\u00ebr shkrimin me titull \u201cEkskluzive: M\u2019i jep 20 mij\u00eb euro ose ia d\u00ebrgoj familjes fotot intime t\u00eb vajz\u00ebs t\u00ebnde \u2013 Asistentja e nj\u00eb avokature n\u00eb Pej\u00eb denoncon shantazhin trondit\u00ebs n\u00eb Polici\u201d, duke konstatuar se \u00ebsht\u00eb shkelur kapitulli VII i Kodit t\u00eb Mediave t\u00eb Shkruara t\u00eb Kosov\u00ebs, i cili ka t\u00eb b\u00ebj\u00eb me privat\u00ebsin\u00eb.<\/p>\n<p>&nbsp;<\/p>\n<h2>KMShK ka miratuar pjes\u00ebrisht ankes\u00ebn e Dren Pac\u00ebs kund\u00ebr Insajderi.org p\u00ebr shkrimin me titull \u201cNga \u2018prokuror i vog\u00ebl\u2019 drejt n\u00eb Speciale &#8211; ngritja e dyshimt\u00eb e Dren Pac\u00ebs n\u00eb hierarkin\u00eb e shtetit\u201d, duke konstatuar se \u00ebsht\u00eb shkelur Kapitulli II i Kodit t\u00eb Mediave t\u00eb Shkruara t\u00eb Kosov\u00ebs, i cili ka t\u00eb b\u00ebj\u00eb me raportimin e s\u00eb v\u00ebrtet\u00ebs, por jo edhe kapitujt III dhe IV q\u00eb kan\u00eb t\u00eb b\u00ebjn\u00eb nxitjen dhe gjuh\u00ebn e urrejtjes, p\u00ebrkat\u00ebsisht t\u00eb drejt\u00ebn p\u00ebr t\u2019u p\u00ebrgjigjur, ashtu si\u00e7 pretendon pala ankuese.<\/h2>\n<p><a name=\"_Toc180937188\"><\/a><a name=\"_Toc180937191\"><\/a><a name=\"_Toc180937203\"><\/a><\/p>\n<h2>KMShK ka miratuar pjes\u00ebrisht ankes\u00ebn e OJQ Aktiv kund\u00ebr Kosovapress.com, Telegrafi.com, Botasot.info, Njeshi.com dhe Diasporashqiptare.al p\u00ebr shkrimin me titull \u201cKu\u00e7i: N\u00eb veri po b\u00ebhet luft\u00eb hibride p\u00ebr t\u00eb dob\u00ebsuar institucionet e Kosov\u00ebs\u201d, duke konstatuar se jan\u00eb shkelur kapitujt II dhe IV t\u00eb Kodit t\u00eb Mediave t\u00eb Shkruara t\u00eb Kosov\u00ebs, t\u00eb cil\u00ebt kan\u00eb t\u00eb b\u00ebjn\u00eb me raportimin e s\u00eb v\u00ebrtet\u00ebs, p\u00ebrkat\u00ebsisht t\u00eb drejt\u00ebn p\u00ebr t\u2019u p\u00ebrgjigjur, por jo edhe Kapitulli III, i cili ka t\u00eb b\u00ebj\u00eb me nxitjen dhe gjuh\u00ebn e urrejtjes, si\u00e7 pretendon pala ankuese.<\/h2>\n<p>&nbsp;<\/p>\n<h2>KMShK ka miratuar pjes\u00ebrisht ankes\u00ebn e CARITAS Kosova kund\u00ebr Veriu.info p\u00ebr shkrimin me titull \u201cDyshime p\u00ebr kurdisje t\u00eb tenderit 2 milion\u00ebsh nga Komuna e Fush\u00eb Kosov\u00ebs p\u00ebr Caritas-in e Don Viktor Sopit\u201d, duke konstatuar se \u00ebsht\u00eb shkelur Kapitulli IV i Kodit t\u00eb Mediave t\u00eb Shkruara t\u00eb Kosov\u00ebs, i cili ka t\u00eb b\u00ebj\u00eb me t\u00eb drejt\u00ebn p\u00ebr t\u2019u p\u00ebrgjigjur, por jo edhe Kapitulli II, i cili ka t\u00eb b\u00ebj\u00eb me raportimin e s\u00eb v\u00ebrtet\u00ebs.<\/h2>\n<p>&nbsp;<\/p>\n<p>KMShK ka miratuar pjes\u00ebrisht ankes\u00ebn e Af\u00ebrdita Dreshajt, p\u00ebrfaq\u00ebsuar nga avokati Virtyt Ibrahimaga, p\u00ebr shkrimin me titull \u201c\u2018M\u00eb tha mami vdis\u2019, ish-kunata e Af\u00ebrdita Dreshajt me pretendime trondit\u00ebse\u201d, duke konstatuar se jan\u00eb shkelur kapitujt II dhe IV t\u00eb Kodit t\u00eb Mediave t\u00eb Shkruara t\u00eb Kosov\u00ebs, t\u00eb cil\u00ebt kan\u00eb t\u00eb b\u00ebjn\u00eb me raportimin e s\u00eb v\u00ebrtet\u00ebs, p\u00ebrkat\u00ebsisht t\u00eb drejt\u00ebn p\u00ebr t\u2019u p\u00ebrgjigjur, por jo edhe kapitujt III dhe VII, t\u00eb cil\u00ebt kan\u00eb t\u00eb b\u00ebjn\u00eb me nxitjen dhe gjuh\u00ebn e urrejtjes, p\u00ebrkat\u00ebsisht privat\u00ebsin\u00eb.<\/p>\n<p>&nbsp;<\/p>\n<h2>KMShK ka miratuar pjes\u00ebrisht ankes\u00ebn e Halim Rexhepit kund\u00ebr Klankosova.tv p\u00ebr shkrimin me titull \u201cMenaxhonte me financat e Mossadit n\u00eb Turqi, k\u00ebrkohet 35 vjet burgim p\u00ebr Liridon Rexhepin\u201d, duke konstatuar se \u00ebsht\u00eb shkelur Kapitulli II i Kodit t\u00eb Mediave t\u00eb Shkruara t\u00eb Kosov\u00ebs, i cili ka t\u00eb b\u00ebj\u00eb me raportimin e s\u00eb v\u00ebrtet\u00ebs, por jo edhe Kapitulli IV, i cili ka t\u00eb b\u00ebj\u00eb me raportimin e s\u00eb v\u00ebrtet\u00ebs.<\/h2>\n<p>&nbsp;<\/p>\n<p>KMShK nuk e ka miratuar (e ka hedhur posht\u00eb) ankes\u00ebn e Delfin LTD, p\u00ebrfaq\u00ebsuar nga avokati Labinot Murati kund\u00ebr Veriu.info p\u00ebr shkrimet me tituj \u201cKompanive Delfin dhe Mediteran iu zbuluan 66 ton\u00eb mish peshku t\u00eb infektuar me krimba, AVU-i i Ministris\u00eb s\u00eb Pecit mbajti t\u00eb fshehur skandalin (dokument)\u201d dhe \u201cAVU fshehu emrat e Delfini LTD dhe Mediteran-N, kompanive iu gjet\u00ebn mbi 66 mij\u00eb kilogram\u00eb mish peshku me krimba\u201d, duke konstatuar se nuk jan\u00eb shkelur kapitujt II dhe VII t\u00eb Kodit t\u00eb Mediave t\u00eb Shkruara t\u00eb Kosov\u00ebs, t\u00eb cil\u00ebt kan\u00eb t\u00eb b\u00ebjn\u00eb me raportimin e s\u00eb v\u00ebrtet\u00ebs, p\u00ebrkat\u00ebsisht privat\u00ebsin\u00eb.<\/p>\n<p>&nbsp;<\/p>\n<p>KMShK nuk e ka miratuar (e ka hedhur posht\u00eb) ankes\u00ebn e Delfin LTD, p\u00ebrfaq\u00ebsuar nga avokati Labinot Murati kund\u00ebr Insajderi.org p\u00ebr shkrimin me titull \u201cKompanis\u00eb Delfin i zbulohen 35 mij\u00eb kilogram\u00eb mish peshku t\u00eb infektuar, detaje\u201d, duke konstatuar se nuk jan\u00eb shkelur kapitujt II dhe VII t\u00eb Kodit t\u00eb Mediave t\u00eb Shkruara t\u00eb Kosov\u00ebs, t\u00eb cil\u00ebt kan\u00eb t\u00eb b\u00ebjn\u00eb me raportimin e s\u00eb v\u00ebrtet\u00ebs, p\u00ebrkat\u00ebsisht privat\u00ebsin\u00eb.<\/p>\n<p>&nbsp;<\/p>\n<p>KMShK nuk e ka miratuar (e ka hedhur posht\u00eb) ankes\u00ebn e Delfin LTD, p\u00ebrfaq\u00ebsuar nga avokati Labinot Murati kund\u00ebr Periskopi.com p\u00ebr shkrimin me titull \u201cPeshku i krimbur nuk shqet\u00ebsoi bizneset, derti i tyre mbetet tek rrezikimi i imazhit t\u00eb tyre\u201d, duke konstatuar se nuk jan\u00eb shkelur kapitujt II dhe IV t\u00eb Kodit t\u00eb Mediave t\u00eb Shkruara t\u00eb Kosov\u00ebs, t\u00eb cil\u00ebt kan\u00eb t\u00eb b\u00ebjn\u00eb me raportimin e s\u00eb v\u00ebrtet\u00ebs, p\u00ebrkat\u00ebsisht t\u00eb drejt\u00ebn p\u00ebr t\u2019u p\u00ebrgjigjur.<\/p>\n<p>&nbsp;<\/p>\n<p>KMShK nuk e ka miratuar (e ka hedhur posht\u00eb) ankes\u00ebn e Shp\u00ebtim Dobr\u00ebs kund\u00ebr Insajderi.org p\u00ebr shkrimin me titull \u201cKrimet e r\u00ebnda zbarkojn\u00eb n\u00eb Telekom, intervistohet Burbuqe Hana\u201d, duke konstatuar se nuk \u00ebsht\u00eb shkelur Kapitulli II i Kodit t\u00eb Mediave t\u00eb Shkruara t\u00eb Kosov\u00ebs, i cili ka t\u00eb b\u00ebj\u00eb me raportimin e s\u00eb v\u00ebrtet\u00ebs.<\/p>\n<p>&nbsp;<\/p>\n<p>KMShK nuk e ka miratuar (e ka hedhur posht\u00eb) ankes\u00ebn e Flutura Berbatit-Zen\u00ebs kund\u00ebr Insajderi.org p\u00ebr shkrimet me tituj \u201cAleanca e shoqeve n\u00eb ministrin\u00eb e Haxhiut \u2013 nj\u00ebra sekreteare, tjetra n\u00eb komision p\u00ebr ta b\u00ebr\u00eb shoqen drejtoresh\u00eb\u201d, \u201cRaportimi i Insajderit \u2013 Bllokohet procesi i rekrutimit p\u00ebr drejtoresh\u00eb t\u00eb shoqes s\u00eb sekretaresh\u00ebs s\u00eb MD-s\u00eb\u201d, \u201cAleanca e shoqeve n\u00eb MD &#8211; E preferuara e kabinetit t\u00eb Haxhiut rrug\u00ebs p\u00ebr t\u2019u b\u00ebr\u00eb shefe e departamentit t\u00eb r\u00ebnd\u00ebsish\u00ebm\u201d dhe \u201cD\u00ebshton s\u00ebrish konkursi p\u00ebr udh\u00ebheq\u00ebs t\u00eb Departamentit Ligjor n\u00eb MD &#8211; Podvorica s\u2019e kalon testin me shkrim\u201d. P\u00ebr dy shkrimet e para KMShK ka konstatuar se jan\u00eb t\u00eb paafatshme, kurse ankesa p\u00ebr dy t\u00eb tjerat nuk \u00ebsht\u00eb miratuar, duke konstatuar se nuk jan\u00eb shkelur kapitujt II, IV dhe VII t\u00eb Kodit t\u00eb Mediave t\u00eb Shkruara t\u00eb Kosov\u00ebs t\u00eb cil\u00ebt kan\u00eb t\u00eb b\u00ebjn\u00eb me raportimin e s\u00eb v\u00ebrtet\u00ebs, p\u00ebrkat\u00ebsisht t\u00eb drejt\u00ebn p\u00ebr t\u2019u p\u00ebrgjigjur, p\u00ebrkat\u00ebsisht privat\u00ebsin\u00eb.<\/p>\n<p>&nbsp;<\/p>\n<p>KMShK nuk e ka miratuar (e ka hedhur posht\u00eb) ankes\u00ebn e Mefail Kryeziut kund\u00ebr Sinjali.org p\u00ebr shkrimin me titull \u201cEkskluzive: Festa me t\u00eb sht\u00ebna n\u00eb Kull\u00ebn e Kadri Zek\u00ebs, Sinjali sjell emrat e zyrtar\u00ebve t\u00eb SHKK-s\u00eb t\u00eb p\u00ebrfshir\u00eb n\u00eb rast\u201d, duke konstatuar se nuk jan\u00eb shkelur kapitujt IV dhe VII t\u00eb Kodit t\u00eb Mediave t\u00eb Shkruara t\u00eb Kosov\u00ebs, t\u00eb cil\u00ebt kan\u00eb t\u00eb b\u00ebjn\u00eb me t\u00eb drejt\u00ebn p\u00ebr t\u2019u p\u00ebrgjigjur, p\u00ebrkat\u00ebsisht privat\u00ebsin\u00eb.<\/p>\n<p>&nbsp;<\/p>\n<p>KMShK nuk e ka miratuar (e ka hedhur posht\u00eb) ankes\u00ebn e Lendrit Ilijazit kund\u00ebr Klankosova.tv p\u00ebr shkrimin me titull \u201cSkandali n\u00eb MPJD: ZKA gjen pun\u00ebsime pa ligj, kontrata pa kontroll dhe shpenzim t\u00eb paras\u00eb publike pa asnj\u00eb llogari (VIDEO)\u201d, duke konstatuar se nuk \u00ebsht\u00eb shkelur Kapitulli II i Kodit t\u00eb Mediave t\u00eb Shkruara t\u00eb Kosov\u00ebs, i cili ka t\u00eb b\u00ebj\u00eb me raportimin e s\u00eb v\u00ebrtet\u00ebs<\/p>\n<p>&nbsp;<\/p>\n<p>KMShK nuk e ka miratuar (e ka hedhur posht\u00eb) ankes\u00ebn e Arban Abrashit kund\u00ebr Insajderi.org p\u00ebr shkrimin me titull \u201cThellohen akuzat ndaj ish-ministrit Abrashi \/ \u2018Shkova p\u00ebr buk\u00eb t\u00eb goj\u00ebs, na la pa rroga\u2019 \u2013 Rr\u00ebfimi ekskluziv i shoferit 68-vje\u00e7ar\u201d, duke konstatuar se nuk jan\u00eb shkelur kapitujt II dhe V t\u00eb Kodit t\u00eb Mediave t\u00eb Shkruara t\u00eb Kosov\u00ebs, t\u00eb cil\u00ebt kan\u00eb t\u00eb b\u00ebjn\u00eb me raportimin e s\u00eb v\u00ebrtet\u00ebs, p\u00ebrkat\u00ebsisht prezumimin e pafaj\u00ebsis\u00eb.<\/p>\n<p>&nbsp;<\/p>\n<p>KMShK nuk e ka miratuar (e ka hedhur posht\u00eb) ankes\u00ebn e kompanis\u00eb Produkte Bio kund\u00ebr Kallxo.com p\u00ebr shkrimin me titull \u201cRrena se nj\u00eb \u00e7aj i sh\u00ebron hemorroidet\u201d, duke konstatuar se nuk \u00ebsht\u00eb shkelur Kapitulli II i Kodit t\u00eb Mediave t\u00eb Shkruara t\u00eb Kosov\u00ebs, i cili ka t\u00eb b\u00ebj\u00eb me raportimin e s\u00eb v\u00ebrtet\u00ebs.<\/p>\n<p>&nbsp;<\/p>\n<h2>KMShK e ka shpallur t\u00eb paafatshme ankes\u00ebn e Arban Abrashit kund\u00ebr Insajderi.org p\u00ebr shkrimin me titull \u201cEkskluzive &#8211; Insajderi zbardh skem\u00ebn e mashtrimit t\u00eb pun\u00ebtor\u00ebve n\u00eb Suedi nga ish-ministri Arban Abrashi\u201d.<\/h2>\n<h2><\/h2>\n<p>KMShK e ka shpallur t\u00eb patrajtueshme ankes\u00ebn e Ardit Kolollit kund\u00ebr faqes n\u00eb rrjetin social Facebook \u201cN\u2019teren\u201d, duke konstatuar se KMShK nuk ka kompetenc\u00eb t\u00eb trajtoj\u00eb ankesa q\u00eb lidhen rrjetet sociale. KMShK \u00a0udh\u00ebzo pal\u00ebn ankuese q\u00eb t\u2019i adresohet rrjetit social p\u00ebrkat\u00ebs.<\/p>\n","protected":false},"excerpt":{"rendered":"<p>K\u00ebshilli i Mediave t\u00eb Shkruara t\u00eb Kosov\u00ebs (KMShK) n\u00eb mbledhjen e rregullt ka shqyrtuar gjithsej 18 ankesa. An\u00ebtar\u00ebt e Kuvendit t\u00eb KMShK-s\u00eb kan\u00eb vendosur q\u00eb t\u00eb miratohen dy nga to, pes\u00eb t\u00eb miratohen pjes\u00ebrisht, n\u00ebnt\u00eb t\u00eb refuzohen, nj\u00eb t\u00eb shpallet e paafatshme dhe nj\u00eb tjet\u00ebr e pajtrajtueshme. &nbsp; Ankesat kishin t\u00eb b\u00ebnin me pretendimet p\u00ebr [&hellip;]<\/p>\n","protected":false},"author":2,"featured_media":16425,"comment_status":"open","ping_status":"open","sticky":false,"template":"","format":"standard","meta":{"footnotes":""},"categories":[92],"tags":[],"class_list":["post-16424","post","type-post","status-publish","format-standard","has-post-thumbnail","hentry","category-news-sq"],"acf":{"video_title":"","video":false},"yoast_head":"<!-- This site is optimized with the Yoast SEO plugin v28.3 - https:\/\/yoast.com\/product\/yoast-seo-wordpress\/ -->\n<title>Kuvendi i KMShK-s\u00eb mori vendim p\u00ebr 18 ankesa - K\u00ebshilli i Mediave t\u00eb Shkruara t\u00eb Kosov\u00ebs | P\u00ebr nj\u00eb gazetari etike dhe profesionale<\/title>\n<meta name=\"robots\" content=\"index, follow, max-snippet:-1, max-image-preview:large, max-video-preview:-1\" \/>\n<link rel=\"canonical\" href=\"http:\/\/presscouncil-ks.org\/?p=16424\" \/>\n<meta property=\"og:locale\" content=\"en_US\" \/>\n<meta property=\"og:type\" content=\"article\" \/>\n<meta property=\"og:title\" content=\"Kuvendi i KMShK-s\u00eb mori vendim p\u00ebr 18 ankesa - K\u00ebshilli i Mediave t\u00eb Shkruara t\u00eb Kosov\u00ebs | P\u00ebr nj\u00eb gazetari etike dhe profesionale\" \/>\n<meta property=\"og:description\" content=\"K\u00ebshilli i Mediave t\u00eb Shkruara t\u00eb Kosov\u00ebs (KMShK) n\u00eb mbledhjen e rregullt ka shqyrtuar gjithsej 18 ankesa. An\u00ebtar\u00ebt e Kuvendit t\u00eb KMShK-s\u00eb kan\u00eb vendosur q\u00eb t\u00eb miratohen dy nga to, pes\u00eb t\u00eb miratohen pjes\u00ebrisht, n\u00ebnt\u00eb t\u00eb refuzohen, nj\u00eb t\u00eb shpallet e paafatshme dhe nj\u00eb tjet\u00ebr e pajtrajtueshme. &nbsp; Ankesat kishin t\u00eb b\u00ebnin me pretendimet p\u00ebr [&hellip;]\" \/>\n<meta property=\"og:url\" content=\"http:\/\/presscouncil-ks.org\/?p=16424\" \/>\n<meta property=\"og:site_name\" content=\"K\u00ebshilli i Mediave t\u00eb Shkruara t\u00eb Kosov\u00ebs | P\u00ebr nj\u00eb gazetari etike dhe profesionale\" \/>\n<meta property=\"article:publisher\" content=\"https:\/\/www.facebook.com\/KMSHKosove\" \/>\n<meta property=\"article:published_time\" content=\"2025-06-25T11:31:34+00:00\" \/>\n<meta property=\"article:modified_time\" content=\"2025-08-29T19:48:00+00:00\" \/>\n<meta property=\"og:image\" content=\"http:\/\/presscouncil-ks.org\/wp-content\/uploads\/2025\/06\/Komunikata-Mbledhja-KMShK-scaled.jpg\" \/>\n\t<meta property=\"og:image:width\" content=\"2560\" \/>\n\t<meta property=\"og:image:height\" content=\"1405\" \/>\n\t<meta property=\"og:image:type\" content=\"image\/jpeg\" \/>\n<meta name=\"author\" content=\"Editor\" \/>\n<meta name=\"twitter:card\" content=\"summary_large_image\" \/>\n<meta name=\"twitter:label1\" content=\"Written by\" \/>\n\t<meta name=\"twitter:data1\" content=\"Editor\" \/>\n\t<meta name=\"twitter:label2\" content=\"Est. reading time\" \/>\n\t<meta name=\"twitter:data2\" content=\"7 minutes\" \/>\n<script type=\"application\/ld+json\" class=\"yoast-schema-graph\">{\"@context\":\"https:\\\/\\\/schema.org\",\"@graph\":[{\"@type\":\"Article\",\"@id\":\"http:\\\/\\\/presscouncil-ks.org\\\/?p=16424#article\",\"isPartOf\":{\"@id\":\"http:\\\/\\\/presscouncil-ks.org\\\/?p=16424\"},\"author\":{\"name\":\"Editor\",\"@id\":\"http:\\\/\\\/presscouncil-ks.org\\\/#\\\/schema\\\/person\\\/b79d30c61264caeb733239c16cc4d673\"},\"headline\":\"Kuvendi i KMShK-s\u00eb mori vendim p\u00ebr 18 ankesa\",\"datePublished\":\"2025-06-25T11:31:34+00:00\",\"dateModified\":\"2025-08-29T19:48:00+00:00\",\"mainEntityOfPage\":{\"@id\":\"http:\\\/\\\/presscouncil-ks.org\\\/?p=16424\"},\"wordCount\":1708,\"commentCount\":0,\"publisher\":{\"@id\":\"http:\\\/\\\/presscouncil-ks.org\\\/#organization\"},\"image\":{\"@id\":\"http:\\\/\\\/presscouncil-ks.org\\\/?p=16424#primaryimage\"},\"thumbnailUrl\":\"http:\\\/\\\/presscouncil-ks.org\\\/wp-content\\\/uploads\\\/2025\\\/06\\\/Komunikata-Mbledhja-KMShK-scaled.jpg\",\"articleSection\":[\"Lajm\"],\"inLanguage\":\"en-US\",\"potentialAction\":[{\"@type\":\"CommentAction\",\"name\":\"Comment\",\"target\":[\"http:\\\/\\\/presscouncil-ks.org\\\/?p=16424#respond\"]}]},{\"@type\":\"WebPage\",\"@id\":\"http:\\\/\\\/presscouncil-ks.org\\\/?p=16424\",\"url\":\"http:\\\/\\\/presscouncil-ks.org\\\/?p=16424\",\"name\":\"Kuvendi i KMShK-s\u00eb mori vendim p\u00ebr 18 ankesa - K\u00ebshilli i Mediave t\u00eb Shkruara t\u00eb Kosov\u00ebs | P\u00ebr nj\u00eb gazetari etike dhe profesionale\",\"isPartOf\":{\"@id\":\"http:\\\/\\\/presscouncil-ks.org\\\/#website\"},\"primaryImageOfPage\":{\"@id\":\"http:\\\/\\\/presscouncil-ks.org\\\/?p=16424#primaryimage\"},\"image\":{\"@id\":\"http:\\\/\\\/presscouncil-ks.org\\\/?p=16424#primaryimage\"},\"thumbnailUrl\":\"http:\\\/\\\/presscouncil-ks.org\\\/wp-content\\\/uploads\\\/2025\\\/06\\\/Komunikata-Mbledhja-KMShK-scaled.jpg\",\"datePublished\":\"2025-06-25T11:31:34+00:00\",\"dateModified\":\"2025-08-29T19:48:00+00:00\",\"breadcrumb\":{\"@id\":\"http:\\\/\\\/presscouncil-ks.org\\\/?p=16424#breadcrumb\"},\"inLanguage\":\"en-US\",\"potentialAction\":[{\"@type\":\"ReadAction\",\"target\":[\"http:\\\/\\\/presscouncil-ks.org\\\/?p=16424\"]}]},{\"@type\":\"ImageObject\",\"inLanguage\":\"en-US\",\"@id\":\"http:\\\/\\\/presscouncil-ks.org\\\/?p=16424#primaryimage\",\"url\":\"http:\\\/\\\/presscouncil-ks.org\\\/wp-content\\\/uploads\\\/2025\\\/06\\\/Komunikata-Mbledhja-KMShK-scaled.jpg\",\"contentUrl\":\"http:\\\/\\\/presscouncil-ks.org\\\/wp-content\\\/uploads\\\/2025\\\/06\\\/Komunikata-Mbledhja-KMShK-scaled.jpg\",\"width\":2560,\"height\":1405},{\"@type\":\"BreadcrumbList\",\"@id\":\"http:\\\/\\\/presscouncil-ks.org\\\/?p=16424#breadcrumb\",\"itemListElement\":[{\"@type\":\"ListItem\",\"position\":1,\"name\":\"Home\",\"item\":\"https:\\\/\\\/presscouncil-ks.org\\\/\"},{\"@type\":\"ListItem\",\"position\":2,\"name\":\"Kuvendi i KMShK-s\u00eb mori vendim p\u00ebr 18 ankesa\"}]},{\"@type\":\"WebSite\",\"@id\":\"http:\\\/\\\/presscouncil-ks.org\\\/#website\",\"url\":\"http:\\\/\\\/presscouncil-ks.org\\\/\",\"name\":\"https:\\\/\\\/presscouncil-ks.org\\\/\",\"description\":\"\",\"publisher\":{\"@id\":\"http:\\\/\\\/presscouncil-ks.org\\\/#organization\"},\"potentialAction\":[{\"@type\":\"SearchAction\",\"target\":{\"@type\":\"EntryPoint\",\"urlTemplate\":\"http:\\\/\\\/presscouncil-ks.org\\\/?s={search_term_string}\"},\"query-input\":{\"@type\":\"PropertyValueSpecification\",\"valueRequired\":true,\"valueName\":\"search_term_string\"}}],\"inLanguage\":\"en-US\"},{\"@type\":\"Organization\",\"@id\":\"http:\\\/\\\/presscouncil-ks.org\\\/#organization\",\"name\":\"K\u00ebshilli i Mediave t\u00eb Shkruara t\u00eb Kosov\u00ebs\",\"url\":\"http:\\\/\\\/presscouncil-ks.org\\\/\",\"logo\":{\"@type\":\"ImageObject\",\"inLanguage\":\"en-US\",\"@id\":\"http:\\\/\\\/presscouncil-ks.org\\\/#\\\/schema\\\/logo\\\/image\\\/\",\"url\":\"http:\\\/\\\/presscouncil-ks.org\\\/wp-content\\\/uploads\\\/2023\\\/06\\\/cropped-logo.png\",\"contentUrl\":\"http:\\\/\\\/presscouncil-ks.org\\\/wp-content\\\/uploads\\\/2023\\\/06\\\/cropped-logo.png\",\"width\":268,\"height\":166,\"caption\":\"K\u00ebshilli i Mediave t\u00eb Shkruara t\u00eb Kosov\u00ebs\"},\"image\":{\"@id\":\"http:\\\/\\\/presscouncil-ks.org\\\/#\\\/schema\\\/logo\\\/image\\\/\"},\"sameAs\":[\"https:\\\/\\\/www.facebook.com\\\/KMSHKosove\"]},{\"@type\":\"Person\",\"@id\":\"http:\\\/\\\/presscouncil-ks.org\\\/#\\\/schema\\\/person\\\/b79d30c61264caeb733239c16cc4d673\",\"name\":\"Editor\",\"image\":{\"@type\":\"ImageObject\",\"inLanguage\":\"en-US\",\"@id\":\"https:\\\/\\\/secure.gravatar.com\\\/avatar\\\/9534865f39e7b3527010ee17196a76d054b16d731a6a5bfe2f92a071c6e9bf4e?s=96&d=mm&r=g\",\"url\":\"https:\\\/\\\/secure.gravatar.com\\\/avatar\\\/9534865f39e7b3527010ee17196a76d054b16d731a6a5bfe2f92a071c6e9bf4e?s=96&d=mm&r=g\",\"contentUrl\":\"https:\\\/\\\/secure.gravatar.com\\\/avatar\\\/9534865f39e7b3527010ee17196a76d054b16d731a6a5bfe2f92a071c6e9bf4e?s=96&d=mm&r=g\",\"caption\":\"Editor\"},\"url\":\"http:\\\/\\\/presscouncil-ks.org\\\/?author=2\"}]}<\/script>\n<!-- \/ Yoast SEO plugin. -->","yoast_head_json":{"title":"Kuvendi i KMShK-s\u00eb mori vendim p\u00ebr 18 ankesa - K\u00ebshilli i Mediave t\u00eb Shkruara t\u00eb Kosov\u00ebs | P\u00ebr nj\u00eb gazetari etike dhe profesionale","robots":{"index":"index","follow":"follow","max-snippet":"max-snippet:-1","max-image-preview":"max-image-preview:large","max-video-preview":"max-video-preview:-1"},"canonical":"http:\/\/presscouncil-ks.org\/?p=16424","og_locale":"en_US","og_type":"article","og_title":"Kuvendi i KMShK-s\u00eb mori vendim p\u00ebr 18 ankesa - K\u00ebshilli i Mediave t\u00eb Shkruara t\u00eb Kosov\u00ebs | P\u00ebr nj\u00eb gazetari etike dhe profesionale","og_description":"K\u00ebshilli i Mediave t\u00eb Shkruara t\u00eb Kosov\u00ebs (KMShK) n\u00eb mbledhjen e rregullt ka shqyrtuar gjithsej 18 ankesa. An\u00ebtar\u00ebt e Kuvendit t\u00eb KMShK-s\u00eb kan\u00eb vendosur q\u00eb t\u00eb miratohen dy nga to, pes\u00eb t\u00eb miratohen pjes\u00ebrisht, n\u00ebnt\u00eb t\u00eb refuzohen, nj\u00eb t\u00eb shpallet e paafatshme dhe nj\u00eb tjet\u00ebr e pajtrajtueshme. &nbsp; Ankesat kishin t\u00eb b\u00ebnin me pretendimet p\u00ebr [&hellip;]","og_url":"http:\/\/presscouncil-ks.org\/?p=16424","og_site_name":"K\u00ebshilli i Mediave t\u00eb Shkruara t\u00eb Kosov\u00ebs | P\u00ebr nj\u00eb gazetari etike dhe profesionale","article_publisher":"https:\/\/www.facebook.com\/KMSHKosove","article_published_time":"2025-06-25T11:31:34+00:00","article_modified_time":"2025-08-29T19:48:00+00:00","og_image":[{"width":2560,"height":1405,"url":"http:\/\/presscouncil-ks.org\/wp-content\/uploads\/2025\/06\/Komunikata-Mbledhja-KMShK-scaled.jpg","type":"image\/jpeg"}],"author":"Editor","twitter_card":"summary_large_image","twitter_misc":{"Written by":"Editor","Est. reading time":"7 minutes"},"schema":{"@context":"https:\/\/schema.org","@graph":[{"@type":"Article","@id":"http:\/\/presscouncil-ks.org\/?p=16424#article","isPartOf":{"@id":"http:\/\/presscouncil-ks.org\/?p=16424"},"author":{"name":"Editor","@id":"http:\/\/presscouncil-ks.org\/#\/schema\/person\/b79d30c61264caeb733239c16cc4d673"},"headline":"Kuvendi i KMShK-s\u00eb mori vendim p\u00ebr 18 ankesa","datePublished":"2025-06-25T11:31:34+00:00","dateModified":"2025-08-29T19:48:00+00:00","mainEntityOfPage":{"@id":"http:\/\/presscouncil-ks.org\/?p=16424"},"wordCount":1708,"commentCount":0,"publisher":{"@id":"http:\/\/presscouncil-ks.org\/#organization"},"image":{"@id":"http:\/\/presscouncil-ks.org\/?p=16424#primaryimage"},"thumbnailUrl":"http:\/\/presscouncil-ks.org\/wp-content\/uploads\/2025\/06\/Komunikata-Mbledhja-KMShK-scaled.jpg","articleSection":["Lajm"],"inLanguage":"en-US","potentialAction":[{"@type":"CommentAction","name":"Comment","target":["http:\/\/presscouncil-ks.org\/?p=16424#respond"]}]},{"@type":"WebPage","@id":"http:\/\/presscouncil-ks.org\/?p=16424","url":"http:\/\/presscouncil-ks.org\/?p=16424","name":"Kuvendi i KMShK-s\u00eb mori vendim p\u00ebr 18 ankesa - K\u00ebshilli i Mediave t\u00eb Shkruara t\u00eb Kosov\u00ebs | P\u00ebr nj\u00eb gazetari etike dhe profesionale","isPartOf":{"@id":"http:\/\/presscouncil-ks.org\/#website"},"primaryImageOfPage":{"@id":"http:\/\/presscouncil-ks.org\/?p=16424#primaryimage"},"image":{"@id":"http:\/\/presscouncil-ks.org\/?p=16424#primaryimage"},"thumbnailUrl":"http:\/\/presscouncil-ks.org\/wp-content\/uploads\/2025\/06\/Komunikata-Mbledhja-KMShK-scaled.jpg","datePublished":"2025-06-25T11:31:34+00:00","dateModified":"2025-08-29T19:48:00+00:00","breadcrumb":{"@id":"http:\/\/presscouncil-ks.org\/?p=16424#breadcrumb"},"inLanguage":"en-US","potentialAction":[{"@type":"ReadAction","target":["http:\/\/presscouncil-ks.org\/?p=16424"]}]},{"@type":"ImageObject","inLanguage":"en-US","@id":"http:\/\/presscouncil-ks.org\/?p=16424#primaryimage","url":"http:\/\/presscouncil-ks.org\/wp-content\/uploads\/2025\/06\/Komunikata-Mbledhja-KMShK-scaled.jpg","contentUrl":"http:\/\/presscouncil-ks.org\/wp-content\/uploads\/2025\/06\/Komunikata-Mbledhja-KMShK-scaled.jpg","width":2560,"height":1405},{"@type":"BreadcrumbList","@id":"http:\/\/presscouncil-ks.org\/?p=16424#breadcrumb","itemListElement":[{"@type":"ListItem","position":1,"name":"Home","item":"https:\/\/presscouncil-ks.org\/"},{"@type":"ListItem","position":2,"name":"Kuvendi i KMShK-s\u00eb mori vendim p\u00ebr 18 ankesa"}]},{"@type":"WebSite","@id":"http:\/\/presscouncil-ks.org\/#website","url":"http:\/\/presscouncil-ks.org\/","name":"https:\/\/presscouncil-ks.org\/","description":"","publisher":{"@id":"http:\/\/presscouncil-ks.org\/#organization"},"potentialAction":[{"@type":"SearchAction","target":{"@type":"EntryPoint","urlTemplate":"http:\/\/presscouncil-ks.org\/?s={search_term_string}"},"query-input":{"@type":"PropertyValueSpecification","valueRequired":true,"valueName":"search_term_string"}}],"inLanguage":"en-US"},{"@type":"Organization","@id":"http:\/\/presscouncil-ks.org\/#organization","name":"K\u00ebshilli i Mediave t\u00eb Shkruara t\u00eb Kosov\u00ebs","url":"http:\/\/presscouncil-ks.org\/","logo":{"@type":"ImageObject","inLanguage":"en-US","@id":"http:\/\/presscouncil-ks.org\/#\/schema\/logo\/image\/","url":"http:\/\/presscouncil-ks.org\/wp-content\/uploads\/2023\/06\/cropped-logo.png","contentUrl":"http:\/\/presscouncil-ks.org\/wp-content\/uploads\/2023\/06\/cropped-logo.png","width":268,"height":166,"caption":"K\u00ebshilli i Mediave t\u00eb Shkruara t\u00eb Kosov\u00ebs"},"image":{"@id":"http:\/\/presscouncil-ks.org\/#\/schema\/logo\/image\/"},"sameAs":["https:\/\/www.facebook.com\/KMSHKosove"]},{"@type":"Person","@id":"http:\/\/presscouncil-ks.org\/#\/schema\/person\/b79d30c61264caeb733239c16cc4d673","name":"Editor","image":{"@type":"ImageObject","inLanguage":"en-US","@id":"https:\/\/secure.gravatar.com\/avatar\/9534865f39e7b3527010ee17196a76d054b16d731a6a5bfe2f92a071c6e9bf4e?s=96&d=mm&r=g","url":"https:\/\/secure.gravatar.com\/avatar\/9534865f39e7b3527010ee17196a76d054b16d731a6a5bfe2f92a071c6e9bf4e?s=96&d=mm&r=g","contentUrl":"https:\/\/secure.gravatar.com\/avatar\/9534865f39e7b3527010ee17196a76d054b16d731a6a5bfe2f92a071c6e9bf4e?s=96&d=mm&r=g","caption":"Editor"},"url":"http:\/\/presscouncil-ks.org\/?author=2"}]}},"_links":{"self":[{"href":"http:\/\/presscouncil-ks.org\/index.php?rest_route=\/wp\/v2\/posts\/16424","targetHints":{"allow":["GET"]}}],"collection":[{"href":"http:\/\/presscouncil-ks.org\/index.php?rest_route=\/wp\/v2\/posts"}],"about":[{"href":"http:\/\/presscouncil-ks.org\/index.php?rest_route=\/wp\/v2\/types\/post"}],"author":[{"embeddable":true,"href":"http:\/\/presscouncil-ks.org\/index.php?rest_route=\/wp\/v2\/users\/2"}],"replies":[{"embeddable":true,"href":"http:\/\/presscouncil-ks.org\/index.php?rest_route=%2Fwp%2Fv2%2Fcomments&post=16424"}],"version-history":[{"count":3,"href":"http:\/\/presscouncil-ks.org\/index.php?rest_route=\/wp\/v2\/posts\/16424\/revisions"}],"predecessor-version":[{"id":16984,"href":"http:\/\/presscouncil-ks.org\/index.php?rest_route=\/wp\/v2\/posts\/16424\/revisions\/16984"}],"wp:featuredmedia":[{"embeddable":true,"href":"http:\/\/presscouncil-ks.org\/index.php?rest_route=\/wp\/v2\/media\/16425"}],"wp:attachment":[{"href":"http:\/\/presscouncil-ks.org\/index.php?rest_route=%2Fwp%2Fv2%2Fmedia&parent=16424"}],"wp:term":[{"taxonomy":"category","embeddable":true,"href":"http:\/\/presscouncil-ks.org\/index.php?rest_route=%2Fwp%2Fv2%2Fcategories&post=16424"},{"taxonomy":"post_tag","embeddable":true,"href":"http:\/\/presscouncil-ks.org\/index.php?rest_route=%2Fwp%2Fv2%2Ftags&post=16424"}],"curies":[{"name":"wp","href":"https:\/\/api.w.org\/{rel}","templated":true}]}}