{"id":16011,"date":"2025-06-05T13:43:52","date_gmt":"2025-06-05T13:43:52","guid":{"rendered":"https:\/\/presscouncil-ks.org\/?p=16011"},"modified":"2025-08-19T13:08:04","modified_gmt":"2025-08-19T13:08:04","slug":"zavrsena-skola-novinarske-etike","status":"publish","type":"post","link":"http:\/\/presscouncil-ks.org\/?p=16011&lang=sr","title":{"rendered":"Zavr\u0161ena \u0160kola Novinarske Etike"},"content":{"rendered":"<p>Zavr\u0161ena je \u0160kola Novinarske Etike, odnosno drugi modul.  Ovaj modul je organizovan u okviru projekta &#8220;Izgradnja poverenja u medije u Jugoisto\u010dnoj Evropi: Podr\u0161ka novinarstvu kao javnom dobru\u201c, koji finansira EU. \u0160kolu organizuje Savet \u0160tampe Kosova (S\u0160K). Trec\u0301eg dana drugog modula \u0161kole, u\u010desnici su simulirali sastanak Skup\u0161tine S\u0160K-a, tokom kojeg se razmatraju \u017ealbe i donose odluke o njima.<\/p>\n<p>&nbsp;<\/p>\n<p>Zatim je Jeton Mehmeti, istra\u017eiva\u010d\/autor u regionalnom projektu \u201dNa\u0161i mediji\u201c, govorio o trendovima i de\u0161avanjima u medijskom ekosistemu. U\u010desnici su izneli svoja mi\u0161ljenja u vezi sa medijima na Kosovu i na\u010dinom izve\u0161tavanja.<\/p>\n<p>&nbsp;<\/p>\n<p>Tako\u0111e, u\u010desnici \u0161kole imali su priliku da razgovaraju o novinarskoj etici i njegovom dugogodi\u0161njom profesionalnom karijerom sa doajenom novinarstva, Nehatom Islamom.<\/p>\n<p>&nbsp;<\/p>\n<p>Na kraju, predsednica S\u0160K-a, Brikenda Rexhepi, dodelila je sertifikate u\u010desnicima., dok su povodom 20. godi\u0161njice osnivanja S\u0160K-a, Nehat Islami, osniva\u010d i dugogodi\u0161nji direktor S\u0160K-a, i Nora Behluli, slu\u017ebenica za \u017ealbe u S\u0160K-u od njegovog osnivanja, odlikovani zahvalno\u0161c\u0301u.<\/p>\n<p>&nbsp;<\/p>\n<p>U prvom trodnevnom modulu, koji je organizovan pro\u0161log meseca, stru\u010dnjaci za novinarstvo su tako\u0111e razgovarali sa studentima i mladim novinarima.<\/p>\n<p>&nbsp;<\/p>\n<p>\u0160kola novinarske etike se svake godine organizuje u dva trodnevna modula.<\/p>\n","protected":false},"excerpt":{"rendered":"<p>Zavr\u0161ena je \u0160kola Novinarske Etike, odnosno drugi modul. Ovaj modul je organizovan u okviru projekta &#8220;Izgradnja poverenja u medije u Jugoisto\u010dnoj Evropi: Podr\u0161ka novinarstvu kao javnom dobru\u201c, koji finansira EU. \u0160kolu organizuje Savet \u0160tampe Kosova (S\u0160K). Trec\u0301eg dana drugog modula \u0161kole, u\u010desnici su simulirali sastanak Skup\u0161tine S\u0160K-a, tokom kojeg se razmatraju \u017ealbe i donose odluke [&hellip;]<\/p>\n","protected":false},"author":2,"featured_media":16009,"comment_status":"open","ping_status":"open","sticky":false,"template":"","format":"standard","meta":{"footnotes":""},"categories":[135],"tags":[],"class_list":["post-16011","post","type-post","status-publish","format-standard","has-post-thumbnail","hentry","category-vesti"],"acf":[],"yoast_head":"<!-- This site is optimized with the Yoast SEO plugin v28.3 - https:\/\/yoast.com\/product\/yoast-seo-wordpress\/ -->\n<title>Zavr\u0161ena \u0160kola Novinarske Etike - K\u00ebshilli i Mediave t\u00eb Shkruara t\u00eb Kosov\u00ebs | P\u00ebr nj\u00eb gazetari etike dhe profesionale<\/title>\n<meta name=\"robots\" content=\"index, follow, max-snippet:-1, max-image-preview:large, max-video-preview:-1\" \/>\n<link rel=\"canonical\" href=\"http:\/\/presscouncil-ks.org\/?p=16011&lang=sr\" \/>\n<meta property=\"og:locale\" content=\"en_US\" \/>\n<meta property=\"og:type\" content=\"article\" \/>\n<meta property=\"og:title\" content=\"Zavr\u0161ena \u0160kola Novinarske Etike - K\u00ebshilli i Mediave t\u00eb Shkruara t\u00eb Kosov\u00ebs | P\u00ebr nj\u00eb gazetari etike dhe profesionale\" \/>\n<meta property=\"og:description\" content=\"Zavr\u0161ena je \u0160kola Novinarske Etike, odnosno drugi modul. Ovaj modul je organizovan u okviru projekta &#8220;Izgradnja poverenja u medije u Jugoisto\u010dnoj Evropi: Podr\u0161ka novinarstvu kao javnom dobru\u201c, koji finansira EU. \u0160kolu organizuje Savet \u0160tampe Kosova (S\u0160K). Trec\u0301eg dana drugog modula \u0161kole, u\u010desnici su simulirali sastanak Skup\u0161tine S\u0160K-a, tokom kojeg se razmatraju \u017ealbe i donose odluke [&hellip;]\" \/>\n<meta property=\"og:url\" content=\"http:\/\/presscouncil-ks.org\/?p=16011&amp;lang=sr\" \/>\n<meta property=\"og:site_name\" content=\"K\u00ebshilli i Mediave t\u00eb Shkruara t\u00eb Kosov\u00ebs | P\u00ebr nj\u00eb gazetari etike dhe profesionale\" \/>\n<meta property=\"article:publisher\" content=\"https:\/\/www.facebook.com\/KMSHKosove\" \/>\n<meta property=\"article:published_time\" content=\"2025-06-05T13:43:52+00:00\" \/>\n<meta property=\"article:modified_time\" content=\"2025-08-19T13:08:04+00:00\" \/>\n<meta property=\"og:image\" content=\"http:\/\/presscouncil-ks.org\/wp-content\/uploads\/2025\/06\/VVV-scaled.jpg\" \/>\n\t<meta property=\"og:image:width\" content=\"2560\" \/>\n\t<meta property=\"og:image:height\" content=\"1441\" \/>\n\t<meta property=\"og:image:type\" content=\"image\/jpeg\" \/>\n<meta name=\"author\" content=\"Editor\" \/>\n<meta name=\"twitter:card\" content=\"summary_large_image\" \/>\n<meta name=\"twitter:label1\" content=\"Written by\" \/>\n\t<meta name=\"twitter:data1\" content=\"Editor\" \/>\n\t<meta name=\"twitter:label2\" content=\"Est. reading time\" \/>\n\t<meta name=\"twitter:data2\" content=\"1 minute\" \/>\n<script type=\"application\/ld+json\" class=\"yoast-schema-graph\">{\"@context\":\"https:\\\/\\\/schema.org\",\"@graph\":[{\"@type\":\"Article\",\"@id\":\"http:\\\/\\\/presscouncil-ks.org\\\/?p=16011&lang=sr#article\",\"isPartOf\":{\"@id\":\"http:\\\/\\\/presscouncil-ks.org\\\/?p=16011&lang=sr\"},\"author\":{\"name\":\"Editor\",\"@id\":\"http:\\\/\\\/presscouncil-ks.org\\\/#\\\/schema\\\/person\\\/b79d30c61264caeb733239c16cc4d673\"},\"headline\":\"Zavr\u0161ena \u0160kola Novinarske Etike\",\"datePublished\":\"2025-06-05T13:43:52+00:00\",\"dateModified\":\"2025-08-19T13:08:04+00:00\",\"mainEntityOfPage\":{\"@id\":\"http:\\\/\\\/presscouncil-ks.org\\\/?p=16011&lang=sr\"},\"wordCount\":219,\"commentCount\":0,\"publisher\":{\"@id\":\"http:\\\/\\\/presscouncil-ks.org\\\/#organization\"},\"image\":{\"@id\":\"http:\\\/\\\/presscouncil-ks.org\\\/?p=16011&lang=sr#primaryimage\"},\"thumbnailUrl\":\"http:\\\/\\\/presscouncil-ks.org\\\/wp-content\\\/uploads\\\/2025\\\/06\\\/VVV-scaled.jpg\",\"articleSection\":[\"Vesti\"],\"inLanguage\":\"en-US\",\"potentialAction\":[{\"@type\":\"CommentAction\",\"name\":\"Comment\",\"target\":[\"http:\\\/\\\/presscouncil-ks.org\\\/?p=16011&lang=sr#respond\"]}]},{\"@type\":\"WebPage\",\"@id\":\"http:\\\/\\\/presscouncil-ks.org\\\/?p=16011&lang=sr\",\"url\":\"http:\\\/\\\/presscouncil-ks.org\\\/?p=16011&lang=sr\",\"name\":\"Zavr\u0161ena \u0160kola Novinarske Etike - K\u00ebshilli i Mediave t\u00eb Shkruara t\u00eb Kosov\u00ebs | P\u00ebr nj\u00eb gazetari etike dhe profesionale\",\"isPartOf\":{\"@id\":\"http:\\\/\\\/presscouncil-ks.org\\\/#website\"},\"primaryImageOfPage\":{\"@id\":\"http:\\\/\\\/presscouncil-ks.org\\\/?p=16011&lang=sr#primaryimage\"},\"image\":{\"@id\":\"http:\\\/\\\/presscouncil-ks.org\\\/?p=16011&lang=sr#primaryimage\"},\"thumbnailUrl\":\"http:\\\/\\\/presscouncil-ks.org\\\/wp-content\\\/uploads\\\/2025\\\/06\\\/VVV-scaled.jpg\",\"datePublished\":\"2025-06-05T13:43:52+00:00\",\"dateModified\":\"2025-08-19T13:08:04+00:00\",\"breadcrumb\":{\"@id\":\"http:\\\/\\\/presscouncil-ks.org\\\/?p=16011&lang=sr#breadcrumb\"},\"inLanguage\":\"en-US\",\"potentialAction\":[{\"@type\":\"ReadAction\",\"target\":[\"http:\\\/\\\/presscouncil-ks.org\\\/?p=16011&lang=sr\"]}]},{\"@type\":\"ImageObject\",\"inLanguage\":\"en-US\",\"@id\":\"http:\\\/\\\/presscouncil-ks.org\\\/?p=16011&lang=sr#primaryimage\",\"url\":\"http:\\\/\\\/presscouncil-ks.org\\\/wp-content\\\/uploads\\\/2025\\\/06\\\/VVV-scaled.jpg\",\"contentUrl\":\"http:\\\/\\\/presscouncil-ks.org\\\/wp-content\\\/uploads\\\/2025\\\/06\\\/VVV-scaled.jpg\",\"width\":2560,\"height\":1441},{\"@type\":\"BreadcrumbList\",\"@id\":\"http:\\\/\\\/presscouncil-ks.org\\\/?p=16011&lang=sr#breadcrumb\",\"itemListElement\":[{\"@type\":\"ListItem\",\"position\":1,\"name\":\"Home\",\"item\":\"https:\\\/\\\/presscouncil-ks.org\\\/\"},{\"@type\":\"ListItem\",\"position\":2,\"name\":\"Zavr\u0161ena \u0160kola Novinarske Etike\"}]},{\"@type\":\"WebSite\",\"@id\":\"http:\\\/\\\/presscouncil-ks.org\\\/#website\",\"url\":\"http:\\\/\\\/presscouncil-ks.org\\\/\",\"name\":\"https:\\\/\\\/presscouncil-ks.org\\\/\",\"description\":\"\",\"publisher\":{\"@id\":\"http:\\\/\\\/presscouncil-ks.org\\\/#organization\"},\"potentialAction\":[{\"@type\":\"SearchAction\",\"target\":{\"@type\":\"EntryPoint\",\"urlTemplate\":\"http:\\\/\\\/presscouncil-ks.org\\\/?s={search_term_string}\"},\"query-input\":{\"@type\":\"PropertyValueSpecification\",\"valueRequired\":true,\"valueName\":\"search_term_string\"}}],\"inLanguage\":\"en-US\"},{\"@type\":\"Organization\",\"@id\":\"http:\\\/\\\/presscouncil-ks.org\\\/#organization\",\"name\":\"K\u00ebshilli i Mediave t\u00eb Shkruara t\u00eb Kosov\u00ebs\",\"url\":\"http:\\\/\\\/presscouncil-ks.org\\\/\",\"logo\":{\"@type\":\"ImageObject\",\"inLanguage\":\"en-US\",\"@id\":\"http:\\\/\\\/presscouncil-ks.org\\\/#\\\/schema\\\/logo\\\/image\\\/\",\"url\":\"http:\\\/\\\/presscouncil-ks.org\\\/wp-content\\\/uploads\\\/2023\\\/06\\\/cropped-logo.png\",\"contentUrl\":\"http:\\\/\\\/presscouncil-ks.org\\\/wp-content\\\/uploads\\\/2023\\\/06\\\/cropped-logo.png\",\"width\":268,\"height\":166,\"caption\":\"K\u00ebshilli i Mediave t\u00eb Shkruara t\u00eb Kosov\u00ebs\"},\"image\":{\"@id\":\"http:\\\/\\\/presscouncil-ks.org\\\/#\\\/schema\\\/logo\\\/image\\\/\"},\"sameAs\":[\"https:\\\/\\\/www.facebook.com\\\/KMSHKosove\"]},{\"@type\":\"Person\",\"@id\":\"http:\\\/\\\/presscouncil-ks.org\\\/#\\\/schema\\\/person\\\/b79d30c61264caeb733239c16cc4d673\",\"name\":\"Editor\",\"image\":{\"@type\":\"ImageObject\",\"inLanguage\":\"en-US\",\"@id\":\"https:\\\/\\\/secure.gravatar.com\\\/avatar\\\/9534865f39e7b3527010ee17196a76d054b16d731a6a5bfe2f92a071c6e9bf4e?s=96&d=mm&r=g\",\"url\":\"https:\\\/\\\/secure.gravatar.com\\\/avatar\\\/9534865f39e7b3527010ee17196a76d054b16d731a6a5bfe2f92a071c6e9bf4e?s=96&d=mm&r=g\",\"contentUrl\":\"https:\\\/\\\/secure.gravatar.com\\\/avatar\\\/9534865f39e7b3527010ee17196a76d054b16d731a6a5bfe2f92a071c6e9bf4e?s=96&d=mm&r=g\",\"caption\":\"Editor\"},\"url\":\"http:\\\/\\\/presscouncil-ks.org\\\/?author=2\"}]}<\/script>\n<!-- \/ Yoast SEO plugin. -->","yoast_head_json":{"title":"Zavr\u0161ena \u0160kola Novinarske Etike - K\u00ebshilli i Mediave t\u00eb Shkruara t\u00eb Kosov\u00ebs | P\u00ebr nj\u00eb gazetari etike dhe profesionale","robots":{"index":"index","follow":"follow","max-snippet":"max-snippet:-1","max-image-preview":"max-image-preview:large","max-video-preview":"max-video-preview:-1"},"canonical":"http:\/\/presscouncil-ks.org\/?p=16011&lang=sr","og_locale":"en_US","og_type":"article","og_title":"Zavr\u0161ena \u0160kola Novinarske Etike - K\u00ebshilli i Mediave t\u00eb Shkruara t\u00eb Kosov\u00ebs | P\u00ebr nj\u00eb gazetari etike dhe profesionale","og_description":"Zavr\u0161ena je \u0160kola Novinarske Etike, odnosno drugi modul. Ovaj modul je organizovan u okviru projekta &#8220;Izgradnja poverenja u medije u Jugoisto\u010dnoj Evropi: Podr\u0161ka novinarstvu kao javnom dobru\u201c, koji finansira EU. \u0160kolu organizuje Savet \u0160tampe Kosova (S\u0160K). Trec\u0301eg dana drugog modula \u0161kole, u\u010desnici su simulirali sastanak Skup\u0161tine S\u0160K-a, tokom kojeg se razmatraju \u017ealbe i donose odluke [&hellip;]","og_url":"http:\/\/presscouncil-ks.org\/?p=16011&lang=sr","og_site_name":"K\u00ebshilli i Mediave t\u00eb Shkruara t\u00eb Kosov\u00ebs | P\u00ebr nj\u00eb gazetari etike dhe profesionale","article_publisher":"https:\/\/www.facebook.com\/KMSHKosove","article_published_time":"2025-06-05T13:43:52+00:00","article_modified_time":"2025-08-19T13:08:04+00:00","og_image":[{"width":2560,"height":1441,"url":"http:\/\/presscouncil-ks.org\/wp-content\/uploads\/2025\/06\/VVV-scaled.jpg","type":"image\/jpeg"}],"author":"Editor","twitter_card":"summary_large_image","twitter_misc":{"Written by":"Editor","Est. reading time":"1 minute"},"schema":{"@context":"https:\/\/schema.org","@graph":[{"@type":"Article","@id":"http:\/\/presscouncil-ks.org\/?p=16011&lang=sr#article","isPartOf":{"@id":"http:\/\/presscouncil-ks.org\/?p=16011&lang=sr"},"author":{"name":"Editor","@id":"http:\/\/presscouncil-ks.org\/#\/schema\/person\/b79d30c61264caeb733239c16cc4d673"},"headline":"Zavr\u0161ena \u0160kola Novinarske Etike","datePublished":"2025-06-05T13:43:52+00:00","dateModified":"2025-08-19T13:08:04+00:00","mainEntityOfPage":{"@id":"http:\/\/presscouncil-ks.org\/?p=16011&lang=sr"},"wordCount":219,"commentCount":0,"publisher":{"@id":"http:\/\/presscouncil-ks.org\/#organization"},"image":{"@id":"http:\/\/presscouncil-ks.org\/?p=16011&lang=sr#primaryimage"},"thumbnailUrl":"http:\/\/presscouncil-ks.org\/wp-content\/uploads\/2025\/06\/VVV-scaled.jpg","articleSection":["Vesti"],"inLanguage":"en-US","potentialAction":[{"@type":"CommentAction","name":"Comment","target":["http:\/\/presscouncil-ks.org\/?p=16011&lang=sr#respond"]}]},{"@type":"WebPage","@id":"http:\/\/presscouncil-ks.org\/?p=16011&lang=sr","url":"http:\/\/presscouncil-ks.org\/?p=16011&lang=sr","name":"Zavr\u0161ena \u0160kola Novinarske Etike - K\u00ebshilli i Mediave t\u00eb Shkruara t\u00eb Kosov\u00ebs | P\u00ebr nj\u00eb gazetari etike dhe profesionale","isPartOf":{"@id":"http:\/\/presscouncil-ks.org\/#website"},"primaryImageOfPage":{"@id":"http:\/\/presscouncil-ks.org\/?p=16011&lang=sr#primaryimage"},"image":{"@id":"http:\/\/presscouncil-ks.org\/?p=16011&lang=sr#primaryimage"},"thumbnailUrl":"http:\/\/presscouncil-ks.org\/wp-content\/uploads\/2025\/06\/VVV-scaled.jpg","datePublished":"2025-06-05T13:43:52+00:00","dateModified":"2025-08-19T13:08:04+00:00","breadcrumb":{"@id":"http:\/\/presscouncil-ks.org\/?p=16011&lang=sr#breadcrumb"},"inLanguage":"en-US","potentialAction":[{"@type":"ReadAction","target":["http:\/\/presscouncil-ks.org\/?p=16011&lang=sr"]}]},{"@type":"ImageObject","inLanguage":"en-US","@id":"http:\/\/presscouncil-ks.org\/?p=16011&lang=sr#primaryimage","url":"http:\/\/presscouncil-ks.org\/wp-content\/uploads\/2025\/06\/VVV-scaled.jpg","contentUrl":"http:\/\/presscouncil-ks.org\/wp-content\/uploads\/2025\/06\/VVV-scaled.jpg","width":2560,"height":1441},{"@type":"BreadcrumbList","@id":"http:\/\/presscouncil-ks.org\/?p=16011&lang=sr#breadcrumb","itemListElement":[{"@type":"ListItem","position":1,"name":"Home","item":"https:\/\/presscouncil-ks.org\/"},{"@type":"ListItem","position":2,"name":"Zavr\u0161ena \u0160kola Novinarske Etike"}]},{"@type":"WebSite","@id":"http:\/\/presscouncil-ks.org\/#website","url":"http:\/\/presscouncil-ks.org\/","name":"https:\/\/presscouncil-ks.org\/","description":"","publisher":{"@id":"http:\/\/presscouncil-ks.org\/#organization"},"potentialAction":[{"@type":"SearchAction","target":{"@type":"EntryPoint","urlTemplate":"http:\/\/presscouncil-ks.org\/?s={search_term_string}"},"query-input":{"@type":"PropertyValueSpecification","valueRequired":true,"valueName":"search_term_string"}}],"inLanguage":"en-US"},{"@type":"Organization","@id":"http:\/\/presscouncil-ks.org\/#organization","name":"K\u00ebshilli i Mediave t\u00eb Shkruara t\u00eb Kosov\u00ebs","url":"http:\/\/presscouncil-ks.org\/","logo":{"@type":"ImageObject","inLanguage":"en-US","@id":"http:\/\/presscouncil-ks.org\/#\/schema\/logo\/image\/","url":"http:\/\/presscouncil-ks.org\/wp-content\/uploads\/2023\/06\/cropped-logo.png","contentUrl":"http:\/\/presscouncil-ks.org\/wp-content\/uploads\/2023\/06\/cropped-logo.png","width":268,"height":166,"caption":"K\u00ebshilli i Mediave t\u00eb Shkruara t\u00eb Kosov\u00ebs"},"image":{"@id":"http:\/\/presscouncil-ks.org\/#\/schema\/logo\/image\/"},"sameAs":["https:\/\/www.facebook.com\/KMSHKosove"]},{"@type":"Person","@id":"http:\/\/presscouncil-ks.org\/#\/schema\/person\/b79d30c61264caeb733239c16cc4d673","name":"Editor","image":{"@type":"ImageObject","inLanguage":"en-US","@id":"https:\/\/secure.gravatar.com\/avatar\/9534865f39e7b3527010ee17196a76d054b16d731a6a5bfe2f92a071c6e9bf4e?s=96&d=mm&r=g","url":"https:\/\/secure.gravatar.com\/avatar\/9534865f39e7b3527010ee17196a76d054b16d731a6a5bfe2f92a071c6e9bf4e?s=96&d=mm&r=g","contentUrl":"https:\/\/secure.gravatar.com\/avatar\/9534865f39e7b3527010ee17196a76d054b16d731a6a5bfe2f92a071c6e9bf4e?s=96&d=mm&r=g","caption":"Editor"},"url":"http:\/\/presscouncil-ks.org\/?author=2"}]}},"_links":{"self":[{"href":"http:\/\/presscouncil-ks.org\/index.php?rest_route=\/wp\/v2\/posts\/16011","targetHints":{"allow":["GET"]}}],"collection":[{"href":"http:\/\/presscouncil-ks.org\/index.php?rest_route=\/wp\/v2\/posts"}],"about":[{"href":"http:\/\/presscouncil-ks.org\/index.php?rest_route=\/wp\/v2\/types\/post"}],"author":[{"embeddable":true,"href":"http:\/\/presscouncil-ks.org\/index.php?rest_route=\/wp\/v2\/users\/2"}],"replies":[{"embeddable":true,"href":"http:\/\/presscouncil-ks.org\/index.php?rest_route=%2Fwp%2Fv2%2Fcomments&post=16011"}],"version-history":[{"count":5,"href":"http:\/\/presscouncil-ks.org\/index.php?rest_route=\/wp\/v2\/posts\/16011\/revisions"}],"predecessor-version":[{"id":16927,"href":"http:\/\/presscouncil-ks.org\/index.php?rest_route=\/wp\/v2\/posts\/16011\/revisions\/16927"}],"wp:featuredmedia":[{"embeddable":true,"href":"http:\/\/presscouncil-ks.org\/index.php?rest_route=\/wp\/v2\/media\/16009"}],"wp:attachment":[{"href":"http:\/\/presscouncil-ks.org\/index.php?rest_route=%2Fwp%2Fv2%2Fmedia&parent=16011"}],"wp:term":[{"taxonomy":"category","embeddable":true,"href":"http:\/\/presscouncil-ks.org\/index.php?rest_route=%2Fwp%2Fv2%2Fcategories&post=16011"},{"taxonomy":"post_tag","embeddable":true,"href":"http:\/\/presscouncil-ks.org\/index.php?rest_route=%2Fwp%2Fv2%2Ftags&post=16011"}],"curies":[{"name":"wp","href":"https:\/\/api.w.org\/{rel}","templated":true}]}}