{"id":16008,"date":"2025-06-05T13:43:17","date_gmt":"2025-06-05T13:43:17","guid":{"rendered":"https:\/\/presscouncil-ks.org\/?p=16008"},"modified":"2025-08-29T19:52:38","modified_gmt":"2025-08-29T19:52:38","slug":"perfundoi-shkolla-e-etikes-se-gazetarise","status":"publish","type":"post","link":"http:\/\/presscouncil-ks.org\/?p=16008","title":{"rendered":"P\u00ebrfundoi Shkolla e Etik\u00ebs s\u00eb Gazetaris\u00eb"},"content":{"rendered":"<p>Ka p\u00ebrfunduar Shkolla e Etik\u00ebs s\u00eb Gazetaris\u00eb,p\u00ebrkat\u00ebsisht moduli i dyt\u00eb. Ky modul u organizua n\u00eb kuad\u00ebr t\u00eb projektit \u201cNd\u00ebrtimi i besimit n\u00eb media n\u00eb Evrop\u00ebn Juglindore: Mb\u00ebshtetje p\u00ebr gazetarin\u00eb si nj\u00eb e mir\u00eb publike\u201d, t\u00eb financuar nga BE-ja. Shkolla organizohet nga K\u00ebshilli i Mediave t\u00eb Shkruara t\u00eb Kosov\u00ebs (KMShK). N\u00eb dit\u00ebn e tret\u00eb t\u00eb modulit t\u00eb dyt\u00eb t\u00eb shkoll\u00ebs pjes\u00ebmarr\u00ebsit simuluan mbledhjen e Kuvendit t\u00eb KMShK-s\u00eb, gjat\u00eb s\u00eb cil\u00ebs shqyrtohen ankesat dhe merren vendime p\u00ebr to.<\/p>\n<p>M\u00eb pas, p\u00ebr trendet dhe zhvillimet n\u00eb ekosistemin medial u bashk\u00ebbisedua me Jeton Mehmetin, hulumtues\/autor n\u00eb projektin rajonal &#8220;Our Media&#8221;. Pjes\u00ebmarr\u00ebsit shpreh\u00ebn mendimet p\u00ebrkitazi me mediat n\u00eb Kosov\u00eb dhe m\u00ebnyr\u00ebn e raportimit.<\/p>\n<p>Po ashtu, pjes\u00ebmarr\u00ebsit e shkoll\u00ebs pat\u00ebn rastin q\u00eb me doajenin e gazetaris\u00eb, Nehat Islamin, t\u00eb diskutojn\u00eb p\u00ebr etik\u00ebn e gazetaris\u00eb, p\u00ebrkat\u00ebsisht p\u00ebr karrier\u00ebn e gjat\u00eb profsionale t\u00eb tij.<\/p>\n<p>N\u00eb fund kryetarja e KMShK-s\u00eb, Brikenda Rexhepi, iu ndau pjes\u00ebmarr\u00ebsve certifikatat, nd\u00ebrkaq me rastin e 20 vjetorit t\u00eb themelimit t\u00eb KMShK-s\u00eb me mir\u00ebnjohje u nderuan Nehat Islami, themelues dhe udh\u00ebheq\u00ebs i KMShK-s\u00eb p\u00ebr nj\u00eb koh\u00eb t\u00eb gjat\u00eb dhe Nora Behluli, zyrtare p\u00ebr ankesa n\u00eb KMShK q\u00eb nga themelimi.<\/p>\n<p>N\u00eb modulin e par\u00eb treditor, i cili \u00ebsht\u00eb organizuar muajin e kaluar, me student\u00ebt dhe gazetar\u00ebt e rinj kan\u00eb bashk\u00ebbiseduar, po ashtu, profesionist\u00eb t\u00eb gazetaris\u00eb.<\/p>\n<p>Shkolla e Etik\u00ebs s\u00eb Gazetaris\u00eb organizohet \u00e7do vit n\u00eb dy module treditore.<\/p>\n","protected":false},"excerpt":{"rendered":"<p>Ka p\u00ebrfunduar Shkolla e Etik\u00ebs s\u00eb Gazetaris\u00eb,p\u00ebrkat\u00ebsisht moduli i dyt\u00eb. Ky modul u organizua n\u00eb kuad\u00ebr t\u00eb projektit \u201cNd\u00ebrtimi i besimit n\u00eb media n\u00eb Evrop\u00ebn Juglindore: Mb\u00ebshtetje p\u00ebr gazetarin\u00eb si nj\u00eb e mir\u00eb publike\u201d, t\u00eb financuar nga BE-ja. Shkolla organizohet nga K\u00ebshilli i Mediave t\u00eb Shkruara t\u00eb Kosov\u00ebs (KMShK). N\u00eb dit\u00ebn e tret\u00eb t\u00eb modulit [&hellip;]<\/p>\n","protected":false},"author":2,"featured_media":16009,"comment_status":"open","ping_status":"open","sticky":false,"template":"","format":"standard","meta":{"footnotes":""},"categories":[92],"tags":[],"class_list":["post-16008","post","type-post","status-publish","format-standard","has-post-thumbnail","hentry","category-news-sq"],"acf":{"video_title":"","video":false},"yoast_head":"<!-- This site is optimized with the Yoast SEO plugin v28.3 - https:\/\/yoast.com\/product\/yoast-seo-wordpress\/ -->\n<title>P\u00ebrfundoi Shkolla e Etik\u00ebs s\u00eb Gazetaris\u00eb - K\u00ebshilli i Mediave t\u00eb Shkruara t\u00eb Kosov\u00ebs | P\u00ebr nj\u00eb gazetari etike dhe profesionale<\/title>\n<meta name=\"robots\" content=\"index, follow, max-snippet:-1, max-image-preview:large, max-video-preview:-1\" \/>\n<link rel=\"canonical\" href=\"http:\/\/presscouncil-ks.org\/?p=16008\" \/>\n<meta property=\"og:locale\" content=\"en_US\" \/>\n<meta property=\"og:type\" content=\"article\" \/>\n<meta property=\"og:title\" content=\"P\u00ebrfundoi Shkolla e Etik\u00ebs s\u00eb Gazetaris\u00eb - K\u00ebshilli i Mediave t\u00eb Shkruara t\u00eb Kosov\u00ebs | P\u00ebr nj\u00eb gazetari etike dhe profesionale\" \/>\n<meta property=\"og:description\" content=\"Ka p\u00ebrfunduar Shkolla e Etik\u00ebs s\u00eb Gazetaris\u00eb,p\u00ebrkat\u00ebsisht moduli i dyt\u00eb. Ky modul u organizua n\u00eb kuad\u00ebr t\u00eb projektit \u201cNd\u00ebrtimi i besimit n\u00eb media n\u00eb Evrop\u00ebn Juglindore: Mb\u00ebshtetje p\u00ebr gazetarin\u00eb si nj\u00eb e mir\u00eb publike\u201d, t\u00eb financuar nga BE-ja. Shkolla organizohet nga K\u00ebshilli i Mediave t\u00eb Shkruara t\u00eb Kosov\u00ebs (KMShK). N\u00eb dit\u00ebn e tret\u00eb t\u00eb modulit [&hellip;]\" \/>\n<meta property=\"og:url\" content=\"http:\/\/presscouncil-ks.org\/?p=16008\" \/>\n<meta property=\"og:site_name\" content=\"K\u00ebshilli i Mediave t\u00eb Shkruara t\u00eb Kosov\u00ebs | P\u00ebr nj\u00eb gazetari etike dhe profesionale\" \/>\n<meta property=\"article:publisher\" content=\"https:\/\/www.facebook.com\/KMSHKosove\" \/>\n<meta property=\"article:published_time\" content=\"2025-06-05T13:43:17+00:00\" \/>\n<meta property=\"article:modified_time\" content=\"2025-08-29T19:52:38+00:00\" \/>\n<meta property=\"og:image\" content=\"http:\/\/presscouncil-ks.org\/wp-content\/uploads\/2025\/06\/VVV-scaled.jpg\" \/>\n\t<meta property=\"og:image:width\" content=\"2560\" \/>\n\t<meta property=\"og:image:height\" content=\"1441\" \/>\n\t<meta property=\"og:image:type\" content=\"image\/jpeg\" \/>\n<meta name=\"author\" content=\"Editor\" \/>\n<meta name=\"twitter:card\" content=\"summary_large_image\" \/>\n<meta name=\"twitter:label1\" content=\"Written by\" \/>\n\t<meta name=\"twitter:data1\" content=\"Editor\" \/>\n\t<meta name=\"twitter:label2\" content=\"Est. reading time\" \/>\n\t<meta name=\"twitter:data2\" content=\"2 minutes\" \/>\n<script type=\"application\/ld+json\" class=\"yoast-schema-graph\">{\"@context\":\"https:\\\/\\\/schema.org\",\"@graph\":[{\"@type\":\"Article\",\"@id\":\"http:\\\/\\\/presscouncil-ks.org\\\/?p=16008#article\",\"isPartOf\":{\"@id\":\"http:\\\/\\\/presscouncil-ks.org\\\/?p=16008\"},\"author\":{\"name\":\"Editor\",\"@id\":\"http:\\\/\\\/presscouncil-ks.org\\\/#\\\/schema\\\/person\\\/b79d30c61264caeb733239c16cc4d673\"},\"headline\":\"P\u00ebrfundoi Shkolla e Etik\u00ebs s\u00eb Gazetaris\u00eb\",\"datePublished\":\"2025-06-05T13:43:17+00:00\",\"dateModified\":\"2025-08-29T19:52:38+00:00\",\"mainEntityOfPage\":{\"@id\":\"http:\\\/\\\/presscouncil-ks.org\\\/?p=16008\"},\"wordCount\":277,\"commentCount\":0,\"publisher\":{\"@id\":\"http:\\\/\\\/presscouncil-ks.org\\\/#organization\"},\"image\":{\"@id\":\"http:\\\/\\\/presscouncil-ks.org\\\/?p=16008#primaryimage\"},\"thumbnailUrl\":\"http:\\\/\\\/presscouncil-ks.org\\\/wp-content\\\/uploads\\\/2025\\\/06\\\/VVV-scaled.jpg\",\"articleSection\":[\"Lajm\"],\"inLanguage\":\"en-US\",\"potentialAction\":[{\"@type\":\"CommentAction\",\"name\":\"Comment\",\"target\":[\"http:\\\/\\\/presscouncil-ks.org\\\/?p=16008#respond\"]}]},{\"@type\":\"WebPage\",\"@id\":\"http:\\\/\\\/presscouncil-ks.org\\\/?p=16008\",\"url\":\"http:\\\/\\\/presscouncil-ks.org\\\/?p=16008\",\"name\":\"P\u00ebrfundoi Shkolla e Etik\u00ebs s\u00eb Gazetaris\u00eb - K\u00ebshilli i Mediave t\u00eb Shkruara t\u00eb Kosov\u00ebs | P\u00ebr nj\u00eb gazetari etike dhe profesionale\",\"isPartOf\":{\"@id\":\"http:\\\/\\\/presscouncil-ks.org\\\/#website\"},\"primaryImageOfPage\":{\"@id\":\"http:\\\/\\\/presscouncil-ks.org\\\/?p=16008#primaryimage\"},\"image\":{\"@id\":\"http:\\\/\\\/presscouncil-ks.org\\\/?p=16008#primaryimage\"},\"thumbnailUrl\":\"http:\\\/\\\/presscouncil-ks.org\\\/wp-content\\\/uploads\\\/2025\\\/06\\\/VVV-scaled.jpg\",\"datePublished\":\"2025-06-05T13:43:17+00:00\",\"dateModified\":\"2025-08-29T19:52:38+00:00\",\"breadcrumb\":{\"@id\":\"http:\\\/\\\/presscouncil-ks.org\\\/?p=16008#breadcrumb\"},\"inLanguage\":\"en-US\",\"potentialAction\":[{\"@type\":\"ReadAction\",\"target\":[\"http:\\\/\\\/presscouncil-ks.org\\\/?p=16008\"]}]},{\"@type\":\"ImageObject\",\"inLanguage\":\"en-US\",\"@id\":\"http:\\\/\\\/presscouncil-ks.org\\\/?p=16008#primaryimage\",\"url\":\"http:\\\/\\\/presscouncil-ks.org\\\/wp-content\\\/uploads\\\/2025\\\/06\\\/VVV-scaled.jpg\",\"contentUrl\":\"http:\\\/\\\/presscouncil-ks.org\\\/wp-content\\\/uploads\\\/2025\\\/06\\\/VVV-scaled.jpg\",\"width\":2560,\"height\":1441},{\"@type\":\"BreadcrumbList\",\"@id\":\"http:\\\/\\\/presscouncil-ks.org\\\/?p=16008#breadcrumb\",\"itemListElement\":[{\"@type\":\"ListItem\",\"position\":1,\"name\":\"Home\",\"item\":\"https:\\\/\\\/presscouncil-ks.org\\\/\"},{\"@type\":\"ListItem\",\"position\":2,\"name\":\"P\u00ebrfundoi Shkolla e Etik\u00ebs s\u00eb Gazetaris\u00eb\"}]},{\"@type\":\"WebSite\",\"@id\":\"http:\\\/\\\/presscouncil-ks.org\\\/#website\",\"url\":\"http:\\\/\\\/presscouncil-ks.org\\\/\",\"name\":\"https:\\\/\\\/presscouncil-ks.org\\\/\",\"description\":\"\",\"publisher\":{\"@id\":\"http:\\\/\\\/presscouncil-ks.org\\\/#organization\"},\"potentialAction\":[{\"@type\":\"SearchAction\",\"target\":{\"@type\":\"EntryPoint\",\"urlTemplate\":\"http:\\\/\\\/presscouncil-ks.org\\\/?s={search_term_string}\"},\"query-input\":{\"@type\":\"PropertyValueSpecification\",\"valueRequired\":true,\"valueName\":\"search_term_string\"}}],\"inLanguage\":\"en-US\"},{\"@type\":\"Organization\",\"@id\":\"http:\\\/\\\/presscouncil-ks.org\\\/#organization\",\"name\":\"K\u00ebshilli i Mediave t\u00eb Shkruara t\u00eb Kosov\u00ebs\",\"url\":\"http:\\\/\\\/presscouncil-ks.org\\\/\",\"logo\":{\"@type\":\"ImageObject\",\"inLanguage\":\"en-US\",\"@id\":\"http:\\\/\\\/presscouncil-ks.org\\\/#\\\/schema\\\/logo\\\/image\\\/\",\"url\":\"http:\\\/\\\/presscouncil-ks.org\\\/wp-content\\\/uploads\\\/2023\\\/06\\\/cropped-logo.png\",\"contentUrl\":\"http:\\\/\\\/presscouncil-ks.org\\\/wp-content\\\/uploads\\\/2023\\\/06\\\/cropped-logo.png\",\"width\":268,\"height\":166,\"caption\":\"K\u00ebshilli i Mediave t\u00eb Shkruara t\u00eb Kosov\u00ebs\"},\"image\":{\"@id\":\"http:\\\/\\\/presscouncil-ks.org\\\/#\\\/schema\\\/logo\\\/image\\\/\"},\"sameAs\":[\"https:\\\/\\\/www.facebook.com\\\/KMSHKosove\"]},{\"@type\":\"Person\",\"@id\":\"http:\\\/\\\/presscouncil-ks.org\\\/#\\\/schema\\\/person\\\/b79d30c61264caeb733239c16cc4d673\",\"name\":\"Editor\",\"image\":{\"@type\":\"ImageObject\",\"inLanguage\":\"en-US\",\"@id\":\"https:\\\/\\\/secure.gravatar.com\\\/avatar\\\/9534865f39e7b3527010ee17196a76d054b16d731a6a5bfe2f92a071c6e9bf4e?s=96&d=mm&r=g\",\"url\":\"https:\\\/\\\/secure.gravatar.com\\\/avatar\\\/9534865f39e7b3527010ee17196a76d054b16d731a6a5bfe2f92a071c6e9bf4e?s=96&d=mm&r=g\",\"contentUrl\":\"https:\\\/\\\/secure.gravatar.com\\\/avatar\\\/9534865f39e7b3527010ee17196a76d054b16d731a6a5bfe2f92a071c6e9bf4e?s=96&d=mm&r=g\",\"caption\":\"Editor\"},\"url\":\"http:\\\/\\\/presscouncil-ks.org\\\/?author=2\"}]}<\/script>\n<!-- \/ Yoast SEO plugin. -->","yoast_head_json":{"title":"P\u00ebrfundoi Shkolla e Etik\u00ebs s\u00eb Gazetaris\u00eb - K\u00ebshilli i Mediave t\u00eb Shkruara t\u00eb Kosov\u00ebs | P\u00ebr nj\u00eb gazetari etike dhe profesionale","robots":{"index":"index","follow":"follow","max-snippet":"max-snippet:-1","max-image-preview":"max-image-preview:large","max-video-preview":"max-video-preview:-1"},"canonical":"http:\/\/presscouncil-ks.org\/?p=16008","og_locale":"en_US","og_type":"article","og_title":"P\u00ebrfundoi Shkolla e Etik\u00ebs s\u00eb Gazetaris\u00eb - K\u00ebshilli i Mediave t\u00eb Shkruara t\u00eb Kosov\u00ebs | P\u00ebr nj\u00eb gazetari etike dhe profesionale","og_description":"Ka p\u00ebrfunduar Shkolla e Etik\u00ebs s\u00eb Gazetaris\u00eb,p\u00ebrkat\u00ebsisht moduli i dyt\u00eb. Ky modul u organizua n\u00eb kuad\u00ebr t\u00eb projektit \u201cNd\u00ebrtimi i besimit n\u00eb media n\u00eb Evrop\u00ebn Juglindore: Mb\u00ebshtetje p\u00ebr gazetarin\u00eb si nj\u00eb e mir\u00eb publike\u201d, t\u00eb financuar nga BE-ja. Shkolla organizohet nga K\u00ebshilli i Mediave t\u00eb Shkruara t\u00eb Kosov\u00ebs (KMShK). N\u00eb dit\u00ebn e tret\u00eb t\u00eb modulit [&hellip;]","og_url":"http:\/\/presscouncil-ks.org\/?p=16008","og_site_name":"K\u00ebshilli i Mediave t\u00eb Shkruara t\u00eb Kosov\u00ebs | P\u00ebr nj\u00eb gazetari etike dhe profesionale","article_publisher":"https:\/\/www.facebook.com\/KMSHKosove","article_published_time":"2025-06-05T13:43:17+00:00","article_modified_time":"2025-08-29T19:52:38+00:00","og_image":[{"width":2560,"height":1441,"url":"http:\/\/presscouncil-ks.org\/wp-content\/uploads\/2025\/06\/VVV-scaled.jpg","type":"image\/jpeg"}],"author":"Editor","twitter_card":"summary_large_image","twitter_misc":{"Written by":"Editor","Est. reading time":"2 minutes"},"schema":{"@context":"https:\/\/schema.org","@graph":[{"@type":"Article","@id":"http:\/\/presscouncil-ks.org\/?p=16008#article","isPartOf":{"@id":"http:\/\/presscouncil-ks.org\/?p=16008"},"author":{"name":"Editor","@id":"http:\/\/presscouncil-ks.org\/#\/schema\/person\/b79d30c61264caeb733239c16cc4d673"},"headline":"P\u00ebrfundoi Shkolla e Etik\u00ebs s\u00eb Gazetaris\u00eb","datePublished":"2025-06-05T13:43:17+00:00","dateModified":"2025-08-29T19:52:38+00:00","mainEntityOfPage":{"@id":"http:\/\/presscouncil-ks.org\/?p=16008"},"wordCount":277,"commentCount":0,"publisher":{"@id":"http:\/\/presscouncil-ks.org\/#organization"},"image":{"@id":"http:\/\/presscouncil-ks.org\/?p=16008#primaryimage"},"thumbnailUrl":"http:\/\/presscouncil-ks.org\/wp-content\/uploads\/2025\/06\/VVV-scaled.jpg","articleSection":["Lajm"],"inLanguage":"en-US","potentialAction":[{"@type":"CommentAction","name":"Comment","target":["http:\/\/presscouncil-ks.org\/?p=16008#respond"]}]},{"@type":"WebPage","@id":"http:\/\/presscouncil-ks.org\/?p=16008","url":"http:\/\/presscouncil-ks.org\/?p=16008","name":"P\u00ebrfundoi Shkolla e Etik\u00ebs s\u00eb Gazetaris\u00eb - K\u00ebshilli i Mediave t\u00eb Shkruara t\u00eb Kosov\u00ebs | P\u00ebr nj\u00eb gazetari etike dhe profesionale","isPartOf":{"@id":"http:\/\/presscouncil-ks.org\/#website"},"primaryImageOfPage":{"@id":"http:\/\/presscouncil-ks.org\/?p=16008#primaryimage"},"image":{"@id":"http:\/\/presscouncil-ks.org\/?p=16008#primaryimage"},"thumbnailUrl":"http:\/\/presscouncil-ks.org\/wp-content\/uploads\/2025\/06\/VVV-scaled.jpg","datePublished":"2025-06-05T13:43:17+00:00","dateModified":"2025-08-29T19:52:38+00:00","breadcrumb":{"@id":"http:\/\/presscouncil-ks.org\/?p=16008#breadcrumb"},"inLanguage":"en-US","potentialAction":[{"@type":"ReadAction","target":["http:\/\/presscouncil-ks.org\/?p=16008"]}]},{"@type":"ImageObject","inLanguage":"en-US","@id":"http:\/\/presscouncil-ks.org\/?p=16008#primaryimage","url":"http:\/\/presscouncil-ks.org\/wp-content\/uploads\/2025\/06\/VVV-scaled.jpg","contentUrl":"http:\/\/presscouncil-ks.org\/wp-content\/uploads\/2025\/06\/VVV-scaled.jpg","width":2560,"height":1441},{"@type":"BreadcrumbList","@id":"http:\/\/presscouncil-ks.org\/?p=16008#breadcrumb","itemListElement":[{"@type":"ListItem","position":1,"name":"Home","item":"https:\/\/presscouncil-ks.org\/"},{"@type":"ListItem","position":2,"name":"P\u00ebrfundoi Shkolla e Etik\u00ebs s\u00eb Gazetaris\u00eb"}]},{"@type":"WebSite","@id":"http:\/\/presscouncil-ks.org\/#website","url":"http:\/\/presscouncil-ks.org\/","name":"https:\/\/presscouncil-ks.org\/","description":"","publisher":{"@id":"http:\/\/presscouncil-ks.org\/#organization"},"potentialAction":[{"@type":"SearchAction","target":{"@type":"EntryPoint","urlTemplate":"http:\/\/presscouncil-ks.org\/?s={search_term_string}"},"query-input":{"@type":"PropertyValueSpecification","valueRequired":true,"valueName":"search_term_string"}}],"inLanguage":"en-US"},{"@type":"Organization","@id":"http:\/\/presscouncil-ks.org\/#organization","name":"K\u00ebshilli i Mediave t\u00eb Shkruara t\u00eb Kosov\u00ebs","url":"http:\/\/presscouncil-ks.org\/","logo":{"@type":"ImageObject","inLanguage":"en-US","@id":"http:\/\/presscouncil-ks.org\/#\/schema\/logo\/image\/","url":"http:\/\/presscouncil-ks.org\/wp-content\/uploads\/2023\/06\/cropped-logo.png","contentUrl":"http:\/\/presscouncil-ks.org\/wp-content\/uploads\/2023\/06\/cropped-logo.png","width":268,"height":166,"caption":"K\u00ebshilli i Mediave t\u00eb Shkruara t\u00eb Kosov\u00ebs"},"image":{"@id":"http:\/\/presscouncil-ks.org\/#\/schema\/logo\/image\/"},"sameAs":["https:\/\/www.facebook.com\/KMSHKosove"]},{"@type":"Person","@id":"http:\/\/presscouncil-ks.org\/#\/schema\/person\/b79d30c61264caeb733239c16cc4d673","name":"Editor","image":{"@type":"ImageObject","inLanguage":"en-US","@id":"https:\/\/secure.gravatar.com\/avatar\/9534865f39e7b3527010ee17196a76d054b16d731a6a5bfe2f92a071c6e9bf4e?s=96&d=mm&r=g","url":"https:\/\/secure.gravatar.com\/avatar\/9534865f39e7b3527010ee17196a76d054b16d731a6a5bfe2f92a071c6e9bf4e?s=96&d=mm&r=g","contentUrl":"https:\/\/secure.gravatar.com\/avatar\/9534865f39e7b3527010ee17196a76d054b16d731a6a5bfe2f92a071c6e9bf4e?s=96&d=mm&r=g","caption":"Editor"},"url":"http:\/\/presscouncil-ks.org\/?author=2"}]}},"_links":{"self":[{"href":"http:\/\/presscouncil-ks.org\/index.php?rest_route=\/wp\/v2\/posts\/16008","targetHints":{"allow":["GET"]}}],"collection":[{"href":"http:\/\/presscouncil-ks.org\/index.php?rest_route=\/wp\/v2\/posts"}],"about":[{"href":"http:\/\/presscouncil-ks.org\/index.php?rest_route=\/wp\/v2\/types\/post"}],"author":[{"embeddable":true,"href":"http:\/\/presscouncil-ks.org\/index.php?rest_route=\/wp\/v2\/users\/2"}],"replies":[{"embeddable":true,"href":"http:\/\/presscouncil-ks.org\/index.php?rest_route=%2Fwp%2Fv2%2Fcomments&post=16008"}],"version-history":[{"count":4,"href":"http:\/\/presscouncil-ks.org\/index.php?rest_route=\/wp\/v2\/posts\/16008\/revisions"}],"predecessor-version":[{"id":16987,"href":"http:\/\/presscouncil-ks.org\/index.php?rest_route=\/wp\/v2\/posts\/16008\/revisions\/16987"}],"wp:featuredmedia":[{"embeddable":true,"href":"http:\/\/presscouncil-ks.org\/index.php?rest_route=\/wp\/v2\/media\/16009"}],"wp:attachment":[{"href":"http:\/\/presscouncil-ks.org\/index.php?rest_route=%2Fwp%2Fv2%2Fmedia&parent=16008"}],"wp:term":[{"taxonomy":"category","embeddable":true,"href":"http:\/\/presscouncil-ks.org\/index.php?rest_route=%2Fwp%2Fv2%2Fcategories&post=16008"},{"taxonomy":"post_tag","embeddable":true,"href":"http:\/\/presscouncil-ks.org\/index.php?rest_route=%2Fwp%2Fv2%2Ftags&post=16008"}],"curies":[{"name":"wp","href":"https:\/\/api.w.org\/{rel}","templated":true}]}}