{"id":15703,"date":"2024-02-02T20:57:20","date_gmt":"2024-02-02T20:57:20","guid":{"rendered":"https:\/\/presscouncil-ks.org\/?p=15703"},"modified":"2025-06-03T21:15:27","modified_gmt":"2025-06-03T21:15:27","slug":"alban-krasniqi-kunder-betimi-per-drejtesi","status":"publish","type":"post","link":"http:\/\/presscouncil-ks.org\/?p=15703","title":{"rendered":"Betimi p\u00ebr Drejt\u00ebsi, Lajmi e Periskopi"},"content":{"rendered":"","protected":false},"excerpt":{"rendered":"<p>Mediat kan\u00eb publikuar nj\u00eb lajm me titull \u201cIsh-kandidati i VV-s\u00eb, Alban Krasniqi p\u00ebrve\u00e7 an\u00ebtar n\u00eb bordin e \u2018Trep\u00e7\u00ebs\u2019, em\u00ebrohet n\u00eb nj\u00eb pozit\u00eb edhe n\u00eb at\u00eb t\u00eb KEK-ut\u201d, me pretendimin se artikulli bie n\u00eb kund\u00ebrshtim me kapitujt II (raportimi i s\u00eb v\u00ebrtet\u00ebs) dhe IV (e drejta p\u00ebr t\u2019u p\u00ebrgjigjur) t\u00eb Kodit t\u00eb Mediave..pas leximit t\u00eb ankes\u00ebs, KMShK nuk e ka t\u00eb qart\u00eb n\u00ebse media ka kontaktuar ankuesin apo ndonj\u00eb person tjet\u00ebr. K\u00ebshtu, KMShK konstaton se \u00ebsht\u00eb shkelur Kapitulli IV (e drejta p\u00ebr t\u2019u p\u00ebrgjigjur) t\u00eb Kodit t\u00eb Etik\u00ebs. Andaj, KMShK vendos q\u00eb ankesa t\u00eb miratohet.<\/p>\n","protected":false},"author":2,"featured_media":0,"comment_status":"open","ping_status":"open","sticky":false,"template":"","format":"standard","meta":{"footnotes":""},"categories":[120],"tags":[],"class_list":["post-15703","post","type-post","status-publish","format-standard","hentry","category-vendimet"],"acf":{"plaintiffs_name":"Alban Krasniqi ","complaint_date":"20\/12\/2023","complaint_against":"Betimi p\u00ebr Drejt\u00ebsi, Lajmi dhe Periskopi","alleged_violations":"Kreu II, IV","decision":"Miratohet","violations_approved":"Kreu II, IV","file":"http:\/\/presscouncil-ks.org\/wp-content\/uploads\/2025\/05\/vendim_KMSHK-1487-2024.pdf","comment":""},"yoast_head":"<!-- This site is optimized with the Yoast SEO plugin v28.3 - https:\/\/yoast.com\/product\/yoast-seo-wordpress\/ -->\n<title>Betimi p\u00ebr Drejt\u00ebsi, Lajmi e Periskopi - K\u00ebshilli i Mediave t\u00eb Shkruara t\u00eb Kosov\u00ebs | P\u00ebr nj\u00eb gazetari etike dhe profesionale<\/title>\n<meta name=\"robots\" content=\"index, follow, max-snippet:-1, max-image-preview:large, max-video-preview:-1\" \/>\n<link rel=\"canonical\" href=\"http:\/\/presscouncil-ks.org\/?p=15703\" \/>\n<meta property=\"og:locale\" content=\"en_US\" \/>\n<meta property=\"og:type\" content=\"article\" \/>\n<meta property=\"og:title\" content=\"Betimi p\u00ebr Drejt\u00ebsi, Lajmi e Periskopi - K\u00ebshilli i Mediave t\u00eb Shkruara t\u00eb Kosov\u00ebs | P\u00ebr nj\u00eb gazetari etike dhe profesionale\" \/>\n<meta property=\"og:description\" content=\"Mediat kan\u00eb publikuar nj\u00eb lajm me titull \u201cIsh-kandidati i VV-s\u00eb, Alban Krasniqi p\u00ebrve\u00e7 an\u00ebtar n\u00eb bordin e \u2018Trep\u00e7\u00ebs\u2019, em\u00ebrohet n\u00eb nj\u00eb pozit\u00eb edhe n\u00eb at\u00eb t\u00eb KEK-ut\u201d, me pretendimin se artikulli bie n\u00eb kund\u00ebrshtim me kapitujt II (raportimi i s\u00eb v\u00ebrtet\u00ebs) dhe IV (e drejta p\u00ebr t\u2019u p\u00ebrgjigjur) t\u00eb Kodit t\u00eb Mediave..pas leximit t\u00eb ankes\u00ebs, KMShK nuk e ka t\u00eb qart\u00eb n\u00ebse media ka kontaktuar ankuesin apo ndonj\u00eb person tjet\u00ebr. K\u00ebshtu, KMShK konstaton se \u00ebsht\u00eb shkelur Kapitulli IV (e drejta p\u00ebr t\u2019u p\u00ebrgjigjur) t\u00eb Kodit t\u00eb Etik\u00ebs. Andaj, KMShK vendos q\u00eb ankesa t\u00eb miratohet.\" \/>\n<meta property=\"og:url\" content=\"http:\/\/presscouncil-ks.org\/?p=15703\" \/>\n<meta property=\"og:site_name\" content=\"K\u00ebshilli i Mediave t\u00eb Shkruara t\u00eb Kosov\u00ebs | P\u00ebr nj\u00eb gazetari etike dhe profesionale\" \/>\n<meta property=\"article:publisher\" content=\"https:\/\/www.facebook.com\/KMSHKosove\" \/>\n<meta property=\"article:published_time\" content=\"2024-02-02T20:57:20+00:00\" \/>\n<meta property=\"article:modified_time\" content=\"2025-06-03T21:15:27+00:00\" \/>\n<meta name=\"author\" content=\"Editor\" \/>\n<meta name=\"twitter:card\" content=\"summary_large_image\" \/>\n<meta name=\"twitter:label1\" content=\"Written by\" \/>\n\t<meta name=\"twitter:data1\" content=\"Editor\" \/>\n<script type=\"application\/ld+json\" class=\"yoast-schema-graph\">{\"@context\":\"https:\\\/\\\/schema.org\",\"@graph\":[{\"@type\":\"Article\",\"@id\":\"http:\\\/\\\/presscouncil-ks.org\\\/?p=15703#article\",\"isPartOf\":{\"@id\":\"http:\\\/\\\/presscouncil-ks.org\\\/?p=15703\"},\"author\":{\"name\":\"Editor\",\"@id\":\"http:\\\/\\\/presscouncil-ks.org\\\/#\\\/schema\\\/person\\\/b79d30c61264caeb733239c16cc4d673\"},\"headline\":\"Betimi p\u00ebr Drejt\u00ebsi, Lajmi e Periskopi\",\"datePublished\":\"2024-02-02T20:57:20+00:00\",\"dateModified\":\"2025-06-03T21:15:27+00:00\",\"mainEntityOfPage\":{\"@id\":\"http:\\\/\\\/presscouncil-ks.org\\\/?p=15703\"},\"wordCount\":8,\"commentCount\":0,\"publisher\":{\"@id\":\"http:\\\/\\\/presscouncil-ks.org\\\/#organization\"},\"articleSection\":[\"Vendimet\"],\"inLanguage\":\"en-US\",\"potentialAction\":[{\"@type\":\"CommentAction\",\"name\":\"Comment\",\"target\":[\"http:\\\/\\\/presscouncil-ks.org\\\/?p=15703#respond\"]}]},{\"@type\":\"WebPage\",\"@id\":\"http:\\\/\\\/presscouncil-ks.org\\\/?p=15703\",\"url\":\"http:\\\/\\\/presscouncil-ks.org\\\/?p=15703\",\"name\":\"Betimi p\u00ebr Drejt\u00ebsi, Lajmi e Periskopi - K\u00ebshilli i Mediave t\u00eb Shkruara t\u00eb Kosov\u00ebs | P\u00ebr nj\u00eb gazetari etike dhe profesionale\",\"isPartOf\":{\"@id\":\"http:\\\/\\\/presscouncil-ks.org\\\/#website\"},\"datePublished\":\"2024-02-02T20:57:20+00:00\",\"dateModified\":\"2025-06-03T21:15:27+00:00\",\"breadcrumb\":{\"@id\":\"http:\\\/\\\/presscouncil-ks.org\\\/?p=15703#breadcrumb\"},\"inLanguage\":\"en-US\",\"potentialAction\":[{\"@type\":\"ReadAction\",\"target\":[\"http:\\\/\\\/presscouncil-ks.org\\\/?p=15703\"]}]},{\"@type\":\"BreadcrumbList\",\"@id\":\"http:\\\/\\\/presscouncil-ks.org\\\/?p=15703#breadcrumb\",\"itemListElement\":[{\"@type\":\"ListItem\",\"position\":1,\"name\":\"Home\",\"item\":\"https:\\\/\\\/presscouncil-ks.org\\\/\"},{\"@type\":\"ListItem\",\"position\":2,\"name\":\"Betimi p\u00ebr Drejt\u00ebsi, Lajmi e Periskopi\"}]},{\"@type\":\"WebSite\",\"@id\":\"http:\\\/\\\/presscouncil-ks.org\\\/#website\",\"url\":\"http:\\\/\\\/presscouncil-ks.org\\\/\",\"name\":\"https:\\\/\\\/presscouncil-ks.org\\\/\",\"description\":\"\",\"publisher\":{\"@id\":\"http:\\\/\\\/presscouncil-ks.org\\\/#organization\"},\"potentialAction\":[{\"@type\":\"SearchAction\",\"target\":{\"@type\":\"EntryPoint\",\"urlTemplate\":\"http:\\\/\\\/presscouncil-ks.org\\\/?s={search_term_string}\"},\"query-input\":{\"@type\":\"PropertyValueSpecification\",\"valueRequired\":true,\"valueName\":\"search_term_string\"}}],\"inLanguage\":\"en-US\"},{\"@type\":\"Organization\",\"@id\":\"http:\\\/\\\/presscouncil-ks.org\\\/#organization\",\"name\":\"K\u00ebshilli i Mediave t\u00eb Shkruara t\u00eb Kosov\u00ebs\",\"url\":\"http:\\\/\\\/presscouncil-ks.org\\\/\",\"logo\":{\"@type\":\"ImageObject\",\"inLanguage\":\"en-US\",\"@id\":\"http:\\\/\\\/presscouncil-ks.org\\\/#\\\/schema\\\/logo\\\/image\\\/\",\"url\":\"http:\\\/\\\/presscouncil-ks.org\\\/wp-content\\\/uploads\\\/2023\\\/06\\\/cropped-logo.png\",\"contentUrl\":\"http:\\\/\\\/presscouncil-ks.org\\\/wp-content\\\/uploads\\\/2023\\\/06\\\/cropped-logo.png\",\"width\":268,\"height\":166,\"caption\":\"K\u00ebshilli i Mediave t\u00eb Shkruara t\u00eb Kosov\u00ebs\"},\"image\":{\"@id\":\"http:\\\/\\\/presscouncil-ks.org\\\/#\\\/schema\\\/logo\\\/image\\\/\"},\"sameAs\":[\"https:\\\/\\\/www.facebook.com\\\/KMSHKosove\"]},{\"@type\":\"Person\",\"@id\":\"http:\\\/\\\/presscouncil-ks.org\\\/#\\\/schema\\\/person\\\/b79d30c61264caeb733239c16cc4d673\",\"name\":\"Editor\",\"image\":{\"@type\":\"ImageObject\",\"inLanguage\":\"en-US\",\"@id\":\"https:\\\/\\\/secure.gravatar.com\\\/avatar\\\/9534865f39e7b3527010ee17196a76d054b16d731a6a5bfe2f92a071c6e9bf4e?s=96&d=mm&r=g\",\"url\":\"https:\\\/\\\/secure.gravatar.com\\\/avatar\\\/9534865f39e7b3527010ee17196a76d054b16d731a6a5bfe2f92a071c6e9bf4e?s=96&d=mm&r=g\",\"contentUrl\":\"https:\\\/\\\/secure.gravatar.com\\\/avatar\\\/9534865f39e7b3527010ee17196a76d054b16d731a6a5bfe2f92a071c6e9bf4e?s=96&d=mm&r=g\",\"caption\":\"Editor\"},\"url\":\"http:\\\/\\\/presscouncil-ks.org\\\/?author=2\"}]}<\/script>\n<!-- \/ Yoast SEO plugin. -->","yoast_head_json":{"title":"Betimi p\u00ebr Drejt\u00ebsi, Lajmi e Periskopi - K\u00ebshilli i Mediave t\u00eb Shkruara t\u00eb Kosov\u00ebs | P\u00ebr nj\u00eb gazetari etike dhe profesionale","robots":{"index":"index","follow":"follow","max-snippet":"max-snippet:-1","max-image-preview":"max-image-preview:large","max-video-preview":"max-video-preview:-1"},"canonical":"http:\/\/presscouncil-ks.org\/?p=15703","og_locale":"en_US","og_type":"article","og_title":"Betimi p\u00ebr Drejt\u00ebsi, Lajmi e Periskopi - K\u00ebshilli i Mediave t\u00eb Shkruara t\u00eb Kosov\u00ebs | P\u00ebr nj\u00eb gazetari etike dhe profesionale","og_description":"Mediat kan\u00eb publikuar nj\u00eb lajm me titull \u201cIsh-kandidati i VV-s\u00eb, Alban Krasniqi p\u00ebrve\u00e7 an\u00ebtar n\u00eb bordin e \u2018Trep\u00e7\u00ebs\u2019, em\u00ebrohet n\u00eb nj\u00eb pozit\u00eb edhe n\u00eb at\u00eb t\u00eb KEK-ut\u201d, me pretendimin se artikulli bie n\u00eb kund\u00ebrshtim me kapitujt II (raportimi i s\u00eb v\u00ebrtet\u00ebs) dhe IV (e drejta p\u00ebr t\u2019u p\u00ebrgjigjur) t\u00eb Kodit t\u00eb Mediave..pas leximit t\u00eb ankes\u00ebs, KMShK nuk e ka t\u00eb qart\u00eb n\u00ebse media ka kontaktuar ankuesin apo ndonj\u00eb person tjet\u00ebr. K\u00ebshtu, KMShK konstaton se \u00ebsht\u00eb shkelur Kapitulli IV (e drejta p\u00ebr t\u2019u p\u00ebrgjigjur) t\u00eb Kodit t\u00eb Etik\u00ebs. Andaj, KMShK vendos q\u00eb ankesa t\u00eb miratohet.","og_url":"http:\/\/presscouncil-ks.org\/?p=15703","og_site_name":"K\u00ebshilli i Mediave t\u00eb Shkruara t\u00eb Kosov\u00ebs | P\u00ebr nj\u00eb gazetari etike dhe profesionale","article_publisher":"https:\/\/www.facebook.com\/KMSHKosove","article_published_time":"2024-02-02T20:57:20+00:00","article_modified_time":"2025-06-03T21:15:27+00:00","author":"Editor","twitter_card":"summary_large_image","twitter_misc":{"Written by":"Editor"},"schema":{"@context":"https:\/\/schema.org","@graph":[{"@type":"Article","@id":"http:\/\/presscouncil-ks.org\/?p=15703#article","isPartOf":{"@id":"http:\/\/presscouncil-ks.org\/?p=15703"},"author":{"name":"Editor","@id":"http:\/\/presscouncil-ks.org\/#\/schema\/person\/b79d30c61264caeb733239c16cc4d673"},"headline":"Betimi p\u00ebr Drejt\u00ebsi, Lajmi e Periskopi","datePublished":"2024-02-02T20:57:20+00:00","dateModified":"2025-06-03T21:15:27+00:00","mainEntityOfPage":{"@id":"http:\/\/presscouncil-ks.org\/?p=15703"},"wordCount":8,"commentCount":0,"publisher":{"@id":"http:\/\/presscouncil-ks.org\/#organization"},"articleSection":["Vendimet"],"inLanguage":"en-US","potentialAction":[{"@type":"CommentAction","name":"Comment","target":["http:\/\/presscouncil-ks.org\/?p=15703#respond"]}]},{"@type":"WebPage","@id":"http:\/\/presscouncil-ks.org\/?p=15703","url":"http:\/\/presscouncil-ks.org\/?p=15703","name":"Betimi p\u00ebr Drejt\u00ebsi, Lajmi e Periskopi - K\u00ebshilli i Mediave t\u00eb Shkruara t\u00eb Kosov\u00ebs | P\u00ebr nj\u00eb gazetari etike dhe profesionale","isPartOf":{"@id":"http:\/\/presscouncil-ks.org\/#website"},"datePublished":"2024-02-02T20:57:20+00:00","dateModified":"2025-06-03T21:15:27+00:00","breadcrumb":{"@id":"http:\/\/presscouncil-ks.org\/?p=15703#breadcrumb"},"inLanguage":"en-US","potentialAction":[{"@type":"ReadAction","target":["http:\/\/presscouncil-ks.org\/?p=15703"]}]},{"@type":"BreadcrumbList","@id":"http:\/\/presscouncil-ks.org\/?p=15703#breadcrumb","itemListElement":[{"@type":"ListItem","position":1,"name":"Home","item":"https:\/\/presscouncil-ks.org\/"},{"@type":"ListItem","position":2,"name":"Betimi p\u00ebr Drejt\u00ebsi, Lajmi e Periskopi"}]},{"@type":"WebSite","@id":"http:\/\/presscouncil-ks.org\/#website","url":"http:\/\/presscouncil-ks.org\/","name":"https:\/\/presscouncil-ks.org\/","description":"","publisher":{"@id":"http:\/\/presscouncil-ks.org\/#organization"},"potentialAction":[{"@type":"SearchAction","target":{"@type":"EntryPoint","urlTemplate":"http:\/\/presscouncil-ks.org\/?s={search_term_string}"},"query-input":{"@type":"PropertyValueSpecification","valueRequired":true,"valueName":"search_term_string"}}],"inLanguage":"en-US"},{"@type":"Organization","@id":"http:\/\/presscouncil-ks.org\/#organization","name":"K\u00ebshilli i Mediave t\u00eb Shkruara t\u00eb Kosov\u00ebs","url":"http:\/\/presscouncil-ks.org\/","logo":{"@type":"ImageObject","inLanguage":"en-US","@id":"http:\/\/presscouncil-ks.org\/#\/schema\/logo\/image\/","url":"http:\/\/presscouncil-ks.org\/wp-content\/uploads\/2023\/06\/cropped-logo.png","contentUrl":"http:\/\/presscouncil-ks.org\/wp-content\/uploads\/2023\/06\/cropped-logo.png","width":268,"height":166,"caption":"K\u00ebshilli i Mediave t\u00eb Shkruara t\u00eb Kosov\u00ebs"},"image":{"@id":"http:\/\/presscouncil-ks.org\/#\/schema\/logo\/image\/"},"sameAs":["https:\/\/www.facebook.com\/KMSHKosove"]},{"@type":"Person","@id":"http:\/\/presscouncil-ks.org\/#\/schema\/person\/b79d30c61264caeb733239c16cc4d673","name":"Editor","image":{"@type":"ImageObject","inLanguage":"en-US","@id":"https:\/\/secure.gravatar.com\/avatar\/9534865f39e7b3527010ee17196a76d054b16d731a6a5bfe2f92a071c6e9bf4e?s=96&d=mm&r=g","url":"https:\/\/secure.gravatar.com\/avatar\/9534865f39e7b3527010ee17196a76d054b16d731a6a5bfe2f92a071c6e9bf4e?s=96&d=mm&r=g","contentUrl":"https:\/\/secure.gravatar.com\/avatar\/9534865f39e7b3527010ee17196a76d054b16d731a6a5bfe2f92a071c6e9bf4e?s=96&d=mm&r=g","caption":"Editor"},"url":"http:\/\/presscouncil-ks.org\/?author=2"}]}},"_links":{"self":[{"href":"http:\/\/presscouncil-ks.org\/index.php?rest_route=\/wp\/v2\/posts\/15703","targetHints":{"allow":["GET"]}}],"collection":[{"href":"http:\/\/presscouncil-ks.org\/index.php?rest_route=\/wp\/v2\/posts"}],"about":[{"href":"http:\/\/presscouncil-ks.org\/index.php?rest_route=\/wp\/v2\/types\/post"}],"author":[{"embeddable":true,"href":"http:\/\/presscouncil-ks.org\/index.php?rest_route=\/wp\/v2\/users\/2"}],"replies":[{"embeddable":true,"href":"http:\/\/presscouncil-ks.org\/index.php?rest_route=%2Fwp%2Fv2%2Fcomments&post=15703"}],"version-history":[{"count":4,"href":"http:\/\/presscouncil-ks.org\/index.php?rest_route=\/wp\/v2\/posts\/15703\/revisions"}],"predecessor-version":[{"id":15966,"href":"http:\/\/presscouncil-ks.org\/index.php?rest_route=\/wp\/v2\/posts\/15703\/revisions\/15966"}],"wp:attachment":[{"href":"http:\/\/presscouncil-ks.org\/index.php?rest_route=%2Fwp%2Fv2%2Fmedia&parent=15703"}],"wp:term":[{"taxonomy":"category","embeddable":true,"href":"http:\/\/presscouncil-ks.org\/index.php?rest_route=%2Fwp%2Fv2%2Fcategories&post=15703"},{"taxonomy":"post_tag","embeddable":true,"href":"http:\/\/presscouncil-ks.org\/index.php?rest_route=%2Fwp%2Fv2%2Ftags&post=15703"}],"curies":[{"name":"wp","href":"https:\/\/api.w.org\/{rel}","templated":true}]}}