{"id":15664,"date":"2025-05-27T15:07:55","date_gmt":"2025-05-27T15:07:55","guid":{"rendered":"https:\/\/presscouncil-ks.org\/?p=15664"},"modified":"2025-07-16T17:18:59","modified_gmt":"2025-07-16T17:18:59","slug":"savet-stampe-doneo-odluku-o-18-zalbi","status":"publish","type":"post","link":"http:\/\/presscouncil-ks.org\/?p=15664&lang=sr","title":{"rendered":"Savet \u0160tampe doneo odluku o 18 \u017ealbi"},"content":{"rendered":"<p>Savet \u0160tampe Kosova (S\u0160K) u redovnom sastanku razmotrio je ukupno 18 \u017ealbi. Skup\u0161tina S\u0160K-a odlu\u010dila da \u010detiri od njih bude usvojene, dve da se usvoje, pet da se usvoje delimi\u010dno, tri su progla\u0161ene neblagovremene i \u010detiri neprihvatljive. \u017dalbe su se ticale navodnih kr\u0161enja odre\u0111enih poglavlja Kodeksa za \u0161tampane medije Kosova, kao \u0161to su Poglavlje II \u2013 Istinito izve\u0161tavanje, Poglavlje IV \u2013 Pravo na odgovor, Poglavlje VI &#8211; Izve\u0161tavanje o li\u010dnim tragedijama, za\u0161tita dece i maloletnika i Poglavlje VII \u2013 Privatnost i za\u0161tita izvora.<\/p>\n<p>&nbsp;<\/p>\n<p>S\u0160K odobrio je \u017ealbu Bujara Gucija, koga zastupa advokatska kancelarija Inlex Law Firm, protiv Sinjali.com zbog \u010dlanka pod nazivom \u201dEkskluzivno: Vlasnik &#8216;Unisolara&#8217; postao \u017ertva prevare i izgubio 190 hiljada evra &#8211; Sinjali donosi detalje\u201c, utvrdiv\u0161i da je prekr\u0161eno Poglavlje VII Kodeksa za \u0160tampu Kosova, koje se bavi privatno\u0161c\u0301u.<\/p>\n<p>&nbsp;<\/p>\n<p>S\u0160K odobrio je \u017ealbu Elvine Du\u0161aj-Osmani protiv Sinjali.com zbog \u010dlanka pod nazivom \u201dFizi\u010dki napad u ulici &#8216;Tranzit&#8217; &#8211; jedna povre\u0111ena, a dve pritvorene 48 sati u Prizrenu\u201c, utvrdiv\u0161i da su prekr\u0161ena poglavlja II i VII Kodeksa za \u0160tampu Kosova, koja se odnose na istinito izve\u0161tavanje, odnosno privatnost.<\/p>\n<p>&nbsp;<\/p>\n<p>S\u0160K odobrio je \u017ealbu Envera Krasnic\u0301ija, koga zastupa advokat Jeton Idrizi, protiv Paparaci.com zbog \u010dlanka pod nazivom \u201dBrat zvani\u010dnika AAK &#8216;nasle\u0111uje&#8217; poziciju biv\u0161eg zvani\u010dnika UDB-e u Ministarstvu Pravde\u201c, utvrdiv\u0161i da su prekr\u0161ena poglavlja II i IV Kodeksa za \u0160tampu Kosova, koja se odnose na istinito izve\u0161tavanje, odnosno pravo na odgovor.<\/p>\n<p>&nbsp;<\/p>\n<p>S\u0160K odobrio je \u017ealbu Rese Krasnic\u0301i protiv Indeksonline.net zbog \u010dlanka pod nazivom \u201dOvo je \u017eena povre\u0111ena u Pri\u0161tini, njen mu\u017e je izgubio \u017eivot od zadobijenih rana\u201c, utvrdiv\u0161i da su prekr\u0161ena poglavlja VI i VII Kodeksa za \u0160tampu Kosova, koja se bave izve\u0161tavanjem li\u010dnih tragedija, odnosno privatnosti.<\/p>\n<p>&nbsp;<\/p>\n<p>S\u0160K delimi\u010dno je odobrio \u017ealbu Leke Nikolbibaja protiv Sinjali.com, Klankosova.tv, Gazetaprishtina.info i Kosovapost.net zbog \u010dlanaka pod naslovima \u201dEkskluzivno: Ovo je profesor Filozofskog Fakulteta koji je uhvac\u0301en sa drogom u Pri\u0161tini\u201c, \u201dProfesor UP, Leke Nikolbibaj, uhvac\u0301en sa drogom\u201c, \u201dEkskluzivni snimak profesora kako konzumira drogu na balkonu svog stana\u201c, \u201dEkskluzivni snimak profesora UP, Leke Nikolbibaja, kako konzumira drogu na balkonu svog stana sa svojom biv\u0161om studentkinjom, \u0160kendijom Beri\u0161om\u201c, utvrdiv\u0161i da su delimi\u010dno prekr\u0161ena poglavlja II, IV i VII Kodeksa za \u0160tampu Kosova, koja se odnose na istinito izve\u0161tavanje, odnosno pravo na odgovor, odnosno privatnost.<\/p>\n<p>&nbsp;<\/p>\n<p>S\u0160K delimi\u010dno je odobrio \u017ealbu D\u017eenete Sike-Keljmendija, koju zastupa advokatica Erina Beri\u0161a, protiv Pejanefokus.net zbog niza \u010dlanaka, utvrdiv\u0161i da su prekr\u0161ena poglavlja II i IV Kodeksa za \u0160tampu Kosova, koja se bave istinito izve\u0161tavanjem, odnosno pravom na odgovor, ali ne i Poglavlje VII, koje se bavi privatno\u0161c\u0301u.<\/p>\n<p>&nbsp;<\/p>\n<p>S\u0160K nije odobrio (odbacio) \u017ealbu Ardijana Eminija protiv Kallxo.com zbog \u010dlanka pod nazivom \u201dProfesori Univerziteta u Gnjilanu uhvac\u0301eni u varanju prilikom prisustva na fakultetu\u201c, utvrdiv\u0161i da nije prekr\u0161eno Poglavlje II Kodeksa \u0160tampe Kosova, koje se bavi istinito izve\u0161tavanjem, kako tvrdi podnosilac \u017ealbe.<\/p>\n<p>&nbsp;<\/p>\n<p>S\u0160K nije odobrio (odbacio) \u017ealbu Po\u0161te i Telekomunikacija Kosova protiv Demokracia.com zbog \u010dlanka pod naslovom \u201dTelekom Kosova nastavlja da tro\u0161i milione za 5G, nakon ugovora od 15 miliona sa hrvatskom kompanijom, potpisuje jo\u0161 1,3 miliona evra bez konkurencije\u201c, utvrdiv\u0161i da poglavlja II i IV Kodeksa za \u0160tampu Kosova, koja se bave istinitom izve\u0161tavanjem, odnosno pravom na odgovor, nisu prekr\u0161ena, kako tvrdi podnosilac \u017ealbe.<\/p>\n<p>&nbsp;<\/p>\n<p>S\u0160K nije odobrio (odbacio) \u017ealbu Po\u0161te i Telekomunikacija Kosova protiv Insajderi.org zbog \u010dlanka \u201dIstra\u017eitelji te\u0161kih zlo\u010dini dospeli u Telekom, intervjuisana Burbuc\u0301e Hana\u201c, utvrdiv\u0161i da nije prekr\u0161eno Poglavlje II Kodeksa za \u0160tampu Kosova, koje se bavi istinitom izve\u0161tavanjem, kako tvrdi podnosilac \u017ealbe.<\/p>\n<p>&nbsp;<\/p>\n<p>S\u0160K nije odobrio (odbio) \u017ealbu KOSOVAMED Healthcare D.O.O. protiv Insajderi.org zbog \u010dlanka pod nazivom \u201dAVONET: Op\u0161tina Gnjilane potpisala ugovor vredan pola miliona evra sa operaterom koji je dostavio la\u017ene reference, potrebna je hitna istraga i raskid ugovora\u201c, utvrdiv\u0161i da poglavlja II i IV Kodeksa \u0160tampe Kosova, koja se bave istinitom izve\u0161tavanjem, odnosno pravom na odgovor, nisu prekr\u0161ena, kako je tvrdio podnosilac \u017ealbe.<\/p>\n<p>&nbsp;<\/p>\n<p>S\u0160K nije odobrio (odbacio) \u017ealbu \u0160keljc\u0301ima Milakua protiv Klankosova.tv zbog \u010dlanka pod nazivom \u201dEkskluzivno: Izbila sva\u0111a na Univerzitetu u Prizrenu, profesor Milaku prijavljen zbog pretnji kolega\u201c, utvrdiv\u0161i da poglavlja II i IV Kodeksa za \u0160tampu Kosova, koja se odnose na istinitom izve\u0161tavanjem, odnosno pravo na odgovor, nisu prekr\u0161ena, kako tvrdi podnosilac \u017ealbe.<\/p>\n<p>&nbsp;<\/p>\n<p>S\u0160K je proglasio tri \u017ealbe neblagovremenim: \u017ealbu Blerine Hod\u017ee-\u0110uraj protiv Nacionale.com zbog nekoliko \u010dlanaka i video snimaka, \u017ealbu Jetona Ukesmajlija protiv Botasot.info, Arbresh.info, Koha.net, Albanianpost.com, Insajderi.org, Paparaci.com, Z\u00ebri.info, Demokracia.com, Kosova.info zbog nekoliko \u010dlanaka i \u017ealbu Isaka Kukaja protiv Sinjali.com zbog \u010dlanka pod naslovom \u201dUhap\u0161en je zbog nasilja u porodici i ilegalnog oru\u017eja, ovo je mladic\u0301 koji je zavr\u0161io u policijskim lisicama u Prizrenu\u201c.<\/p>\n<p>&nbsp;<\/p>\n<p>S\u0160K je tako\u0111e proglasio \u010detiri \u017ealbe neprihvatljivim: \u017ealbu Blerine Hod\u017ea-\u0110uraj protiv Nacionale.com zbog nekoliko objava na dru\u0161tvenim mre\u017eama, \u017ealbu Naima Mehmetija, koga zastupa advokat Granit Haderd\u017eonaj, protiv Indeksonline.net zbog \u010dlanka pod nazivom \u201dImovina tu\u017eenog je konfiskovana od strane suda&#8230;\u201c, \u017ealbu Nuraja \u010curta A\u0161ikferkija protiv Klan Kosova, zbog koje je nalo\u017eeno da se obrati Nezavisnoj Komisiji za Medije (NKM, i \u017ealbu Dude Balje, koju zastupa advokatica Nora Huseinovic\u0301, protiv Kosova.info zbog \u010dlanka pod nazivom \u201dDuda Balje ima oko pola miliona evra na svom bankovnom ra\u010dunu\u201c.<\/p>\n<p>&nbsp;<\/p>\n","protected":false},"excerpt":{"rendered":"<p>Savet \u0160tampe Kosova (S\u0160K) u redovnom sastanku razmotrio je ukupno 18 \u017ealbi. Skup\u0161tina S\u0160K-a odlu\u010dila da \u010detiri od njih bude usvojene, dve da se usvoje, pet da se usvoje delimi\u010dno, tri su progla\u0161ene neblagovremene i \u010detiri neprihvatljive. \u017dalbe su se ticale navodnih kr\u0161enja odre\u0111enih poglavlja Kodeksa za \u0161tampane medije Kosova, kao \u0161to su Poglavlje II [&hellip;]<\/p>\n","protected":false},"author":2,"featured_media":15665,"comment_status":"open","ping_status":"open","sticky":false,"template":"","format":"standard","meta":{"footnotes":""},"categories":[86],"tags":[],"class_list":["post-15664","post","type-post","status-publish","format-standard","has-post-thumbnail","hentry","category-uncategorized-sr"],"acf":[],"yoast_head":"<!-- This site is optimized with the Yoast SEO plugin v28.3 - https:\/\/yoast.com\/product\/yoast-seo-wordpress\/ -->\n<title>Savet \u0160tampe doneo odluku o 18 \u017ealbi - K\u00ebshilli i Mediave t\u00eb Shkruara t\u00eb Kosov\u00ebs | P\u00ebr nj\u00eb gazetari etike dhe profesionale<\/title>\n<meta name=\"robots\" content=\"index, follow, max-snippet:-1, max-image-preview:large, max-video-preview:-1\" \/>\n<link rel=\"canonical\" href=\"http:\/\/presscouncil-ks.org\/?p=15664&lang=sr\" \/>\n<meta property=\"og:locale\" content=\"en_US\" \/>\n<meta property=\"og:type\" content=\"article\" \/>\n<meta property=\"og:title\" content=\"Savet \u0160tampe doneo odluku o 18 \u017ealbi - K\u00ebshilli i Mediave t\u00eb Shkruara t\u00eb Kosov\u00ebs | P\u00ebr nj\u00eb gazetari etike dhe profesionale\" \/>\n<meta property=\"og:description\" content=\"Savet \u0160tampe Kosova (S\u0160K) u redovnom sastanku razmotrio je ukupno 18 \u017ealbi. Skup\u0161tina S\u0160K-a odlu\u010dila da \u010detiri od njih bude usvojene, dve da se usvoje, pet da se usvoje delimi\u010dno, tri su progla\u0161ene neblagovremene i \u010detiri neprihvatljive. \u017dalbe su se ticale navodnih kr\u0161enja odre\u0111enih poglavlja Kodeksa za \u0161tampane medije Kosova, kao \u0161to su Poglavlje II [&hellip;]\" \/>\n<meta property=\"og:url\" content=\"http:\/\/presscouncil-ks.org\/?p=15664&amp;lang=sr\" \/>\n<meta property=\"og:site_name\" content=\"K\u00ebshilli i Mediave t\u00eb Shkruara t\u00eb Kosov\u00ebs | P\u00ebr nj\u00eb gazetari etike dhe profesionale\" \/>\n<meta property=\"article:publisher\" content=\"https:\/\/www.facebook.com\/KMSHKosove\" \/>\n<meta property=\"article:published_time\" content=\"2025-05-27T15:07:55+00:00\" \/>\n<meta property=\"article:modified_time\" content=\"2025-07-16T17:18:59+00:00\" \/>\n<meta property=\"og:image\" content=\"http:\/\/presscouncil-ks.org\/wp-content\/uploads\/2025\/05\/Slika-SSK-1-scaled.jpg\" \/>\n\t<meta property=\"og:image:width\" content=\"2560\" \/>\n\t<meta property=\"og:image:height\" content=\"1441\" \/>\n\t<meta property=\"og:image:type\" content=\"image\/jpeg\" \/>\n<meta name=\"author\" content=\"Editor\" \/>\n<meta name=\"twitter:card\" content=\"summary_large_image\" \/>\n<meta name=\"twitter:label1\" content=\"Written by\" \/>\n\t<meta name=\"twitter:data1\" content=\"Editor\" \/>\n\t<meta name=\"twitter:label2\" content=\"Est. reading time\" \/>\n\t<meta name=\"twitter:data2\" content=\"5 minutes\" \/>\n<script type=\"application\/ld+json\" class=\"yoast-schema-graph\">{\"@context\":\"https:\\\/\\\/schema.org\",\"@graph\":[{\"@type\":\"Article\",\"@id\":\"http:\\\/\\\/presscouncil-ks.org\\\/?p=15664&lang=sr#article\",\"isPartOf\":{\"@id\":\"http:\\\/\\\/presscouncil-ks.org\\\/?p=15664&lang=sr\"},\"author\":{\"name\":\"Editor\",\"@id\":\"http:\\\/\\\/presscouncil-ks.org\\\/#\\\/schema\\\/person\\\/b79d30c61264caeb733239c16cc4d673\"},\"headline\":\"Savet \u0160tampe doneo odluku o 18 \u017ealbi\",\"datePublished\":\"2025-05-27T15:07:55+00:00\",\"dateModified\":\"2025-07-16T17:18:59+00:00\",\"mainEntityOfPage\":{\"@id\":\"http:\\\/\\\/presscouncil-ks.org\\\/?p=15664&lang=sr\"},\"wordCount\":974,\"commentCount\":0,\"publisher\":{\"@id\":\"http:\\\/\\\/presscouncil-ks.org\\\/#organization\"},\"image\":{\"@id\":\"http:\\\/\\\/presscouncil-ks.org\\\/?p=15664&lang=sr#primaryimage\"},\"thumbnailUrl\":\"http:\\\/\\\/presscouncil-ks.org\\\/wp-content\\\/uploads\\\/2025\\\/05\\\/Slika-SSK-1-scaled.jpg\",\"inLanguage\":\"en-US\",\"potentialAction\":[{\"@type\":\"CommentAction\",\"name\":\"Comment\",\"target\":[\"http:\\\/\\\/presscouncil-ks.org\\\/?p=15664&lang=sr#respond\"]}]},{\"@type\":\"WebPage\",\"@id\":\"http:\\\/\\\/presscouncil-ks.org\\\/?p=15664&lang=sr\",\"url\":\"http:\\\/\\\/presscouncil-ks.org\\\/?p=15664&lang=sr\",\"name\":\"Savet \u0160tampe doneo odluku o 18 \u017ealbi - K\u00ebshilli i Mediave t\u00eb Shkruara t\u00eb Kosov\u00ebs | P\u00ebr nj\u00eb gazetari etike dhe profesionale\",\"isPartOf\":{\"@id\":\"http:\\\/\\\/presscouncil-ks.org\\\/#website\"},\"primaryImageOfPage\":{\"@id\":\"http:\\\/\\\/presscouncil-ks.org\\\/?p=15664&lang=sr#primaryimage\"},\"image\":{\"@id\":\"http:\\\/\\\/presscouncil-ks.org\\\/?p=15664&lang=sr#primaryimage\"},\"thumbnailUrl\":\"http:\\\/\\\/presscouncil-ks.org\\\/wp-content\\\/uploads\\\/2025\\\/05\\\/Slika-SSK-1-scaled.jpg\",\"datePublished\":\"2025-05-27T15:07:55+00:00\",\"dateModified\":\"2025-07-16T17:18:59+00:00\",\"breadcrumb\":{\"@id\":\"http:\\\/\\\/presscouncil-ks.org\\\/?p=15664&lang=sr#breadcrumb\"},\"inLanguage\":\"en-US\",\"potentialAction\":[{\"@type\":\"ReadAction\",\"target\":[\"http:\\\/\\\/presscouncil-ks.org\\\/?p=15664&lang=sr\"]}]},{\"@type\":\"ImageObject\",\"inLanguage\":\"en-US\",\"@id\":\"http:\\\/\\\/presscouncil-ks.org\\\/?p=15664&lang=sr#primaryimage\",\"url\":\"http:\\\/\\\/presscouncil-ks.org\\\/wp-content\\\/uploads\\\/2025\\\/05\\\/Slika-SSK-1-scaled.jpg\",\"contentUrl\":\"http:\\\/\\\/presscouncil-ks.org\\\/wp-content\\\/uploads\\\/2025\\\/05\\\/Slika-SSK-1-scaled.jpg\",\"width\":2560,\"height\":1441},{\"@type\":\"BreadcrumbList\",\"@id\":\"http:\\\/\\\/presscouncil-ks.org\\\/?p=15664&lang=sr#breadcrumb\",\"itemListElement\":[{\"@type\":\"ListItem\",\"position\":1,\"name\":\"Home\",\"item\":\"https:\\\/\\\/presscouncil-ks.org\\\/\"},{\"@type\":\"ListItem\",\"position\":2,\"name\":\"Savet \u0160tampe doneo odluku o 18 \u017ealbi\"}]},{\"@type\":\"WebSite\",\"@id\":\"http:\\\/\\\/presscouncil-ks.org\\\/#website\",\"url\":\"http:\\\/\\\/presscouncil-ks.org\\\/\",\"name\":\"https:\\\/\\\/presscouncil-ks.org\\\/\",\"description\":\"\",\"publisher\":{\"@id\":\"http:\\\/\\\/presscouncil-ks.org\\\/#organization\"},\"potentialAction\":[{\"@type\":\"SearchAction\",\"target\":{\"@type\":\"EntryPoint\",\"urlTemplate\":\"http:\\\/\\\/presscouncil-ks.org\\\/?s={search_term_string}\"},\"query-input\":{\"@type\":\"PropertyValueSpecification\",\"valueRequired\":true,\"valueName\":\"search_term_string\"}}],\"inLanguage\":\"en-US\"},{\"@type\":\"Organization\",\"@id\":\"http:\\\/\\\/presscouncil-ks.org\\\/#organization\",\"name\":\"K\u00ebshilli i Mediave t\u00eb Shkruara t\u00eb Kosov\u00ebs\",\"url\":\"http:\\\/\\\/presscouncil-ks.org\\\/\",\"logo\":{\"@type\":\"ImageObject\",\"inLanguage\":\"en-US\",\"@id\":\"http:\\\/\\\/presscouncil-ks.org\\\/#\\\/schema\\\/logo\\\/image\\\/\",\"url\":\"http:\\\/\\\/presscouncil-ks.org\\\/wp-content\\\/uploads\\\/2023\\\/06\\\/cropped-logo.png\",\"contentUrl\":\"http:\\\/\\\/presscouncil-ks.org\\\/wp-content\\\/uploads\\\/2023\\\/06\\\/cropped-logo.png\",\"width\":268,\"height\":166,\"caption\":\"K\u00ebshilli i Mediave t\u00eb Shkruara t\u00eb Kosov\u00ebs\"},\"image\":{\"@id\":\"http:\\\/\\\/presscouncil-ks.org\\\/#\\\/schema\\\/logo\\\/image\\\/\"},\"sameAs\":[\"https:\\\/\\\/www.facebook.com\\\/KMSHKosove\"]},{\"@type\":\"Person\",\"@id\":\"http:\\\/\\\/presscouncil-ks.org\\\/#\\\/schema\\\/person\\\/b79d30c61264caeb733239c16cc4d673\",\"name\":\"Editor\",\"image\":{\"@type\":\"ImageObject\",\"inLanguage\":\"en-US\",\"@id\":\"https:\\\/\\\/secure.gravatar.com\\\/avatar\\\/9534865f39e7b3527010ee17196a76d054b16d731a6a5bfe2f92a071c6e9bf4e?s=96&d=mm&r=g\",\"url\":\"https:\\\/\\\/secure.gravatar.com\\\/avatar\\\/9534865f39e7b3527010ee17196a76d054b16d731a6a5bfe2f92a071c6e9bf4e?s=96&d=mm&r=g\",\"contentUrl\":\"https:\\\/\\\/secure.gravatar.com\\\/avatar\\\/9534865f39e7b3527010ee17196a76d054b16d731a6a5bfe2f92a071c6e9bf4e?s=96&d=mm&r=g\",\"caption\":\"Editor\"},\"url\":\"http:\\\/\\\/presscouncil-ks.org\\\/?author=2\"}]}<\/script>\n<!-- \/ Yoast SEO plugin. -->","yoast_head_json":{"title":"Savet \u0160tampe doneo odluku o 18 \u017ealbi - K\u00ebshilli i Mediave t\u00eb Shkruara t\u00eb Kosov\u00ebs | P\u00ebr nj\u00eb gazetari etike dhe profesionale","robots":{"index":"index","follow":"follow","max-snippet":"max-snippet:-1","max-image-preview":"max-image-preview:large","max-video-preview":"max-video-preview:-1"},"canonical":"http:\/\/presscouncil-ks.org\/?p=15664&lang=sr","og_locale":"en_US","og_type":"article","og_title":"Savet \u0160tampe doneo odluku o 18 \u017ealbi - K\u00ebshilli i Mediave t\u00eb Shkruara t\u00eb Kosov\u00ebs | P\u00ebr nj\u00eb gazetari etike dhe profesionale","og_description":"Savet \u0160tampe Kosova (S\u0160K) u redovnom sastanku razmotrio je ukupno 18 \u017ealbi. Skup\u0161tina S\u0160K-a odlu\u010dila da \u010detiri od njih bude usvojene, dve da se usvoje, pet da se usvoje delimi\u010dno, tri su progla\u0161ene neblagovremene i \u010detiri neprihvatljive. \u017dalbe su se ticale navodnih kr\u0161enja odre\u0111enih poglavlja Kodeksa za \u0161tampane medije Kosova, kao \u0161to su Poglavlje II [&hellip;]","og_url":"http:\/\/presscouncil-ks.org\/?p=15664&lang=sr","og_site_name":"K\u00ebshilli i Mediave t\u00eb Shkruara t\u00eb Kosov\u00ebs | P\u00ebr nj\u00eb gazetari etike dhe profesionale","article_publisher":"https:\/\/www.facebook.com\/KMSHKosove","article_published_time":"2025-05-27T15:07:55+00:00","article_modified_time":"2025-07-16T17:18:59+00:00","og_image":[{"width":2560,"height":1441,"url":"http:\/\/presscouncil-ks.org\/wp-content\/uploads\/2025\/05\/Slika-SSK-1-scaled.jpg","type":"image\/jpeg"}],"author":"Editor","twitter_card":"summary_large_image","twitter_misc":{"Written by":"Editor","Est. reading time":"5 minutes"},"schema":{"@context":"https:\/\/schema.org","@graph":[{"@type":"Article","@id":"http:\/\/presscouncil-ks.org\/?p=15664&lang=sr#article","isPartOf":{"@id":"http:\/\/presscouncil-ks.org\/?p=15664&lang=sr"},"author":{"name":"Editor","@id":"http:\/\/presscouncil-ks.org\/#\/schema\/person\/b79d30c61264caeb733239c16cc4d673"},"headline":"Savet \u0160tampe doneo odluku o 18 \u017ealbi","datePublished":"2025-05-27T15:07:55+00:00","dateModified":"2025-07-16T17:18:59+00:00","mainEntityOfPage":{"@id":"http:\/\/presscouncil-ks.org\/?p=15664&lang=sr"},"wordCount":974,"commentCount":0,"publisher":{"@id":"http:\/\/presscouncil-ks.org\/#organization"},"image":{"@id":"http:\/\/presscouncil-ks.org\/?p=15664&lang=sr#primaryimage"},"thumbnailUrl":"http:\/\/presscouncil-ks.org\/wp-content\/uploads\/2025\/05\/Slika-SSK-1-scaled.jpg","inLanguage":"en-US","potentialAction":[{"@type":"CommentAction","name":"Comment","target":["http:\/\/presscouncil-ks.org\/?p=15664&lang=sr#respond"]}]},{"@type":"WebPage","@id":"http:\/\/presscouncil-ks.org\/?p=15664&lang=sr","url":"http:\/\/presscouncil-ks.org\/?p=15664&lang=sr","name":"Savet \u0160tampe doneo odluku o 18 \u017ealbi - K\u00ebshilli i Mediave t\u00eb Shkruara t\u00eb Kosov\u00ebs | P\u00ebr nj\u00eb gazetari etike dhe profesionale","isPartOf":{"@id":"http:\/\/presscouncil-ks.org\/#website"},"primaryImageOfPage":{"@id":"http:\/\/presscouncil-ks.org\/?p=15664&lang=sr#primaryimage"},"image":{"@id":"http:\/\/presscouncil-ks.org\/?p=15664&lang=sr#primaryimage"},"thumbnailUrl":"http:\/\/presscouncil-ks.org\/wp-content\/uploads\/2025\/05\/Slika-SSK-1-scaled.jpg","datePublished":"2025-05-27T15:07:55+00:00","dateModified":"2025-07-16T17:18:59+00:00","breadcrumb":{"@id":"http:\/\/presscouncil-ks.org\/?p=15664&lang=sr#breadcrumb"},"inLanguage":"en-US","potentialAction":[{"@type":"ReadAction","target":["http:\/\/presscouncil-ks.org\/?p=15664&lang=sr"]}]},{"@type":"ImageObject","inLanguage":"en-US","@id":"http:\/\/presscouncil-ks.org\/?p=15664&lang=sr#primaryimage","url":"http:\/\/presscouncil-ks.org\/wp-content\/uploads\/2025\/05\/Slika-SSK-1-scaled.jpg","contentUrl":"http:\/\/presscouncil-ks.org\/wp-content\/uploads\/2025\/05\/Slika-SSK-1-scaled.jpg","width":2560,"height":1441},{"@type":"BreadcrumbList","@id":"http:\/\/presscouncil-ks.org\/?p=15664&lang=sr#breadcrumb","itemListElement":[{"@type":"ListItem","position":1,"name":"Home","item":"https:\/\/presscouncil-ks.org\/"},{"@type":"ListItem","position":2,"name":"Savet \u0160tampe doneo odluku o 18 \u017ealbi"}]},{"@type":"WebSite","@id":"http:\/\/presscouncil-ks.org\/#website","url":"http:\/\/presscouncil-ks.org\/","name":"https:\/\/presscouncil-ks.org\/","description":"","publisher":{"@id":"http:\/\/presscouncil-ks.org\/#organization"},"potentialAction":[{"@type":"SearchAction","target":{"@type":"EntryPoint","urlTemplate":"http:\/\/presscouncil-ks.org\/?s={search_term_string}"},"query-input":{"@type":"PropertyValueSpecification","valueRequired":true,"valueName":"search_term_string"}}],"inLanguage":"en-US"},{"@type":"Organization","@id":"http:\/\/presscouncil-ks.org\/#organization","name":"K\u00ebshilli i Mediave t\u00eb Shkruara t\u00eb Kosov\u00ebs","url":"http:\/\/presscouncil-ks.org\/","logo":{"@type":"ImageObject","inLanguage":"en-US","@id":"http:\/\/presscouncil-ks.org\/#\/schema\/logo\/image\/","url":"http:\/\/presscouncil-ks.org\/wp-content\/uploads\/2023\/06\/cropped-logo.png","contentUrl":"http:\/\/presscouncil-ks.org\/wp-content\/uploads\/2023\/06\/cropped-logo.png","width":268,"height":166,"caption":"K\u00ebshilli i Mediave t\u00eb Shkruara t\u00eb Kosov\u00ebs"},"image":{"@id":"http:\/\/presscouncil-ks.org\/#\/schema\/logo\/image\/"},"sameAs":["https:\/\/www.facebook.com\/KMSHKosove"]},{"@type":"Person","@id":"http:\/\/presscouncil-ks.org\/#\/schema\/person\/b79d30c61264caeb733239c16cc4d673","name":"Editor","image":{"@type":"ImageObject","inLanguage":"en-US","@id":"https:\/\/secure.gravatar.com\/avatar\/9534865f39e7b3527010ee17196a76d054b16d731a6a5bfe2f92a071c6e9bf4e?s=96&d=mm&r=g","url":"https:\/\/secure.gravatar.com\/avatar\/9534865f39e7b3527010ee17196a76d054b16d731a6a5bfe2f92a071c6e9bf4e?s=96&d=mm&r=g","contentUrl":"https:\/\/secure.gravatar.com\/avatar\/9534865f39e7b3527010ee17196a76d054b16d731a6a5bfe2f92a071c6e9bf4e?s=96&d=mm&r=g","caption":"Editor"},"url":"http:\/\/presscouncil-ks.org\/?author=2"}]}},"_links":{"self":[{"href":"http:\/\/presscouncil-ks.org\/index.php?rest_route=\/wp\/v2\/posts\/15664","targetHints":{"allow":["GET"]}}],"collection":[{"href":"http:\/\/presscouncil-ks.org\/index.php?rest_route=\/wp\/v2\/posts"}],"about":[{"href":"http:\/\/presscouncil-ks.org\/index.php?rest_route=\/wp\/v2\/types\/post"}],"author":[{"embeddable":true,"href":"http:\/\/presscouncil-ks.org\/index.php?rest_route=\/wp\/v2\/users\/2"}],"replies":[{"embeddable":true,"href":"http:\/\/presscouncil-ks.org\/index.php?rest_route=%2Fwp%2Fv2%2Fcomments&post=15664"}],"version-history":[{"count":2,"href":"http:\/\/presscouncil-ks.org\/index.php?rest_route=\/wp\/v2\/posts\/15664\/revisions"}],"predecessor-version":[{"id":16625,"href":"http:\/\/presscouncil-ks.org\/index.php?rest_route=\/wp\/v2\/posts\/15664\/revisions\/16625"}],"wp:featuredmedia":[{"embeddable":true,"href":"http:\/\/presscouncil-ks.org\/index.php?rest_route=\/wp\/v2\/media\/15665"}],"wp:attachment":[{"href":"http:\/\/presscouncil-ks.org\/index.php?rest_route=%2Fwp%2Fv2%2Fmedia&parent=15664"}],"wp:term":[{"taxonomy":"category","embeddable":true,"href":"http:\/\/presscouncil-ks.org\/index.php?rest_route=%2Fwp%2Fv2%2Fcategories&post=15664"},{"taxonomy":"post_tag","embeddable":true,"href":"http:\/\/presscouncil-ks.org\/index.php?rest_route=%2Fwp%2Fv2%2Ftags&post=15664"}],"curies":[{"name":"wp","href":"https:\/\/api.w.org\/{rel}","templated":true}]}}