{"id":14343,"date":"2025-05-21T12:49:32","date_gmt":"2025-05-21T12:49:32","guid":{"rendered":"https:\/\/presscouncil-ks.org\/?p=14343"},"modified":"2025-07-16T17:18:13","modified_gmt":"2025-07-16T17:18:13","slug":"savet-stampe-potpisao-zajednicku-deklaraciju-o-etickoj-i-transparentnoj-upotrebi-vestacke-intelegencije-u-medijima","status":"publish","type":"post","link":"http:\/\/presscouncil-ks.org\/?p=14343&lang=sr","title":{"rendered":"Savet \u0160tampe potpisao zajedni\u010dku deklaraciju o eti\u010dkoj i transparentnoj upotrebi ve\u0161ta\u010dke inteligencije u medijima"},"content":{"rendered":"\r\n<p class=\"wp-block-paragraph\">Predstavnici saveta za \u0161tampu i medije iz zemalja jugoisto\u010dne Evrope i Turske, u okviru regionalnog sastanka o medijskoj etici i odgovornoj upotrebi ve\u0161ta\u010dke inteligencije u redakcijama, koji se odr\u017eava u Ohridu, u Severnoj Makedoniji, potpisali su zajedni\u010dku regionalnu deklaraciju o eti\u010dkoj i transparentnoj upotrebi ve\u0161ta\u010dke inteligencije u medijima.<\/p>\r\n\r\n\r\n\r\n<p class=\"wp-block-paragraph\">Ova izjava nagla\u0161ava su\u0161tinski zna\u010daj o\u010duvanja uloge novinarstva u za\u0161titi javnog interesa, kao i neophodnost samoregulacije medija radi odr\u017eavanja profesionalnih standarda i ure\u0111iva\u010dke nezavisnosti u digitalnom dobu.<\/p>\r\n\r\n\r\n\r\n<p class=\"wp-block-paragraph\">Izjava sadr\u017ei jasne principe za kori\u0161\u0107enje ve\u0161ta\u010dke inteligencije u medijima, uklju\u010duju\u0107i:<\/p>\r\n\r\n\r\n\r\n<p class=\"wp-block-paragraph\">&#8211; Ve\u0161ta\u010dka inteligencija kao pomo\u0107no sredstvo, a ne zamena za ljudsko rasu\u0111ivanje;<\/p>\r\n\r\n\r\n\r\n<p class=\"wp-block-paragraph\">&#8211; Transparentnost i obele\u017eavanje sadr\u017eaja generisanog ve\u0161ta\u010dkom inteligencijom;<\/p>\r\n\r\n\r\n\r\n<p class=\"wp-block-paragraph\">&#8211; Uredni\u010dka odgovornost i procena rizika pre kori\u0161\u0107enja tehnologije;<\/p>\r\n\r\n\r\n\r\n<p class=\"wp-block-paragraph\">&#8211; Standardi verifikacije i ta\u010dnosti tako\u0111e i za sadr\u017eaj potpomognut ve\u0161ta\u010dkom inteligencijom;<\/p>\r\n\r\n\r\n\r\n<p class=\"wp-block-paragraph\">&#8211; Za\u0161tita pluralizma i ranjivih grupa, kao i borba protiv algoritamske pristrasnosti;<\/p>\r\n\r\n\r\n\r\n<p class=\"wp-block-paragraph\">&#8211; Interne politike za odgovornost, privatnost i medijsko obrazovanje za ve\u0161ta\u010dku inteligenciju.<\/p>\r\n\r\n\r\n\r\n<p class=\"wp-block-paragraph\">Ovom deklaracijom, medijski saveti se obavezuju na a\u017euriranje eti\u010dkih kodeksa, ja\u010danje regionalne saradnje i promociju obrazovanja za bezbednu i odgovornu upotrebu ve\u0161ta\u010dke inteligencije u novinarstvu.<\/p>\r\n\r\n\r\n\r\n<p class=\"wp-block-paragraph\">\u201cSamo kroz etiku, transparentnost i zajedni\u010dku viziju mo\u017eemo izgraditi medijski sistem koji je odr\u017eiv, inkluzivan i dostojan javnog poverenja u digitalnom dobu\u201c, zaklju\u010duje se u saop\u0161tenju.<\/p>\r\n\r\n\r\n\r\n<figure class=\"wp-block-gallery has-nested-images columns-default is-cropped wp-block-gallery-1 is-layout-flex wp-block-gallery-is-layout-flex\">\r\n<figure class=\"wp-block-image size-large\"><img loading=\"lazy\" decoding=\"async\" width=\"843\" height=\"504\" data-id=\"14344\" class=\"wp-image-14344\" src=\"https:\/\/presscouncil-ks.org\/wp-content\/uploads\/2025\/05\/bbbbbbb-1.jpg\" alt=\"\" srcset=\"http:\/\/presscouncil-ks.org\/wp-content\/uploads\/2025\/05\/bbbbbbb-1.jpg 843w, http:\/\/presscouncil-ks.org\/wp-content\/uploads\/2025\/05\/bbbbbbb-1-300x179.jpg 300w, http:\/\/presscouncil-ks.org\/wp-content\/uploads\/2025\/05\/bbbbbbb-1-768x459.jpg 768w\" sizes=\"auto, (max-width: 843px) 100vw, 843px\" \/><\/figure>\r\n<\/figure>\r\n","protected":false},"excerpt":{"rendered":"<p>Predstavnici saveta za \u0161tampu i medije iz zemalja jugoisto\u010dne Evrope i Turske, u okviru regionalnog sastanka o medijskoj etici i odgovornoj upotrebi ve\u0161ta\u010dke inteligencije u redakcijama, koji se odr\u017eava u Ohridu, u Severnoj Makedoniji, potpisali su zajedni\u010dku regionalnu deklaraciju o eti\u010dkoj i transparentnoj upotrebi ve\u0161ta\u010dke inteligencije u medijima. Ova izjava nagla\u0161ava su\u0161tinski zna\u010daj o\u010duvanja uloge [&hellip;]<\/p>\n","protected":false},"author":2,"featured_media":14344,"comment_status":"open","ping_status":"open","sticky":false,"template":"","format":"standard","meta":{"footnotes":""},"categories":[135],"tags":[],"class_list":["post-14343","post","type-post","status-publish","format-standard","has-post-thumbnail","hentry","category-vesti"],"acf":{"video_title":"","video":false},"yoast_head":"<!-- This site is optimized with the Yoast SEO plugin v28.3 - https:\/\/yoast.com\/product\/yoast-seo-wordpress\/ -->\n<title>Savet \u0160tampe potpisao zajedni\u010dku deklaraciju o eti\u010dkoj i transparentnoj upotrebi ve\u0161ta\u010dke inteligencije u medijima - K\u00ebshilli i Mediave t\u00eb Shkruara t\u00eb Kosov\u00ebs | P\u00ebr nj\u00eb gazetari etike dhe profesionale<\/title>\n<meta name=\"robots\" content=\"index, follow, max-snippet:-1, max-image-preview:large, max-video-preview:-1\" \/>\n<link rel=\"canonical\" href=\"http:\/\/presscouncil-ks.org\/?p=14343&lang=sr\" \/>\n<meta property=\"og:locale\" content=\"en_US\" \/>\n<meta property=\"og:type\" content=\"article\" \/>\n<meta property=\"og:title\" content=\"Savet \u0160tampe potpisao zajedni\u010dku deklaraciju o eti\u010dkoj i transparentnoj upotrebi ve\u0161ta\u010dke inteligencije u medijima - K\u00ebshilli i Mediave t\u00eb Shkruara t\u00eb Kosov\u00ebs | P\u00ebr nj\u00eb gazetari etike dhe profesionale\" \/>\n<meta property=\"og:description\" content=\"Predstavnici saveta za \u0161tampu i medije iz zemalja jugoisto\u010dne Evrope i Turske, u okviru regionalnog sastanka o medijskoj etici i odgovornoj upotrebi ve\u0161ta\u010dke inteligencije u redakcijama, koji se odr\u017eava u Ohridu, u Severnoj Makedoniji, potpisali su zajedni\u010dku regionalnu deklaraciju o eti\u010dkoj i transparentnoj upotrebi ve\u0161ta\u010dke inteligencije u medijima. Ova izjava nagla\u0161ava su\u0161tinski zna\u010daj o\u010duvanja uloge [&hellip;]\" \/>\n<meta property=\"og:url\" content=\"http:\/\/presscouncil-ks.org\/?p=14343&amp;lang=sr\" \/>\n<meta property=\"og:site_name\" content=\"K\u00ebshilli i Mediave t\u00eb Shkruara t\u00eb Kosov\u00ebs | P\u00ebr nj\u00eb gazetari etike dhe profesionale\" \/>\n<meta property=\"article:publisher\" content=\"https:\/\/www.facebook.com\/KMSHKosove\" \/>\n<meta property=\"article:published_time\" content=\"2025-05-21T12:49:32+00:00\" \/>\n<meta property=\"article:modified_time\" content=\"2025-07-16T17:18:13+00:00\" \/>\n<meta property=\"og:image\" content=\"http:\/\/presscouncil-ks.org\/wp-content\/uploads\/2025\/05\/bbbbbbb-1.jpg\" \/>\n\t<meta property=\"og:image:width\" content=\"843\" \/>\n\t<meta property=\"og:image:height\" content=\"504\" \/>\n\t<meta property=\"og:image:type\" content=\"image\/jpeg\" \/>\n<meta name=\"author\" content=\"Editor\" \/>\n<meta name=\"twitter:card\" content=\"summary_large_image\" \/>\n<meta name=\"twitter:label1\" content=\"Written by\" \/>\n\t<meta name=\"twitter:data1\" content=\"Editor\" \/>\n\t<meta name=\"twitter:label2\" content=\"Est. reading time\" \/>\n\t<meta name=\"twitter:data2\" content=\"1 minute\" \/>\n<script type=\"application\/ld+json\" class=\"yoast-schema-graph\">{\"@context\":\"https:\\\/\\\/schema.org\",\"@graph\":[{\"@type\":\"Article\",\"@id\":\"http:\\\/\\\/presscouncil-ks.org\\\/?p=14343&lang=sr#article\",\"isPartOf\":{\"@id\":\"http:\\\/\\\/presscouncil-ks.org\\\/?p=14343&lang=sr\"},\"author\":{\"name\":\"Editor\",\"@id\":\"http:\\\/\\\/presscouncil-ks.org\\\/#\\\/schema\\\/person\\\/b79d30c61264caeb733239c16cc4d673\"},\"headline\":\"Savet \u0160tampe potpisao zajedni\u010dku deklaraciju o eti\u010dkoj i transparentnoj upotrebi ve\u0161ta\u010dke inteligencije u medijima\",\"datePublished\":\"2025-05-21T12:49:32+00:00\",\"dateModified\":\"2025-07-16T17:18:13+00:00\",\"mainEntityOfPage\":{\"@id\":\"http:\\\/\\\/presscouncil-ks.org\\\/?p=14343&lang=sr\"},\"wordCount\":270,\"commentCount\":0,\"publisher\":{\"@id\":\"http:\\\/\\\/presscouncil-ks.org\\\/#organization\"},\"image\":{\"@id\":\"http:\\\/\\\/presscouncil-ks.org\\\/?p=14343&lang=sr#primaryimage\"},\"thumbnailUrl\":\"http:\\\/\\\/presscouncil-ks.org\\\/wp-content\\\/uploads\\\/2025\\\/05\\\/bbbbbbb-1.jpg\",\"articleSection\":[\"Vesti\"],\"inLanguage\":\"en-US\",\"potentialAction\":[{\"@type\":\"CommentAction\",\"name\":\"Comment\",\"target\":[\"http:\\\/\\\/presscouncil-ks.org\\\/?p=14343&lang=sr#respond\"]}]},{\"@type\":\"WebPage\",\"@id\":\"http:\\\/\\\/presscouncil-ks.org\\\/?p=14343&lang=sr\",\"url\":\"http:\\\/\\\/presscouncil-ks.org\\\/?p=14343&lang=sr\",\"name\":\"Savet \u0160tampe potpisao zajedni\u010dku deklaraciju o eti\u010dkoj i transparentnoj upotrebi ve\u0161ta\u010dke inteligencije u medijima - K\u00ebshilli i Mediave t\u00eb Shkruara t\u00eb Kosov\u00ebs | P\u00ebr nj\u00eb gazetari etike dhe profesionale\",\"isPartOf\":{\"@id\":\"http:\\\/\\\/presscouncil-ks.org\\\/#website\"},\"primaryImageOfPage\":{\"@id\":\"http:\\\/\\\/presscouncil-ks.org\\\/?p=14343&lang=sr#primaryimage\"},\"image\":{\"@id\":\"http:\\\/\\\/presscouncil-ks.org\\\/?p=14343&lang=sr#primaryimage\"},\"thumbnailUrl\":\"http:\\\/\\\/presscouncil-ks.org\\\/wp-content\\\/uploads\\\/2025\\\/05\\\/bbbbbbb-1.jpg\",\"datePublished\":\"2025-05-21T12:49:32+00:00\",\"dateModified\":\"2025-07-16T17:18:13+00:00\",\"breadcrumb\":{\"@id\":\"http:\\\/\\\/presscouncil-ks.org\\\/?p=14343&lang=sr#breadcrumb\"},\"inLanguage\":\"en-US\",\"potentialAction\":[{\"@type\":\"ReadAction\",\"target\":[\"http:\\\/\\\/presscouncil-ks.org\\\/?p=14343&lang=sr\"]}]},{\"@type\":\"ImageObject\",\"inLanguage\":\"en-US\",\"@id\":\"http:\\\/\\\/presscouncil-ks.org\\\/?p=14343&lang=sr#primaryimage\",\"url\":\"http:\\\/\\\/presscouncil-ks.org\\\/wp-content\\\/uploads\\\/2025\\\/05\\\/bbbbbbb-1.jpg\",\"contentUrl\":\"http:\\\/\\\/presscouncil-ks.org\\\/wp-content\\\/uploads\\\/2025\\\/05\\\/bbbbbbb-1.jpg\",\"width\":843,\"height\":504},{\"@type\":\"BreadcrumbList\",\"@id\":\"http:\\\/\\\/presscouncil-ks.org\\\/?p=14343&lang=sr#breadcrumb\",\"itemListElement\":[{\"@type\":\"ListItem\",\"position\":1,\"name\":\"Home\",\"item\":\"https:\\\/\\\/presscouncil-ks.org\\\/\"},{\"@type\":\"ListItem\",\"position\":2,\"name\":\"Savet \u0160tampe potpisao zajedni\u010dku deklaraciju o eti\u010dkoj i transparentnoj upotrebi ve\u0161ta\u010dke inteligencije u medijima\"}]},{\"@type\":\"WebSite\",\"@id\":\"http:\\\/\\\/presscouncil-ks.org\\\/#website\",\"url\":\"http:\\\/\\\/presscouncil-ks.org\\\/\",\"name\":\"https:\\\/\\\/presscouncil-ks.org\\\/\",\"description\":\"\",\"publisher\":{\"@id\":\"http:\\\/\\\/presscouncil-ks.org\\\/#organization\"},\"potentialAction\":[{\"@type\":\"SearchAction\",\"target\":{\"@type\":\"EntryPoint\",\"urlTemplate\":\"http:\\\/\\\/presscouncil-ks.org\\\/?s={search_term_string}\"},\"query-input\":{\"@type\":\"PropertyValueSpecification\",\"valueRequired\":true,\"valueName\":\"search_term_string\"}}],\"inLanguage\":\"en-US\"},{\"@type\":\"Organization\",\"@id\":\"http:\\\/\\\/presscouncil-ks.org\\\/#organization\",\"name\":\"K\u00ebshilli i Mediave t\u00eb Shkruara t\u00eb Kosov\u00ebs\",\"url\":\"http:\\\/\\\/presscouncil-ks.org\\\/\",\"logo\":{\"@type\":\"ImageObject\",\"inLanguage\":\"en-US\",\"@id\":\"http:\\\/\\\/presscouncil-ks.org\\\/#\\\/schema\\\/logo\\\/image\\\/\",\"url\":\"http:\\\/\\\/presscouncil-ks.org\\\/wp-content\\\/uploads\\\/2023\\\/06\\\/cropped-logo.png\",\"contentUrl\":\"http:\\\/\\\/presscouncil-ks.org\\\/wp-content\\\/uploads\\\/2023\\\/06\\\/cropped-logo.png\",\"width\":268,\"height\":166,\"caption\":\"K\u00ebshilli i Mediave t\u00eb Shkruara t\u00eb Kosov\u00ebs\"},\"image\":{\"@id\":\"http:\\\/\\\/presscouncil-ks.org\\\/#\\\/schema\\\/logo\\\/image\\\/\"},\"sameAs\":[\"https:\\\/\\\/www.facebook.com\\\/KMSHKosove\"]},{\"@type\":\"Person\",\"@id\":\"http:\\\/\\\/presscouncil-ks.org\\\/#\\\/schema\\\/person\\\/b79d30c61264caeb733239c16cc4d673\",\"name\":\"Editor\",\"image\":{\"@type\":\"ImageObject\",\"inLanguage\":\"en-US\",\"@id\":\"https:\\\/\\\/secure.gravatar.com\\\/avatar\\\/9534865f39e7b3527010ee17196a76d054b16d731a6a5bfe2f92a071c6e9bf4e?s=96&d=mm&r=g\",\"url\":\"https:\\\/\\\/secure.gravatar.com\\\/avatar\\\/9534865f39e7b3527010ee17196a76d054b16d731a6a5bfe2f92a071c6e9bf4e?s=96&d=mm&r=g\",\"contentUrl\":\"https:\\\/\\\/secure.gravatar.com\\\/avatar\\\/9534865f39e7b3527010ee17196a76d054b16d731a6a5bfe2f92a071c6e9bf4e?s=96&d=mm&r=g\",\"caption\":\"Editor\"},\"url\":\"http:\\\/\\\/presscouncil-ks.org\\\/?author=2\"}]}<\/script>\n<!-- \/ Yoast SEO plugin. -->","yoast_head_json":{"title":"Savet \u0160tampe potpisao zajedni\u010dku deklaraciju o eti\u010dkoj i transparentnoj upotrebi ve\u0161ta\u010dke inteligencije u medijima - K\u00ebshilli i Mediave t\u00eb Shkruara t\u00eb Kosov\u00ebs | P\u00ebr nj\u00eb gazetari etike dhe profesionale","robots":{"index":"index","follow":"follow","max-snippet":"max-snippet:-1","max-image-preview":"max-image-preview:large","max-video-preview":"max-video-preview:-1"},"canonical":"http:\/\/presscouncil-ks.org\/?p=14343&lang=sr","og_locale":"en_US","og_type":"article","og_title":"Savet \u0160tampe potpisao zajedni\u010dku deklaraciju o eti\u010dkoj i transparentnoj upotrebi ve\u0161ta\u010dke inteligencije u medijima - K\u00ebshilli i Mediave t\u00eb Shkruara t\u00eb Kosov\u00ebs | P\u00ebr nj\u00eb gazetari etike dhe profesionale","og_description":"Predstavnici saveta za \u0161tampu i medije iz zemalja jugoisto\u010dne Evrope i Turske, u okviru regionalnog sastanka o medijskoj etici i odgovornoj upotrebi ve\u0161ta\u010dke inteligencije u redakcijama, koji se odr\u017eava u Ohridu, u Severnoj Makedoniji, potpisali su zajedni\u010dku regionalnu deklaraciju o eti\u010dkoj i transparentnoj upotrebi ve\u0161ta\u010dke inteligencije u medijima. Ova izjava nagla\u0161ava su\u0161tinski zna\u010daj o\u010duvanja uloge [&hellip;]","og_url":"http:\/\/presscouncil-ks.org\/?p=14343&lang=sr","og_site_name":"K\u00ebshilli i Mediave t\u00eb Shkruara t\u00eb Kosov\u00ebs | P\u00ebr nj\u00eb gazetari etike dhe profesionale","article_publisher":"https:\/\/www.facebook.com\/KMSHKosove","article_published_time":"2025-05-21T12:49:32+00:00","article_modified_time":"2025-07-16T17:18:13+00:00","og_image":[{"width":843,"height":504,"url":"http:\/\/presscouncil-ks.org\/wp-content\/uploads\/2025\/05\/bbbbbbb-1.jpg","type":"image\/jpeg"}],"author":"Editor","twitter_card":"summary_large_image","twitter_misc":{"Written by":"Editor","Est. reading time":"1 minute"},"schema":{"@context":"https:\/\/schema.org","@graph":[{"@type":"Article","@id":"http:\/\/presscouncil-ks.org\/?p=14343&lang=sr#article","isPartOf":{"@id":"http:\/\/presscouncil-ks.org\/?p=14343&lang=sr"},"author":{"name":"Editor","@id":"http:\/\/presscouncil-ks.org\/#\/schema\/person\/b79d30c61264caeb733239c16cc4d673"},"headline":"Savet \u0160tampe potpisao zajedni\u010dku deklaraciju o eti\u010dkoj i transparentnoj upotrebi ve\u0161ta\u010dke inteligencije u medijima","datePublished":"2025-05-21T12:49:32+00:00","dateModified":"2025-07-16T17:18:13+00:00","mainEntityOfPage":{"@id":"http:\/\/presscouncil-ks.org\/?p=14343&lang=sr"},"wordCount":270,"commentCount":0,"publisher":{"@id":"http:\/\/presscouncil-ks.org\/#organization"},"image":{"@id":"http:\/\/presscouncil-ks.org\/?p=14343&lang=sr#primaryimage"},"thumbnailUrl":"http:\/\/presscouncil-ks.org\/wp-content\/uploads\/2025\/05\/bbbbbbb-1.jpg","articleSection":["Vesti"],"inLanguage":"en-US","potentialAction":[{"@type":"CommentAction","name":"Comment","target":["http:\/\/presscouncil-ks.org\/?p=14343&lang=sr#respond"]}]},{"@type":"WebPage","@id":"http:\/\/presscouncil-ks.org\/?p=14343&lang=sr","url":"http:\/\/presscouncil-ks.org\/?p=14343&lang=sr","name":"Savet \u0160tampe potpisao zajedni\u010dku deklaraciju o eti\u010dkoj i transparentnoj upotrebi ve\u0161ta\u010dke inteligencije u medijima - K\u00ebshilli i Mediave t\u00eb Shkruara t\u00eb Kosov\u00ebs | P\u00ebr nj\u00eb gazetari etike dhe profesionale","isPartOf":{"@id":"http:\/\/presscouncil-ks.org\/#website"},"primaryImageOfPage":{"@id":"http:\/\/presscouncil-ks.org\/?p=14343&lang=sr#primaryimage"},"image":{"@id":"http:\/\/presscouncil-ks.org\/?p=14343&lang=sr#primaryimage"},"thumbnailUrl":"http:\/\/presscouncil-ks.org\/wp-content\/uploads\/2025\/05\/bbbbbbb-1.jpg","datePublished":"2025-05-21T12:49:32+00:00","dateModified":"2025-07-16T17:18:13+00:00","breadcrumb":{"@id":"http:\/\/presscouncil-ks.org\/?p=14343&lang=sr#breadcrumb"},"inLanguage":"en-US","potentialAction":[{"@type":"ReadAction","target":["http:\/\/presscouncil-ks.org\/?p=14343&lang=sr"]}]},{"@type":"ImageObject","inLanguage":"en-US","@id":"http:\/\/presscouncil-ks.org\/?p=14343&lang=sr#primaryimage","url":"http:\/\/presscouncil-ks.org\/wp-content\/uploads\/2025\/05\/bbbbbbb-1.jpg","contentUrl":"http:\/\/presscouncil-ks.org\/wp-content\/uploads\/2025\/05\/bbbbbbb-1.jpg","width":843,"height":504},{"@type":"BreadcrumbList","@id":"http:\/\/presscouncil-ks.org\/?p=14343&lang=sr#breadcrumb","itemListElement":[{"@type":"ListItem","position":1,"name":"Home","item":"https:\/\/presscouncil-ks.org\/"},{"@type":"ListItem","position":2,"name":"Savet \u0160tampe potpisao zajedni\u010dku deklaraciju o eti\u010dkoj i transparentnoj upotrebi ve\u0161ta\u010dke inteligencije u medijima"}]},{"@type":"WebSite","@id":"http:\/\/presscouncil-ks.org\/#website","url":"http:\/\/presscouncil-ks.org\/","name":"https:\/\/presscouncil-ks.org\/","description":"","publisher":{"@id":"http:\/\/presscouncil-ks.org\/#organization"},"potentialAction":[{"@type":"SearchAction","target":{"@type":"EntryPoint","urlTemplate":"http:\/\/presscouncil-ks.org\/?s={search_term_string}"},"query-input":{"@type":"PropertyValueSpecification","valueRequired":true,"valueName":"search_term_string"}}],"inLanguage":"en-US"},{"@type":"Organization","@id":"http:\/\/presscouncil-ks.org\/#organization","name":"K\u00ebshilli i Mediave t\u00eb Shkruara t\u00eb Kosov\u00ebs","url":"http:\/\/presscouncil-ks.org\/","logo":{"@type":"ImageObject","inLanguage":"en-US","@id":"http:\/\/presscouncil-ks.org\/#\/schema\/logo\/image\/","url":"http:\/\/presscouncil-ks.org\/wp-content\/uploads\/2023\/06\/cropped-logo.png","contentUrl":"http:\/\/presscouncil-ks.org\/wp-content\/uploads\/2023\/06\/cropped-logo.png","width":268,"height":166,"caption":"K\u00ebshilli i Mediave t\u00eb Shkruara t\u00eb Kosov\u00ebs"},"image":{"@id":"http:\/\/presscouncil-ks.org\/#\/schema\/logo\/image\/"},"sameAs":["https:\/\/www.facebook.com\/KMSHKosove"]},{"@type":"Person","@id":"http:\/\/presscouncil-ks.org\/#\/schema\/person\/b79d30c61264caeb733239c16cc4d673","name":"Editor","image":{"@type":"ImageObject","inLanguage":"en-US","@id":"https:\/\/secure.gravatar.com\/avatar\/9534865f39e7b3527010ee17196a76d054b16d731a6a5bfe2f92a071c6e9bf4e?s=96&d=mm&r=g","url":"https:\/\/secure.gravatar.com\/avatar\/9534865f39e7b3527010ee17196a76d054b16d731a6a5bfe2f92a071c6e9bf4e?s=96&d=mm&r=g","contentUrl":"https:\/\/secure.gravatar.com\/avatar\/9534865f39e7b3527010ee17196a76d054b16d731a6a5bfe2f92a071c6e9bf4e?s=96&d=mm&r=g","caption":"Editor"},"url":"http:\/\/presscouncil-ks.org\/?author=2"}]}},"_links":{"self":[{"href":"http:\/\/presscouncil-ks.org\/index.php?rest_route=\/wp\/v2\/posts\/14343","targetHints":{"allow":["GET"]}}],"collection":[{"href":"http:\/\/presscouncil-ks.org\/index.php?rest_route=\/wp\/v2\/posts"}],"about":[{"href":"http:\/\/presscouncil-ks.org\/index.php?rest_route=\/wp\/v2\/types\/post"}],"author":[{"embeddable":true,"href":"http:\/\/presscouncil-ks.org\/index.php?rest_route=\/wp\/v2\/users\/2"}],"replies":[{"embeddable":true,"href":"http:\/\/presscouncil-ks.org\/index.php?rest_route=%2Fwp%2Fv2%2Fcomments&post=14343"}],"version-history":[{"count":3,"href":"http:\/\/presscouncil-ks.org\/index.php?rest_route=\/wp\/v2\/posts\/14343\/revisions"}],"predecessor-version":[{"id":16623,"href":"http:\/\/presscouncil-ks.org\/index.php?rest_route=\/wp\/v2\/posts\/14343\/revisions\/16623"}],"wp:featuredmedia":[{"embeddable":true,"href":"http:\/\/presscouncil-ks.org\/index.php?rest_route=\/wp\/v2\/media\/14344"}],"wp:attachment":[{"href":"http:\/\/presscouncil-ks.org\/index.php?rest_route=%2Fwp%2Fv2%2Fmedia&parent=14343"}],"wp:term":[{"taxonomy":"category","embeddable":true,"href":"http:\/\/presscouncil-ks.org\/index.php?rest_route=%2Fwp%2Fv2%2Fcategories&post=14343"},{"taxonomy":"post_tag","embeddable":true,"href":"http:\/\/presscouncil-ks.org\/index.php?rest_route=%2Fwp%2Fv2%2Ftags&post=14343"}],"curies":[{"name":"wp","href":"https:\/\/api.w.org\/{rel}","templated":true}]}}