{"id":14340,"date":"2025-05-21T12:48:42","date_gmt":"2025-05-21T12:48:42","guid":{"rendered":"https:\/\/presscouncil-ks.org\/?p=14340"},"modified":"2025-05-23T10:07:23","modified_gmt":"2025-05-23T10:07:23","slug":"kmshk-nenshkruan-deklaraten-e-perbashket-per-perdorimin-etik-dhe-transparent-te-inteligjences-artificiale-ne-media","status":"publish","type":"post","link":"http:\/\/presscouncil-ks.org\/?p=14340","title":{"rendered":"KMShK N\u00cbNSHKRUAN DEKLARAT\u00cbN E P\u00cbRBASHK\u00cbT P\u00cbR P\u00cbRDORIMIN ETIK DHE TRANSPARENT T\u00cb INTELIGJENC\u00cbS ARTIFICIALE N\u00cb MEDIA"},"content":{"rendered":"\n<p class=\"wp-block-paragraph\">P\u00ebrfaq\u00ebsuesit e k\u00ebshillave t\u00eb shtypit dhe mediave nga vendet e Evrop\u00ebs Juglindore dhe Turqia, n\u00eb kuad\u00ebr t\u00eb takimit rajonal p\u00ebr Etik\u00ebn Mediale dhe P\u00ebrdorimin e P\u00ebrgjegjsh\u00ebm t\u00eb Inteligjenc\u00ebs Artificiale n\u00eb redaksi, i cili po mbahet n\u00eb Oh\u00ebr t\u00eb Maqedonis\u00eb s\u00eb Veriut, n\u00ebnshkruan Deklarat\u00ebn e P\u00ebrbashk\u00ebt Rajonale p\u00ebr P\u00ebrdorimin Etik dhe Transparent t\u00eb Inteligjenc\u00ebs Artificiale n\u00eb Media.<\/p>\n\n\n\n<p class=\"wp-block-paragraph\">Kjo deklarat\u00eb thekson r\u00ebnd\u00ebsin\u00eb thelb\u00ebsore t\u00eb ruajtjes s\u00eb rolit t\u00eb gazetaris\u00eb n\u00eb mbrojtjen e interesit publik, si dhe domosdoshm\u00ebrin\u00eb e vet\u00ebrregullimit t\u00eb mediave p\u00ebr t\u00eb ruajtur standardet profesionale dhe pavar\u00ebsin\u00eb editoriale n\u00eb epok\u00ebn digjitale.<\/p>\n\n\n\n<p class=\"wp-block-paragraph\">Deklarata p\u00ebrfshin parime t\u00eb qarta p\u00ebr p\u00ebrdorimin e AI-s\u00eb n\u00eb media, duke p\u00ebrfshir\u00eb:<\/p>\n\n\n\n<p class=\"wp-block-paragraph\">&#8211; AI-n\u00eb si mjet mb\u00ebshtet\u00ebs, jo z\u00ebvend\u00ebsues i gjykimit njer\u00ebzor;<\/p>\n\n\n\n<p class=\"wp-block-paragraph\">&#8211; Transparenc\u00ebn dhe etiketimin e p\u00ebrmbajtjes s\u00eb krijuar nga AI-ja;<\/p>\n\n\n\n<p class=\"wp-block-paragraph\">&#8211; P\u00ebrgjegj\u00ebsin\u00eb redaktoriale dhe vler\u00ebsimin e rreziqeve para p\u00ebrdorimit t\u00eb teknologjis\u00eb;<\/p>\n\n\n\n<p class=\"wp-block-paragraph\">&#8211; Standardet e verifikimit dhe sakt\u00ebsis\u00eb edhe p\u00ebr p\u00ebrmbajtjen e ndihmuar nga AI;<\/p>\n\n\n\n<p class=\"wp-block-paragraph\">&#8211; Mbrojtjen e pluralizmit dhe grupeve t\u00eb ndjeshme, si dhe luft\u00ebn kund\u00ebr paragjykimeve algoritmike;<\/p>\n\n\n\n<p class=\"wp-block-paragraph\">&#8211; Politika t\u00eb brendshme p\u00ebr p\u00ebrgjegj\u00ebsi, privat\u00ebsi dhe edukim medial p\u00ebr AI.<\/p>\n\n\n\n<p class=\"wp-block-paragraph\">N\u00ebp\u00ebrmjet k\u00ebsaj deklarate k\u00ebshillat e mediave angazhohen t\u00eb p\u00ebrdit\u00ebsojn\u00eb kodet etike, t\u00eb forcojn\u00eb bashk\u00ebpunimin rajonal dhe t\u00eb nxisin edukimin p\u00ebr p\u00ebrdorimin e sigurt\u00eb dhe t\u00eb nd\u00ebrgjegjsh\u00ebm t\u00eb AI-s\u00eb n\u00eb gazetari.<\/p>\n\n\n\n<p class=\"wp-block-paragraph\">\u201cVet\u00ebm n\u00ebp\u00ebrmjet etik\u00ebs, transparenc\u00ebs dhe nj\u00eb vizioni t\u00eb p\u00ebrbashk\u00ebt mund t\u00eb nd\u00ebrtojm\u00eb nj\u00eb sistem medial q\u00eb \u00ebsht\u00eb i q\u00ebndruesh\u00ebm, gjith\u00ebp\u00ebrfshir\u00ebs dhe i denj\u00eb p\u00ebr besimin e publikut n\u00eb epok\u00ebn digjitale\u201d, thuhet n\u00eb p\u00ebrfundim t\u00eb deklarat\u00ebs.<\/p>\n\n\n\n<figure class=\"wp-block-gallery has-nested-images columns-default is-cropped wp-block-gallery-1 is-layout-flex wp-block-gallery-is-layout-flex\">\n<figure class=\"wp-block-image size-large\"><img loading=\"lazy\" decoding=\"async\" width=\"843\" height=\"504\" data-id=\"14341\" src=\"https:\/\/presscouncil-ks.org\/wp-content\/uploads\/2025\/05\/bbbbbbb.jpg\" alt=\"\" class=\"wp-image-14341\" srcset=\"http:\/\/presscouncil-ks.org\/wp-content\/uploads\/2025\/05\/bbbbbbb.jpg 843w, http:\/\/presscouncil-ks.org\/wp-content\/uploads\/2025\/05\/bbbbbbb-300x179.jpg 300w, http:\/\/presscouncil-ks.org\/wp-content\/uploads\/2025\/05\/bbbbbbb-768x459.jpg 768w\" sizes=\"auto, (max-width: 843px) 100vw, 843px\" \/><\/figure>\n<\/figure>\n","protected":false},"excerpt":{"rendered":"<p>P\u00ebrfaq\u00ebsuesit e k\u00ebshillave t\u00eb shtypit dhe mediave nga vendet e Evrop\u00ebs Juglindore dhe Turqia, n\u00eb kuad\u00ebr t\u00eb takimit rajonal p\u00ebr Etik\u00ebn Mediale dhe P\u00ebrdorimin e P\u00ebrgjegjsh\u00ebm t\u00eb Inteligjenc\u00ebs Artificiale n\u00eb redaksi, i cili po mbahet n\u00eb Oh\u00ebr t\u00eb Maqedonis\u00eb s\u00eb Veriut, n\u00ebnshkruan Deklarat\u00ebn e P\u00ebrbashk\u00ebt Rajonale p\u00ebr P\u00ebrdorimin Etik dhe Transparent t\u00eb Inteligjenc\u00ebs Artificiale n\u00eb [&hellip;]<\/p>\n","protected":false},"author":2,"featured_media":14344,"comment_status":"open","ping_status":"open","sticky":false,"template":"","format":"standard","meta":{"footnotes":""},"categories":[92],"tags":[],"class_list":["post-14340","post","type-post","status-publish","format-standard","has-post-thumbnail","hentry","category-news-sq"],"acf":{"video_title":"","video":false},"yoast_head":"<!-- This site is optimized with the Yoast SEO plugin v28.3 - https:\/\/yoast.com\/product\/yoast-seo-wordpress\/ -->\n<title>KMShK N\u00cbNSHKRUAN DEKLARAT\u00cbN E P\u00cbRBASHK\u00cbT P\u00cbR P\u00cbRDORIMIN ETIK DHE TRANSPARENT T\u00cb INTELIGJENC\u00cbS ARTIFICIALE N\u00cb MEDIA - K\u00ebshilli i Mediave t\u00eb Shkruara t\u00eb Kosov\u00ebs | P\u00ebr nj\u00eb gazetari etike dhe profesionale<\/title>\n<meta name=\"robots\" content=\"index, follow, max-snippet:-1, max-image-preview:large, max-video-preview:-1\" \/>\n<link rel=\"canonical\" href=\"http:\/\/presscouncil-ks.org\/?p=14340\" \/>\n<meta property=\"og:locale\" content=\"en_US\" \/>\n<meta property=\"og:type\" content=\"article\" \/>\n<meta property=\"og:title\" content=\"KMShK N\u00cbNSHKRUAN DEKLARAT\u00cbN E P\u00cbRBASHK\u00cbT P\u00cbR P\u00cbRDORIMIN ETIK DHE TRANSPARENT T\u00cb INTELIGJENC\u00cbS ARTIFICIALE N\u00cb MEDIA - K\u00ebshilli i Mediave t\u00eb Shkruara t\u00eb Kosov\u00ebs | P\u00ebr nj\u00eb gazetari etike dhe profesionale\" \/>\n<meta property=\"og:description\" content=\"P\u00ebrfaq\u00ebsuesit e k\u00ebshillave t\u00eb shtypit dhe mediave nga vendet e Evrop\u00ebs Juglindore dhe Turqia, n\u00eb kuad\u00ebr t\u00eb takimit rajonal p\u00ebr Etik\u00ebn Mediale dhe P\u00ebrdorimin e P\u00ebrgjegjsh\u00ebm t\u00eb Inteligjenc\u00ebs Artificiale n\u00eb redaksi, i cili po mbahet n\u00eb Oh\u00ebr t\u00eb Maqedonis\u00eb s\u00eb Veriut, n\u00ebnshkruan Deklarat\u00ebn e P\u00ebrbashk\u00ebt Rajonale p\u00ebr P\u00ebrdorimin Etik dhe Transparent t\u00eb Inteligjenc\u00ebs Artificiale n\u00eb [&hellip;]\" \/>\n<meta property=\"og:url\" content=\"http:\/\/presscouncil-ks.org\/?p=14340\" \/>\n<meta property=\"og:site_name\" content=\"K\u00ebshilli i Mediave t\u00eb Shkruara t\u00eb Kosov\u00ebs | P\u00ebr nj\u00eb gazetari etike dhe profesionale\" \/>\n<meta property=\"article:publisher\" content=\"https:\/\/www.facebook.com\/KMSHKosove\" \/>\n<meta property=\"article:published_time\" content=\"2025-05-21T12:48:42+00:00\" \/>\n<meta property=\"article:modified_time\" content=\"2025-05-23T10:07:23+00:00\" \/>\n<meta property=\"og:image\" content=\"http:\/\/presscouncil-ks.org\/wp-content\/uploads\/2025\/05\/bbbbbbb-1.jpg\" \/>\n\t<meta property=\"og:image:width\" content=\"843\" \/>\n\t<meta property=\"og:image:height\" content=\"504\" \/>\n\t<meta property=\"og:image:type\" content=\"image\/jpeg\" \/>\n<meta name=\"author\" content=\"Editor\" \/>\n<meta name=\"twitter:card\" content=\"summary_large_image\" \/>\n<meta name=\"twitter:label1\" content=\"Written by\" \/>\n\t<meta name=\"twitter:data1\" content=\"Editor\" \/>\n\t<meta name=\"twitter:label2\" content=\"Est. reading time\" \/>\n\t<meta name=\"twitter:data2\" content=\"2 minutes\" \/>\n<script type=\"application\/ld+json\" class=\"yoast-schema-graph\">{\"@context\":\"https:\\\/\\\/schema.org\",\"@graph\":[{\"@type\":\"Article\",\"@id\":\"http:\\\/\\\/presscouncil-ks.org\\\/?p=14340#article\",\"isPartOf\":{\"@id\":\"http:\\\/\\\/presscouncil-ks.org\\\/?p=14340\"},\"author\":{\"name\":\"Editor\",\"@id\":\"http:\\\/\\\/presscouncil-ks.org\\\/#\\\/schema\\\/person\\\/b79d30c61264caeb733239c16cc4d673\"},\"headline\":\"KMShK N\u00cbNSHKRUAN DEKLARAT\u00cbN E P\u00cbRBASHK\u00cbT P\u00cbR P\u00cbRDORIMIN ETIK DHE TRANSPARENT T\u00cb INTELIGJENC\u00cbS ARTIFICIALE N\u00cb MEDIA\",\"datePublished\":\"2025-05-21T12:48:42+00:00\",\"dateModified\":\"2025-05-23T10:07:23+00:00\",\"mainEntityOfPage\":{\"@id\":\"http:\\\/\\\/presscouncil-ks.org\\\/?p=14340\"},\"wordCount\":340,\"commentCount\":0,\"publisher\":{\"@id\":\"http:\\\/\\\/presscouncil-ks.org\\\/#organization\"},\"image\":{\"@id\":\"http:\\\/\\\/presscouncil-ks.org\\\/?p=14340#primaryimage\"},\"thumbnailUrl\":\"http:\\\/\\\/presscouncil-ks.org\\\/wp-content\\\/uploads\\\/2025\\\/05\\\/bbbbbbb-1.jpg\",\"articleSection\":[\"Lajm\"],\"inLanguage\":\"en-US\",\"potentialAction\":[{\"@type\":\"CommentAction\",\"name\":\"Comment\",\"target\":[\"http:\\\/\\\/presscouncil-ks.org\\\/?p=14340#respond\"]}]},{\"@type\":\"WebPage\",\"@id\":\"http:\\\/\\\/presscouncil-ks.org\\\/?p=14340\",\"url\":\"http:\\\/\\\/presscouncil-ks.org\\\/?p=14340\",\"name\":\"KMShK N\u00cbNSHKRUAN DEKLARAT\u00cbN E P\u00cbRBASHK\u00cbT P\u00cbR P\u00cbRDORIMIN ETIK DHE TRANSPARENT T\u00cb INTELIGJENC\u00cbS ARTIFICIALE N\u00cb MEDIA - K\u00ebshilli i Mediave t\u00eb Shkruara t\u00eb Kosov\u00ebs | P\u00ebr nj\u00eb gazetari etike dhe profesionale\",\"isPartOf\":{\"@id\":\"http:\\\/\\\/presscouncil-ks.org\\\/#website\"},\"primaryImageOfPage\":{\"@id\":\"http:\\\/\\\/presscouncil-ks.org\\\/?p=14340#primaryimage\"},\"image\":{\"@id\":\"http:\\\/\\\/presscouncil-ks.org\\\/?p=14340#primaryimage\"},\"thumbnailUrl\":\"http:\\\/\\\/presscouncil-ks.org\\\/wp-content\\\/uploads\\\/2025\\\/05\\\/bbbbbbb-1.jpg\",\"datePublished\":\"2025-05-21T12:48:42+00:00\",\"dateModified\":\"2025-05-23T10:07:23+00:00\",\"breadcrumb\":{\"@id\":\"http:\\\/\\\/presscouncil-ks.org\\\/?p=14340#breadcrumb\"},\"inLanguage\":\"en-US\",\"potentialAction\":[{\"@type\":\"ReadAction\",\"target\":[\"http:\\\/\\\/presscouncil-ks.org\\\/?p=14340\"]}]},{\"@type\":\"ImageObject\",\"inLanguage\":\"en-US\",\"@id\":\"http:\\\/\\\/presscouncil-ks.org\\\/?p=14340#primaryimage\",\"url\":\"http:\\\/\\\/presscouncil-ks.org\\\/wp-content\\\/uploads\\\/2025\\\/05\\\/bbbbbbb-1.jpg\",\"contentUrl\":\"http:\\\/\\\/presscouncil-ks.org\\\/wp-content\\\/uploads\\\/2025\\\/05\\\/bbbbbbb-1.jpg\",\"width\":843,\"height\":504},{\"@type\":\"BreadcrumbList\",\"@id\":\"http:\\\/\\\/presscouncil-ks.org\\\/?p=14340#breadcrumb\",\"itemListElement\":[{\"@type\":\"ListItem\",\"position\":1,\"name\":\"Home\",\"item\":\"https:\\\/\\\/presscouncil-ks.org\\\/\"},{\"@type\":\"ListItem\",\"position\":2,\"name\":\"KMShK N\u00cbNSHKRUAN DEKLARAT\u00cbN E P\u00cbRBASHK\u00cbT P\u00cbR P\u00cbRDORIMIN ETIK DHE TRANSPARENT T\u00cb INTELIGJENC\u00cbS ARTIFICIALE N\u00cb MEDIA\"}]},{\"@type\":\"WebSite\",\"@id\":\"http:\\\/\\\/presscouncil-ks.org\\\/#website\",\"url\":\"http:\\\/\\\/presscouncil-ks.org\\\/\",\"name\":\"https:\\\/\\\/presscouncil-ks.org\\\/\",\"description\":\"\",\"publisher\":{\"@id\":\"http:\\\/\\\/presscouncil-ks.org\\\/#organization\"},\"potentialAction\":[{\"@type\":\"SearchAction\",\"target\":{\"@type\":\"EntryPoint\",\"urlTemplate\":\"http:\\\/\\\/presscouncil-ks.org\\\/?s={search_term_string}\"},\"query-input\":{\"@type\":\"PropertyValueSpecification\",\"valueRequired\":true,\"valueName\":\"search_term_string\"}}],\"inLanguage\":\"en-US\"},{\"@type\":\"Organization\",\"@id\":\"http:\\\/\\\/presscouncil-ks.org\\\/#organization\",\"name\":\"K\u00ebshilli i Mediave t\u00eb Shkruara t\u00eb Kosov\u00ebs\",\"url\":\"http:\\\/\\\/presscouncil-ks.org\\\/\",\"logo\":{\"@type\":\"ImageObject\",\"inLanguage\":\"en-US\",\"@id\":\"http:\\\/\\\/presscouncil-ks.org\\\/#\\\/schema\\\/logo\\\/image\\\/\",\"url\":\"http:\\\/\\\/presscouncil-ks.org\\\/wp-content\\\/uploads\\\/2023\\\/06\\\/cropped-logo.png\",\"contentUrl\":\"http:\\\/\\\/presscouncil-ks.org\\\/wp-content\\\/uploads\\\/2023\\\/06\\\/cropped-logo.png\",\"width\":268,\"height\":166,\"caption\":\"K\u00ebshilli i Mediave t\u00eb Shkruara t\u00eb Kosov\u00ebs\"},\"image\":{\"@id\":\"http:\\\/\\\/presscouncil-ks.org\\\/#\\\/schema\\\/logo\\\/image\\\/\"},\"sameAs\":[\"https:\\\/\\\/www.facebook.com\\\/KMSHKosove\"]},{\"@type\":\"Person\",\"@id\":\"http:\\\/\\\/presscouncil-ks.org\\\/#\\\/schema\\\/person\\\/b79d30c61264caeb733239c16cc4d673\",\"name\":\"Editor\",\"image\":{\"@type\":\"ImageObject\",\"inLanguage\":\"en-US\",\"@id\":\"https:\\\/\\\/secure.gravatar.com\\\/avatar\\\/9534865f39e7b3527010ee17196a76d054b16d731a6a5bfe2f92a071c6e9bf4e?s=96&d=mm&r=g\",\"url\":\"https:\\\/\\\/secure.gravatar.com\\\/avatar\\\/9534865f39e7b3527010ee17196a76d054b16d731a6a5bfe2f92a071c6e9bf4e?s=96&d=mm&r=g\",\"contentUrl\":\"https:\\\/\\\/secure.gravatar.com\\\/avatar\\\/9534865f39e7b3527010ee17196a76d054b16d731a6a5bfe2f92a071c6e9bf4e?s=96&d=mm&r=g\",\"caption\":\"Editor\"},\"url\":\"http:\\\/\\\/presscouncil-ks.org\\\/?author=2\"}]}<\/script>\n<!-- \/ Yoast SEO plugin. -->","yoast_head_json":{"title":"KMShK N\u00cbNSHKRUAN DEKLARAT\u00cbN E P\u00cbRBASHK\u00cbT P\u00cbR P\u00cbRDORIMIN ETIK DHE TRANSPARENT T\u00cb INTELIGJENC\u00cbS ARTIFICIALE N\u00cb MEDIA - K\u00ebshilli i Mediave t\u00eb Shkruara t\u00eb Kosov\u00ebs | P\u00ebr nj\u00eb gazetari etike dhe profesionale","robots":{"index":"index","follow":"follow","max-snippet":"max-snippet:-1","max-image-preview":"max-image-preview:large","max-video-preview":"max-video-preview:-1"},"canonical":"http:\/\/presscouncil-ks.org\/?p=14340","og_locale":"en_US","og_type":"article","og_title":"KMShK N\u00cbNSHKRUAN DEKLARAT\u00cbN E P\u00cbRBASHK\u00cbT P\u00cbR P\u00cbRDORIMIN ETIK DHE TRANSPARENT T\u00cb INTELIGJENC\u00cbS ARTIFICIALE N\u00cb MEDIA - K\u00ebshilli i Mediave t\u00eb Shkruara t\u00eb Kosov\u00ebs | P\u00ebr nj\u00eb gazetari etike dhe profesionale","og_description":"P\u00ebrfaq\u00ebsuesit e k\u00ebshillave t\u00eb shtypit dhe mediave nga vendet e Evrop\u00ebs Juglindore dhe Turqia, n\u00eb kuad\u00ebr t\u00eb takimit rajonal p\u00ebr Etik\u00ebn Mediale dhe P\u00ebrdorimin e P\u00ebrgjegjsh\u00ebm t\u00eb Inteligjenc\u00ebs Artificiale n\u00eb redaksi, i cili po mbahet n\u00eb Oh\u00ebr t\u00eb Maqedonis\u00eb s\u00eb Veriut, n\u00ebnshkruan Deklarat\u00ebn e P\u00ebrbashk\u00ebt Rajonale p\u00ebr P\u00ebrdorimin Etik dhe Transparent t\u00eb Inteligjenc\u00ebs Artificiale n\u00eb [&hellip;]","og_url":"http:\/\/presscouncil-ks.org\/?p=14340","og_site_name":"K\u00ebshilli i Mediave t\u00eb Shkruara t\u00eb Kosov\u00ebs | P\u00ebr nj\u00eb gazetari etike dhe profesionale","article_publisher":"https:\/\/www.facebook.com\/KMSHKosove","article_published_time":"2025-05-21T12:48:42+00:00","article_modified_time":"2025-05-23T10:07:23+00:00","og_image":[{"width":843,"height":504,"url":"http:\/\/presscouncil-ks.org\/wp-content\/uploads\/2025\/05\/bbbbbbb-1.jpg","type":"image\/jpeg"}],"author":"Editor","twitter_card":"summary_large_image","twitter_misc":{"Written by":"Editor","Est. reading time":"2 minutes"},"schema":{"@context":"https:\/\/schema.org","@graph":[{"@type":"Article","@id":"http:\/\/presscouncil-ks.org\/?p=14340#article","isPartOf":{"@id":"http:\/\/presscouncil-ks.org\/?p=14340"},"author":{"name":"Editor","@id":"http:\/\/presscouncil-ks.org\/#\/schema\/person\/b79d30c61264caeb733239c16cc4d673"},"headline":"KMShK N\u00cbNSHKRUAN DEKLARAT\u00cbN E P\u00cbRBASHK\u00cbT P\u00cbR P\u00cbRDORIMIN ETIK DHE TRANSPARENT T\u00cb INTELIGJENC\u00cbS ARTIFICIALE N\u00cb MEDIA","datePublished":"2025-05-21T12:48:42+00:00","dateModified":"2025-05-23T10:07:23+00:00","mainEntityOfPage":{"@id":"http:\/\/presscouncil-ks.org\/?p=14340"},"wordCount":340,"commentCount":0,"publisher":{"@id":"http:\/\/presscouncil-ks.org\/#organization"},"image":{"@id":"http:\/\/presscouncil-ks.org\/?p=14340#primaryimage"},"thumbnailUrl":"http:\/\/presscouncil-ks.org\/wp-content\/uploads\/2025\/05\/bbbbbbb-1.jpg","articleSection":["Lajm"],"inLanguage":"en-US","potentialAction":[{"@type":"CommentAction","name":"Comment","target":["http:\/\/presscouncil-ks.org\/?p=14340#respond"]}]},{"@type":"WebPage","@id":"http:\/\/presscouncil-ks.org\/?p=14340","url":"http:\/\/presscouncil-ks.org\/?p=14340","name":"KMShK N\u00cbNSHKRUAN DEKLARAT\u00cbN E P\u00cbRBASHK\u00cbT P\u00cbR P\u00cbRDORIMIN ETIK DHE TRANSPARENT T\u00cb INTELIGJENC\u00cbS ARTIFICIALE N\u00cb MEDIA - K\u00ebshilli i Mediave t\u00eb Shkruara t\u00eb Kosov\u00ebs | P\u00ebr nj\u00eb gazetari etike dhe profesionale","isPartOf":{"@id":"http:\/\/presscouncil-ks.org\/#website"},"primaryImageOfPage":{"@id":"http:\/\/presscouncil-ks.org\/?p=14340#primaryimage"},"image":{"@id":"http:\/\/presscouncil-ks.org\/?p=14340#primaryimage"},"thumbnailUrl":"http:\/\/presscouncil-ks.org\/wp-content\/uploads\/2025\/05\/bbbbbbb-1.jpg","datePublished":"2025-05-21T12:48:42+00:00","dateModified":"2025-05-23T10:07:23+00:00","breadcrumb":{"@id":"http:\/\/presscouncil-ks.org\/?p=14340#breadcrumb"},"inLanguage":"en-US","potentialAction":[{"@type":"ReadAction","target":["http:\/\/presscouncil-ks.org\/?p=14340"]}]},{"@type":"ImageObject","inLanguage":"en-US","@id":"http:\/\/presscouncil-ks.org\/?p=14340#primaryimage","url":"http:\/\/presscouncil-ks.org\/wp-content\/uploads\/2025\/05\/bbbbbbb-1.jpg","contentUrl":"http:\/\/presscouncil-ks.org\/wp-content\/uploads\/2025\/05\/bbbbbbb-1.jpg","width":843,"height":504},{"@type":"BreadcrumbList","@id":"http:\/\/presscouncil-ks.org\/?p=14340#breadcrumb","itemListElement":[{"@type":"ListItem","position":1,"name":"Home","item":"https:\/\/presscouncil-ks.org\/"},{"@type":"ListItem","position":2,"name":"KMShK N\u00cbNSHKRUAN DEKLARAT\u00cbN E P\u00cbRBASHK\u00cbT P\u00cbR P\u00cbRDORIMIN ETIK DHE TRANSPARENT T\u00cb INTELIGJENC\u00cbS ARTIFICIALE N\u00cb MEDIA"}]},{"@type":"WebSite","@id":"http:\/\/presscouncil-ks.org\/#website","url":"http:\/\/presscouncil-ks.org\/","name":"https:\/\/presscouncil-ks.org\/","description":"","publisher":{"@id":"http:\/\/presscouncil-ks.org\/#organization"},"potentialAction":[{"@type":"SearchAction","target":{"@type":"EntryPoint","urlTemplate":"http:\/\/presscouncil-ks.org\/?s={search_term_string}"},"query-input":{"@type":"PropertyValueSpecification","valueRequired":true,"valueName":"search_term_string"}}],"inLanguage":"en-US"},{"@type":"Organization","@id":"http:\/\/presscouncil-ks.org\/#organization","name":"K\u00ebshilli i Mediave t\u00eb Shkruara t\u00eb Kosov\u00ebs","url":"http:\/\/presscouncil-ks.org\/","logo":{"@type":"ImageObject","inLanguage":"en-US","@id":"http:\/\/presscouncil-ks.org\/#\/schema\/logo\/image\/","url":"http:\/\/presscouncil-ks.org\/wp-content\/uploads\/2023\/06\/cropped-logo.png","contentUrl":"http:\/\/presscouncil-ks.org\/wp-content\/uploads\/2023\/06\/cropped-logo.png","width":268,"height":166,"caption":"K\u00ebshilli i Mediave t\u00eb Shkruara t\u00eb Kosov\u00ebs"},"image":{"@id":"http:\/\/presscouncil-ks.org\/#\/schema\/logo\/image\/"},"sameAs":["https:\/\/www.facebook.com\/KMSHKosove"]},{"@type":"Person","@id":"http:\/\/presscouncil-ks.org\/#\/schema\/person\/b79d30c61264caeb733239c16cc4d673","name":"Editor","image":{"@type":"ImageObject","inLanguage":"en-US","@id":"https:\/\/secure.gravatar.com\/avatar\/9534865f39e7b3527010ee17196a76d054b16d731a6a5bfe2f92a071c6e9bf4e?s=96&d=mm&r=g","url":"https:\/\/secure.gravatar.com\/avatar\/9534865f39e7b3527010ee17196a76d054b16d731a6a5bfe2f92a071c6e9bf4e?s=96&d=mm&r=g","contentUrl":"https:\/\/secure.gravatar.com\/avatar\/9534865f39e7b3527010ee17196a76d054b16d731a6a5bfe2f92a071c6e9bf4e?s=96&d=mm&r=g","caption":"Editor"},"url":"http:\/\/presscouncil-ks.org\/?author=2"}]}},"_links":{"self":[{"href":"http:\/\/presscouncil-ks.org\/index.php?rest_route=\/wp\/v2\/posts\/14340","targetHints":{"allow":["GET"]}}],"collection":[{"href":"http:\/\/presscouncil-ks.org\/index.php?rest_route=\/wp\/v2\/posts"}],"about":[{"href":"http:\/\/presscouncil-ks.org\/index.php?rest_route=\/wp\/v2\/types\/post"}],"author":[{"embeddable":true,"href":"http:\/\/presscouncil-ks.org\/index.php?rest_route=\/wp\/v2\/users\/2"}],"replies":[{"embeddable":true,"href":"http:\/\/presscouncil-ks.org\/index.php?rest_route=%2Fwp%2Fv2%2Fcomments&post=14340"}],"version-history":[{"count":1,"href":"http:\/\/presscouncil-ks.org\/index.php?rest_route=\/wp\/v2\/posts\/14340\/revisions"}],"predecessor-version":[{"id":14342,"href":"http:\/\/presscouncil-ks.org\/index.php?rest_route=\/wp\/v2\/posts\/14340\/revisions\/14342"}],"wp:featuredmedia":[{"embeddable":true,"href":"http:\/\/presscouncil-ks.org\/index.php?rest_route=\/wp\/v2\/media\/14344"}],"wp:attachment":[{"href":"http:\/\/presscouncil-ks.org\/index.php?rest_route=%2Fwp%2Fv2%2Fmedia&parent=14340"}],"wp:term":[{"taxonomy":"category","embeddable":true,"href":"http:\/\/presscouncil-ks.org\/index.php?rest_route=%2Fwp%2Fv2%2Fcategories&post=14340"},{"taxonomy":"post_tag","embeddable":true,"href":"http:\/\/presscouncil-ks.org\/index.php?rest_route=%2Fwp%2Fv2%2Ftags&post=14340"}],"curies":[{"name":"wp","href":"https:\/\/api.w.org\/{rel}","templated":true}]}}