{"id":14298,"date":"2025-05-19T14:11:56","date_gmt":"2025-05-19T14:11:56","guid":{"rendered":"https:\/\/presscouncil-ks.org\/?p=14298"},"modified":"2025-07-16T17:18:01","modified_gmt":"2025-07-16T17:18:01","slug":"savet-stampe-kosova-ucestvuje-na-regionalnoj-konferenciji-medijskih-saveta","status":"publish","type":"post","link":"http:\/\/presscouncil-ks.org\/?p=14298&lang=sr","title":{"rendered":"Savet \u0160tampe Kosova u\u010destvuje na regionalnoj konferenciji medijskih saveta"},"content":{"rendered":"\n<p class=\"wp-block-paragraph\">Savet \u0160tampe Kosova (S\u0160K), predstavljen od strane predsednice BrikendE Red\u017eepi i slu\u017ebenika za odnose s javno\u0161\u0107u, \u0106erima Ondozija, u\u010destvuje na 4. regionalnom sastanku medijskih saveta jugoisto\u010dne Evrope i Turske. Dvodnevni sastanak na temu &#8220;Izgradnja poverenja u medije u jugoisto\u010dnoj Evropi: Podr\u0161ka novinarstvu kao javnom dobru\u201c odr\u017eava se u Ohridu, u Severnoj Makedoniji.<\/p>\n\n\n\n<p class=\"wp-block-paragraph\">Doga\u0111aj je okupio predstavnike samoregulatornih tela iz regiona, uklju\u010duju\u0107i Albaniju, Bosnu i Hercegovinu, Severnu Makedoniju, Crnu Goru, Srbiju, Tursku i Kosovo.<\/p>\n\n\n\n<p class=\"wp-block-paragraph\">Predstavnici Saveta \u0160tampe Kosova predstavili su glavne izazove i dostignu\u0107a institucije, kao deo diskusije o trenutnoj situaciji i de\u0161avanjima u oblasti samoregulacije medija u regionu.<\/p>\n\n\n\n<p class=\"wp-block-paragraph\">Pored prezentacija odgovaraju\u0107ih saveta, konferencija tako\u0111e uklju\u010duje predavanja me\u0111unarodnih stru\u010dnjaka kao \u0161to su prof. Lorens Dirikks (Belgija), koja je govorila o izazovima integriteta informacija u doba ve\u0161ta\u010dke inteligencije i Aleksandar Manasiev, novinar i trener iz Severne Makedonije, koji se osvrnuo na uticaj ve\u0161ta\u010dke inteligencije na etiku novinarstva na lokalnom nivou.<\/p>\n\n\n\n<p class=\"wp-block-paragraph\">Glavne teme konferencije uklju\u010duju:<\/p>\n\n\n\n<p class=\"wp-block-paragraph\">&#8211; Dostignu\u0107a i izazovi medijskih saveta u regionu<\/p>\n\n\n\n<p class=\"wp-block-paragraph\">&#8211; Regionalna kampanja za podizanje javne svesti o ulozi samoregulacije<\/p>\n\n\n\n<p class=\"wp-block-paragraph\">&#8211; Finansijska odr\u017eivost medijskih saveta<\/p>\n\n\n\n<p class=\"wp-block-paragraph\">&#8211; Uloga ve\u0161ta\u010dke inteligencije u novinarstvu i medijskoj etici<\/p>\n\n\n\n<p class=\"wp-block-paragraph\">&#8211; Izrada i usvajanje zajedni\u010dke izjave medijskih saveta.<\/p>\n\n\n\n<p class=\"wp-block-paragraph\">Ovaj regionalni sastanak je organizovan uz podr\u0161ku UNESKO-a i slu\u017ei kao platforma za razmenu iskustava i strate\u0161ku koordinaciju izme\u0111u samoregulatornih tela u regionu.<\/p>\n\n\n\n<p class=\"wp-block-paragraph\">Savet \u0160tampe Kosova ostaje posve\u0107en unapre\u0111enju samoregulacije i za\u0161titi profesionalne etike u novinarstvu, kao i izgradnji odr\u017eive regionalne saradnje radi re\u0161avanja zajedni\u010dkih izazova u oblasti medija.<\/p>\n\n\n\n<figure class=\"wp-block-gallery has-nested-images columns-default is-cropped wp-block-gallery-1 is-layout-flex wp-block-gallery-is-layout-flex\">\n<figure class=\"wp-block-image size-large\"><img loading=\"lazy\" decoding=\"async\" width=\"1024\" height=\"768\" data-id=\"14299\" src=\"https:\/\/presscouncil-ks.org\/wp-content\/uploads\/2025\/05\/n-1-1024x768.jpg\" alt=\"\" class=\"wp-image-14299\" srcset=\"http:\/\/presscouncil-ks.org\/wp-content\/uploads\/2025\/05\/n-1-1024x768.jpg 1024w, http:\/\/presscouncil-ks.org\/wp-content\/uploads\/2025\/05\/n-1-300x225.jpg 300w, http:\/\/presscouncil-ks.org\/wp-content\/uploads\/2025\/05\/n-1-768x576.jpg 768w, http:\/\/presscouncil-ks.org\/wp-content\/uploads\/2025\/05\/n-1-1536x1152.jpg 1536w, http:\/\/presscouncil-ks.org\/wp-content\/uploads\/2025\/05\/n-1.jpg 1600w\" sizes=\"auto, (max-width: 1024px) 100vw, 1024px\" \/><\/figure>\n<\/figure>\n","protected":false},"excerpt":{"rendered":"<p>Savet \u0160tampe Kosova (S\u0160K), predstavljen od strane predsednice BrikendE Red\u017eepi i slu\u017ebenika za odnose s javno\u0161\u0107u, \u0106erima Ondozija, u\u010destvuje na 4. regionalnom sastanku medijskih saveta jugoisto\u010dne Evrope i Turske. Dvodnevni sastanak na temu &#8220;Izgradnja poverenja u medije u jugoisto\u010dnoj Evropi: Podr\u0161ka novinarstvu kao javnom dobru\u201c odr\u017eava se u Ohridu, u Severnoj Makedoniji. Doga\u0111aj je okupio [&hellip;]<\/p>\n","protected":false},"author":2,"featured_media":14304,"comment_status":"open","ping_status":"open","sticky":false,"template":"","format":"standard","meta":{"footnotes":""},"categories":[135],"tags":[],"class_list":["post-14298","post","type-post","status-publish","format-standard","has-post-thumbnail","hentry","category-vesti"],"acf":{"video_title":"","video":false},"yoast_head":"<!-- This site is optimized with the Yoast SEO plugin v28.3 - https:\/\/yoast.com\/product\/yoast-seo-wordpress\/ -->\n<title>Savet \u0160tampe Kosova u\u010destvuje na regionalnoj konferenciji medijskih saveta - K\u00ebshilli i Mediave t\u00eb Shkruara t\u00eb Kosov\u00ebs | P\u00ebr nj\u00eb gazetari etike dhe profesionale<\/title>\n<meta name=\"robots\" content=\"index, follow, max-snippet:-1, max-image-preview:large, max-video-preview:-1\" \/>\n<link rel=\"canonical\" href=\"http:\/\/presscouncil-ks.org\/?p=14298&lang=sr\" \/>\n<meta property=\"og:locale\" content=\"en_US\" \/>\n<meta property=\"og:type\" content=\"article\" \/>\n<meta property=\"og:title\" content=\"Savet \u0160tampe Kosova u\u010destvuje na regionalnoj konferenciji medijskih saveta - K\u00ebshilli i Mediave t\u00eb Shkruara t\u00eb Kosov\u00ebs | P\u00ebr nj\u00eb gazetari etike dhe profesionale\" \/>\n<meta property=\"og:description\" content=\"Savet \u0160tampe Kosova (S\u0160K), predstavljen od strane predsednice BrikendE Red\u017eepi i slu\u017ebenika za odnose s javno\u0161\u0107u, \u0106erima Ondozija, u\u010destvuje na 4. regionalnom sastanku medijskih saveta jugoisto\u010dne Evrope i Turske. Dvodnevni sastanak na temu &#8220;Izgradnja poverenja u medije u jugoisto\u010dnoj Evropi: Podr\u0161ka novinarstvu kao javnom dobru\u201c odr\u017eava se u Ohridu, u Severnoj Makedoniji. Doga\u0111aj je okupio [&hellip;]\" \/>\n<meta property=\"og:url\" content=\"http:\/\/presscouncil-ks.org\/?p=14298&amp;lang=sr\" \/>\n<meta property=\"og:site_name\" content=\"K\u00ebshilli i Mediave t\u00eb Shkruara t\u00eb Kosov\u00ebs | P\u00ebr nj\u00eb gazetari etike dhe profesionale\" \/>\n<meta property=\"article:publisher\" content=\"https:\/\/www.facebook.com\/KMSHKosove\" \/>\n<meta property=\"article:published_time\" content=\"2025-05-19T14:11:56+00:00\" \/>\n<meta property=\"article:modified_time\" content=\"2025-07-16T17:18:01+00:00\" \/>\n<meta property=\"og:image\" content=\"http:\/\/presscouncil-ks.org\/wp-content\/uploads\/2025\/05\/n-3.jpg\" \/>\n\t<meta property=\"og:image:width\" content=\"1600\" \/>\n\t<meta property=\"og:image:height\" content=\"1200\" \/>\n\t<meta property=\"og:image:type\" content=\"image\/jpeg\" \/>\n<meta name=\"author\" content=\"Editor\" \/>\n<meta name=\"twitter:card\" content=\"summary_large_image\" \/>\n<meta name=\"twitter:label1\" content=\"Written by\" \/>\n\t<meta name=\"twitter:data1\" content=\"Editor\" \/>\n\t<meta name=\"twitter:label2\" content=\"Est. reading time\" \/>\n\t<meta name=\"twitter:data2\" content=\"1 minute\" \/>\n<script type=\"application\/ld+json\" class=\"yoast-schema-graph\">{\"@context\":\"https:\\\/\\\/schema.org\",\"@graph\":[{\"@type\":\"Article\",\"@id\":\"http:\\\/\\\/presscouncil-ks.org\\\/?p=14298&lang=sr#article\",\"isPartOf\":{\"@id\":\"http:\\\/\\\/presscouncil-ks.org\\\/?p=14298&lang=sr\"},\"author\":{\"name\":\"Editor\",\"@id\":\"http:\\\/\\\/presscouncil-ks.org\\\/#\\\/schema\\\/person\\\/b79d30c61264caeb733239c16cc4d673\"},\"headline\":\"Savet \u0160tampe Kosova u\u010destvuje na regionalnoj konferenciji medijskih saveta\",\"datePublished\":\"2025-05-19T14:11:56+00:00\",\"dateModified\":\"2025-07-16T17:18:01+00:00\",\"mainEntityOfPage\":{\"@id\":\"http:\\\/\\\/presscouncil-ks.org\\\/?p=14298&lang=sr\"},\"wordCount\":289,\"commentCount\":0,\"publisher\":{\"@id\":\"http:\\\/\\\/presscouncil-ks.org\\\/#organization\"},\"image\":{\"@id\":\"http:\\\/\\\/presscouncil-ks.org\\\/?p=14298&lang=sr#primaryimage\"},\"thumbnailUrl\":\"http:\\\/\\\/presscouncil-ks.org\\\/wp-content\\\/uploads\\\/2025\\\/05\\\/n-3.jpg\",\"articleSection\":[\"Vesti\"],\"inLanguage\":\"en-US\",\"potentialAction\":[{\"@type\":\"CommentAction\",\"name\":\"Comment\",\"target\":[\"http:\\\/\\\/presscouncil-ks.org\\\/?p=14298&lang=sr#respond\"]}]},{\"@type\":\"WebPage\",\"@id\":\"http:\\\/\\\/presscouncil-ks.org\\\/?p=14298&lang=sr\",\"url\":\"http:\\\/\\\/presscouncil-ks.org\\\/?p=14298&lang=sr\",\"name\":\"Savet \u0160tampe Kosova u\u010destvuje na regionalnoj konferenciji medijskih saveta - K\u00ebshilli i Mediave t\u00eb Shkruara t\u00eb Kosov\u00ebs | P\u00ebr nj\u00eb gazetari etike dhe profesionale\",\"isPartOf\":{\"@id\":\"http:\\\/\\\/presscouncil-ks.org\\\/#website\"},\"primaryImageOfPage\":{\"@id\":\"http:\\\/\\\/presscouncil-ks.org\\\/?p=14298&lang=sr#primaryimage\"},\"image\":{\"@id\":\"http:\\\/\\\/presscouncil-ks.org\\\/?p=14298&lang=sr#primaryimage\"},\"thumbnailUrl\":\"http:\\\/\\\/presscouncil-ks.org\\\/wp-content\\\/uploads\\\/2025\\\/05\\\/n-3.jpg\",\"datePublished\":\"2025-05-19T14:11:56+00:00\",\"dateModified\":\"2025-07-16T17:18:01+00:00\",\"breadcrumb\":{\"@id\":\"http:\\\/\\\/presscouncil-ks.org\\\/?p=14298&lang=sr#breadcrumb\"},\"inLanguage\":\"en-US\",\"potentialAction\":[{\"@type\":\"ReadAction\",\"target\":[\"http:\\\/\\\/presscouncil-ks.org\\\/?p=14298&lang=sr\"]}]},{\"@type\":\"ImageObject\",\"inLanguage\":\"en-US\",\"@id\":\"http:\\\/\\\/presscouncil-ks.org\\\/?p=14298&lang=sr#primaryimage\",\"url\":\"http:\\\/\\\/presscouncil-ks.org\\\/wp-content\\\/uploads\\\/2025\\\/05\\\/n-3.jpg\",\"contentUrl\":\"http:\\\/\\\/presscouncil-ks.org\\\/wp-content\\\/uploads\\\/2025\\\/05\\\/n-3.jpg\",\"width\":1600,\"height\":1200},{\"@type\":\"BreadcrumbList\",\"@id\":\"http:\\\/\\\/presscouncil-ks.org\\\/?p=14298&lang=sr#breadcrumb\",\"itemListElement\":[{\"@type\":\"ListItem\",\"position\":1,\"name\":\"Home\",\"item\":\"https:\\\/\\\/presscouncil-ks.org\\\/\"},{\"@type\":\"ListItem\",\"position\":2,\"name\":\"Savet \u0160tampe Kosova u\u010destvuje na regionalnoj konferenciji medijskih saveta\"}]},{\"@type\":\"WebSite\",\"@id\":\"http:\\\/\\\/presscouncil-ks.org\\\/#website\",\"url\":\"http:\\\/\\\/presscouncil-ks.org\\\/\",\"name\":\"https:\\\/\\\/presscouncil-ks.org\\\/\",\"description\":\"\",\"publisher\":{\"@id\":\"http:\\\/\\\/presscouncil-ks.org\\\/#organization\"},\"potentialAction\":[{\"@type\":\"SearchAction\",\"target\":{\"@type\":\"EntryPoint\",\"urlTemplate\":\"http:\\\/\\\/presscouncil-ks.org\\\/?s={search_term_string}\"},\"query-input\":{\"@type\":\"PropertyValueSpecification\",\"valueRequired\":true,\"valueName\":\"search_term_string\"}}],\"inLanguage\":\"en-US\"},{\"@type\":\"Organization\",\"@id\":\"http:\\\/\\\/presscouncil-ks.org\\\/#organization\",\"name\":\"K\u00ebshilli i Mediave t\u00eb Shkruara t\u00eb Kosov\u00ebs\",\"url\":\"http:\\\/\\\/presscouncil-ks.org\\\/\",\"logo\":{\"@type\":\"ImageObject\",\"inLanguage\":\"en-US\",\"@id\":\"http:\\\/\\\/presscouncil-ks.org\\\/#\\\/schema\\\/logo\\\/image\\\/\",\"url\":\"http:\\\/\\\/presscouncil-ks.org\\\/wp-content\\\/uploads\\\/2023\\\/06\\\/cropped-logo.png\",\"contentUrl\":\"http:\\\/\\\/presscouncil-ks.org\\\/wp-content\\\/uploads\\\/2023\\\/06\\\/cropped-logo.png\",\"width\":268,\"height\":166,\"caption\":\"K\u00ebshilli i Mediave t\u00eb Shkruara t\u00eb Kosov\u00ebs\"},\"image\":{\"@id\":\"http:\\\/\\\/presscouncil-ks.org\\\/#\\\/schema\\\/logo\\\/image\\\/\"},\"sameAs\":[\"https:\\\/\\\/www.facebook.com\\\/KMSHKosove\"]},{\"@type\":\"Person\",\"@id\":\"http:\\\/\\\/presscouncil-ks.org\\\/#\\\/schema\\\/person\\\/b79d30c61264caeb733239c16cc4d673\",\"name\":\"Editor\",\"image\":{\"@type\":\"ImageObject\",\"inLanguage\":\"en-US\",\"@id\":\"https:\\\/\\\/secure.gravatar.com\\\/avatar\\\/9534865f39e7b3527010ee17196a76d054b16d731a6a5bfe2f92a071c6e9bf4e?s=96&d=mm&r=g\",\"url\":\"https:\\\/\\\/secure.gravatar.com\\\/avatar\\\/9534865f39e7b3527010ee17196a76d054b16d731a6a5bfe2f92a071c6e9bf4e?s=96&d=mm&r=g\",\"contentUrl\":\"https:\\\/\\\/secure.gravatar.com\\\/avatar\\\/9534865f39e7b3527010ee17196a76d054b16d731a6a5bfe2f92a071c6e9bf4e?s=96&d=mm&r=g\",\"caption\":\"Editor\"},\"url\":\"http:\\\/\\\/presscouncil-ks.org\\\/?author=2\"}]}<\/script>\n<!-- \/ Yoast SEO plugin. -->","yoast_head_json":{"title":"Savet \u0160tampe Kosova u\u010destvuje na regionalnoj konferenciji medijskih saveta - K\u00ebshilli i Mediave t\u00eb Shkruara t\u00eb Kosov\u00ebs | P\u00ebr nj\u00eb gazetari etike dhe profesionale","robots":{"index":"index","follow":"follow","max-snippet":"max-snippet:-1","max-image-preview":"max-image-preview:large","max-video-preview":"max-video-preview:-1"},"canonical":"http:\/\/presscouncil-ks.org\/?p=14298&lang=sr","og_locale":"en_US","og_type":"article","og_title":"Savet \u0160tampe Kosova u\u010destvuje na regionalnoj konferenciji medijskih saveta - K\u00ebshilli i Mediave t\u00eb Shkruara t\u00eb Kosov\u00ebs | P\u00ebr nj\u00eb gazetari etike dhe profesionale","og_description":"Savet \u0160tampe Kosova (S\u0160K), predstavljen od strane predsednice BrikendE Red\u017eepi i slu\u017ebenika za odnose s javno\u0161\u0107u, \u0106erima Ondozija, u\u010destvuje na 4. regionalnom sastanku medijskih saveta jugoisto\u010dne Evrope i Turske. Dvodnevni sastanak na temu &#8220;Izgradnja poverenja u medije u jugoisto\u010dnoj Evropi: Podr\u0161ka novinarstvu kao javnom dobru\u201c odr\u017eava se u Ohridu, u Severnoj Makedoniji. Doga\u0111aj je okupio [&hellip;]","og_url":"http:\/\/presscouncil-ks.org\/?p=14298&lang=sr","og_site_name":"K\u00ebshilli i Mediave t\u00eb Shkruara t\u00eb Kosov\u00ebs | P\u00ebr nj\u00eb gazetari etike dhe profesionale","article_publisher":"https:\/\/www.facebook.com\/KMSHKosove","article_published_time":"2025-05-19T14:11:56+00:00","article_modified_time":"2025-07-16T17:18:01+00:00","og_image":[{"width":1600,"height":1200,"url":"http:\/\/presscouncil-ks.org\/wp-content\/uploads\/2025\/05\/n-3.jpg","type":"image\/jpeg"}],"author":"Editor","twitter_card":"summary_large_image","twitter_misc":{"Written by":"Editor","Est. reading time":"1 minute"},"schema":{"@context":"https:\/\/schema.org","@graph":[{"@type":"Article","@id":"http:\/\/presscouncil-ks.org\/?p=14298&lang=sr#article","isPartOf":{"@id":"http:\/\/presscouncil-ks.org\/?p=14298&lang=sr"},"author":{"name":"Editor","@id":"http:\/\/presscouncil-ks.org\/#\/schema\/person\/b79d30c61264caeb733239c16cc4d673"},"headline":"Savet \u0160tampe Kosova u\u010destvuje na regionalnoj konferenciji medijskih saveta","datePublished":"2025-05-19T14:11:56+00:00","dateModified":"2025-07-16T17:18:01+00:00","mainEntityOfPage":{"@id":"http:\/\/presscouncil-ks.org\/?p=14298&lang=sr"},"wordCount":289,"commentCount":0,"publisher":{"@id":"http:\/\/presscouncil-ks.org\/#organization"},"image":{"@id":"http:\/\/presscouncil-ks.org\/?p=14298&lang=sr#primaryimage"},"thumbnailUrl":"http:\/\/presscouncil-ks.org\/wp-content\/uploads\/2025\/05\/n-3.jpg","articleSection":["Vesti"],"inLanguage":"en-US","potentialAction":[{"@type":"CommentAction","name":"Comment","target":["http:\/\/presscouncil-ks.org\/?p=14298&lang=sr#respond"]}]},{"@type":"WebPage","@id":"http:\/\/presscouncil-ks.org\/?p=14298&lang=sr","url":"http:\/\/presscouncil-ks.org\/?p=14298&lang=sr","name":"Savet \u0160tampe Kosova u\u010destvuje na regionalnoj konferenciji medijskih saveta - K\u00ebshilli i Mediave t\u00eb Shkruara t\u00eb Kosov\u00ebs | P\u00ebr nj\u00eb gazetari etike dhe profesionale","isPartOf":{"@id":"http:\/\/presscouncil-ks.org\/#website"},"primaryImageOfPage":{"@id":"http:\/\/presscouncil-ks.org\/?p=14298&lang=sr#primaryimage"},"image":{"@id":"http:\/\/presscouncil-ks.org\/?p=14298&lang=sr#primaryimage"},"thumbnailUrl":"http:\/\/presscouncil-ks.org\/wp-content\/uploads\/2025\/05\/n-3.jpg","datePublished":"2025-05-19T14:11:56+00:00","dateModified":"2025-07-16T17:18:01+00:00","breadcrumb":{"@id":"http:\/\/presscouncil-ks.org\/?p=14298&lang=sr#breadcrumb"},"inLanguage":"en-US","potentialAction":[{"@type":"ReadAction","target":["http:\/\/presscouncil-ks.org\/?p=14298&lang=sr"]}]},{"@type":"ImageObject","inLanguage":"en-US","@id":"http:\/\/presscouncil-ks.org\/?p=14298&lang=sr#primaryimage","url":"http:\/\/presscouncil-ks.org\/wp-content\/uploads\/2025\/05\/n-3.jpg","contentUrl":"http:\/\/presscouncil-ks.org\/wp-content\/uploads\/2025\/05\/n-3.jpg","width":1600,"height":1200},{"@type":"BreadcrumbList","@id":"http:\/\/presscouncil-ks.org\/?p=14298&lang=sr#breadcrumb","itemListElement":[{"@type":"ListItem","position":1,"name":"Home","item":"https:\/\/presscouncil-ks.org\/"},{"@type":"ListItem","position":2,"name":"Savet \u0160tampe Kosova u\u010destvuje na regionalnoj konferenciji medijskih saveta"}]},{"@type":"WebSite","@id":"http:\/\/presscouncil-ks.org\/#website","url":"http:\/\/presscouncil-ks.org\/","name":"https:\/\/presscouncil-ks.org\/","description":"","publisher":{"@id":"http:\/\/presscouncil-ks.org\/#organization"},"potentialAction":[{"@type":"SearchAction","target":{"@type":"EntryPoint","urlTemplate":"http:\/\/presscouncil-ks.org\/?s={search_term_string}"},"query-input":{"@type":"PropertyValueSpecification","valueRequired":true,"valueName":"search_term_string"}}],"inLanguage":"en-US"},{"@type":"Organization","@id":"http:\/\/presscouncil-ks.org\/#organization","name":"K\u00ebshilli i Mediave t\u00eb Shkruara t\u00eb Kosov\u00ebs","url":"http:\/\/presscouncil-ks.org\/","logo":{"@type":"ImageObject","inLanguage":"en-US","@id":"http:\/\/presscouncil-ks.org\/#\/schema\/logo\/image\/","url":"http:\/\/presscouncil-ks.org\/wp-content\/uploads\/2023\/06\/cropped-logo.png","contentUrl":"http:\/\/presscouncil-ks.org\/wp-content\/uploads\/2023\/06\/cropped-logo.png","width":268,"height":166,"caption":"K\u00ebshilli i Mediave t\u00eb Shkruara t\u00eb Kosov\u00ebs"},"image":{"@id":"http:\/\/presscouncil-ks.org\/#\/schema\/logo\/image\/"},"sameAs":["https:\/\/www.facebook.com\/KMSHKosove"]},{"@type":"Person","@id":"http:\/\/presscouncil-ks.org\/#\/schema\/person\/b79d30c61264caeb733239c16cc4d673","name":"Editor","image":{"@type":"ImageObject","inLanguage":"en-US","@id":"https:\/\/secure.gravatar.com\/avatar\/9534865f39e7b3527010ee17196a76d054b16d731a6a5bfe2f92a071c6e9bf4e?s=96&d=mm&r=g","url":"https:\/\/secure.gravatar.com\/avatar\/9534865f39e7b3527010ee17196a76d054b16d731a6a5bfe2f92a071c6e9bf4e?s=96&d=mm&r=g","contentUrl":"https:\/\/secure.gravatar.com\/avatar\/9534865f39e7b3527010ee17196a76d054b16d731a6a5bfe2f92a071c6e9bf4e?s=96&d=mm&r=g","caption":"Editor"},"url":"http:\/\/presscouncil-ks.org\/?author=2"}]}},"_links":{"self":[{"href":"http:\/\/presscouncil-ks.org\/index.php?rest_route=\/wp\/v2\/posts\/14298","targetHints":{"allow":["GET"]}}],"collection":[{"href":"http:\/\/presscouncil-ks.org\/index.php?rest_route=\/wp\/v2\/posts"}],"about":[{"href":"http:\/\/presscouncil-ks.org\/index.php?rest_route=\/wp\/v2\/types\/post"}],"author":[{"embeddable":true,"href":"http:\/\/presscouncil-ks.org\/index.php?rest_route=\/wp\/v2\/users\/2"}],"replies":[{"embeddable":true,"href":"http:\/\/presscouncil-ks.org\/index.php?rest_route=%2Fwp%2Fv2%2Fcomments&post=14298"}],"version-history":[{"count":3,"href":"http:\/\/presscouncil-ks.org\/index.php?rest_route=\/wp\/v2\/posts\/14298\/revisions"}],"predecessor-version":[{"id":16622,"href":"http:\/\/presscouncil-ks.org\/index.php?rest_route=\/wp\/v2\/posts\/14298\/revisions\/16622"}],"wp:featuredmedia":[{"embeddable":true,"href":"http:\/\/presscouncil-ks.org\/index.php?rest_route=\/wp\/v2\/media\/14304"}],"wp:attachment":[{"href":"http:\/\/presscouncil-ks.org\/index.php?rest_route=%2Fwp%2Fv2%2Fmedia&parent=14298"}],"wp:term":[{"taxonomy":"category","embeddable":true,"href":"http:\/\/presscouncil-ks.org\/index.php?rest_route=%2Fwp%2Fv2%2Fcategories&post=14298"},{"taxonomy":"post_tag","embeddable":true,"href":"http:\/\/presscouncil-ks.org\/index.php?rest_route=%2Fwp%2Fv2%2Ftags&post=14298"}],"curies":[{"name":"wp","href":"https:\/\/api.w.org\/{rel}","templated":true}]}}