{"id":14288,"date":"2025-05-15T17:52:57","date_gmt":"2025-05-15T17:52:57","guid":{"rendered":"https:\/\/presscouncil-ks.org\/?p=14288"},"modified":"2025-07-16T17:17:45","modified_gmt":"2025-07-16T17:17:45","slug":"savet-stampe-kosova-organizovao-prvi-modul-skole-novinarske-etike","status":"publish","type":"post","link":"http:\/\/presscouncil-ks.org\/?p=14288&lang=sr","title":{"rendered":"Savet \u0160tampe Kosova organizovao prvi modul \u0161kole novinarske etike"},"content":{"rendered":"\n<p class=\"wp-block-paragraph\">Savet \u0160tampe Kosova (S\u0160K), uz podr\u0161ku Misije OEBS-a na Kosovu, organizovao je prvi modul \u0160kole Novinarske Etike. Tokom tri dana, studenti novinarstva imali su priliku da razgovaraju sa stru\u010dnjacima iz ove oblasti o razli\u010ditim pitanjima.<\/p>\n\n\n\n<p class=\"wp-block-paragraph\">Fljutura Kusari, advokatica za medijsko pravo, govorila je o zakonodavstvu koje reguli\u0161e medije, kao i o za\u0161titi od klevete i uvrede. Imer Mu\u0161kolaj, izvr\u0161ni direktor S\u0160K-a, razgovarao je sa u\u010desnicima o po\u0161tovanju eti\u010dkih kodeksa, kao i o regulaciji i samoregulaciji medija. U me\u0111uvremenu, Brikenda Red\u017eepi, predsednica S\u0160K-a i glavna urednica Koha Grupe, govorila je o svakodnevnom prakti\u010dnom radu sa novinarima i simulirala je uredni\u010dki sastanak.&nbsp;<\/p>\n\n\n\n<p class=\"wp-block-paragraph\">Novinar D\u017eemajl Red\u017ea je razgovarao sa studentima o izve\u0161tavanju u vremenima krize i sukoba. Doneo je svoja iskustva rada kao novinar u ratnim zonama. Kre\u0161nik Ga\u0161i sa Kallxo.com je govorio o novinarskoj etici dok je radio u istra\u017eiva\u010dkom novinarstvu. Izneo je konkretne primere svog rada kao novinar. U me\u0111uvremenu, Agon Sinanaj iz Buletini Ekonomik je govorio o izve\u0161tavanju u oblasti ekonomije i finansija, metodama istra\u017eivanja i dekonstrukciji brojki i statistike. U\u010denici su predlo\u017eili ideje koje \u0107e realizovati do drugog modula \u0161kole, kao deo takmi\u010denja za najbolje radove.<\/p>\n\n\n\n<p class=\"wp-block-paragraph\">Alban Zeneli, predava\u010d na Univerzitetu u Pri\u0161tini (UP), govorio je o eti\u010dkom prosu\u0111ivanju u eri dezinformacija i ve\u0161ta\u010dke inteligencije. U me\u0111uvremenu, Imer Mu\u0161kolaj je, zajedno sa u\u010desnicima \u0161kole, simulirao prijem \u017ealbi i njihovo re\u0161avanje od strane S\u0160K-a, tokom \u010dega su se u\u010desnici upoznali sa iskustvima razmatranja slu\u010dajeva prema standardnim praksama.<\/p>\n\n\n\n<p class=\"wp-block-paragraph\">Drugi modul \u0160kole Novinarske Etike organizuje se u junu.<\/p>\n\n\n\n<figure class=\"wp-block-image size-large\"><img loading=\"lazy\" decoding=\"async\" width=\"1024\" height=\"447\" src=\"https:\/\/presscouncil-ks.org\/wp-content\/uploads\/2025\/05\/SHK-1-1024x447.jpg\" alt=\"\" class=\"wp-image-14289\" srcset=\"http:\/\/presscouncil-ks.org\/wp-content\/uploads\/2025\/05\/SHK-1-1024x447.jpg 1024w, http:\/\/presscouncil-ks.org\/wp-content\/uploads\/2025\/05\/SHK-1-300x131.jpg 300w, http:\/\/presscouncil-ks.org\/wp-content\/uploads\/2025\/05\/SHK-1-768x335.jpg 768w, http:\/\/presscouncil-ks.org\/wp-content\/uploads\/2025\/05\/SHK-1-1536x670.jpg 1536w, http:\/\/presscouncil-ks.org\/wp-content\/uploads\/2025\/05\/SHK-1-2048x894.jpg 2048w\" sizes=\"auto, (max-width: 1024px) 100vw, 1024px\" \/><\/figure>\n","protected":false},"excerpt":{"rendered":"<p>Savet \u0160tampe Kosova (S\u0160K), uz podr\u0161ku Misije OEBS-a na Kosovu, organizovao je prvi modul \u0160kole Novinarske Etike. Tokom tri dana, studenti novinarstva imali su priliku da razgovaraju sa stru\u010dnjacima iz ove oblasti o razli\u010ditim pitanjima. Fljutura Kusari, advokatica za medijsko pravo, govorila je o zakonodavstvu koje reguli\u0161e medije, kao i o za\u0161titi od klevete i [&hellip;]<\/p>\n","protected":false},"author":2,"featured_media":14231,"comment_status":"open","ping_status":"open","sticky":false,"template":"","format":"standard","meta":{"footnotes":""},"categories":[135],"tags":[],"class_list":["post-14288","post","type-post","status-publish","format-standard","has-post-thumbnail","hentry","category-vesti"],"acf":{"video_title":"","video":false},"yoast_head":"<!-- This site is optimized with the Yoast SEO plugin v28.3 - https:\/\/yoast.com\/product\/yoast-seo-wordpress\/ -->\n<title>Savet \u0160tampe Kosova organizovao prvi modul \u0161kole novinarske etike - K\u00ebshilli i Mediave t\u00eb Shkruara t\u00eb Kosov\u00ebs | P\u00ebr nj\u00eb gazetari etike dhe profesionale<\/title>\n<meta name=\"robots\" content=\"index, follow, max-snippet:-1, max-image-preview:large, max-video-preview:-1\" \/>\n<link rel=\"canonical\" href=\"http:\/\/presscouncil-ks.org\/?p=14288&lang=sr\" \/>\n<meta property=\"og:locale\" content=\"en_US\" \/>\n<meta property=\"og:type\" content=\"article\" \/>\n<meta property=\"og:title\" content=\"Savet \u0160tampe Kosova organizovao prvi modul \u0161kole novinarske etike - K\u00ebshilli i Mediave t\u00eb Shkruara t\u00eb Kosov\u00ebs | P\u00ebr nj\u00eb gazetari etike dhe profesionale\" \/>\n<meta property=\"og:description\" content=\"Savet \u0160tampe Kosova (S\u0160K), uz podr\u0161ku Misije OEBS-a na Kosovu, organizovao je prvi modul \u0160kole Novinarske Etike. Tokom tri dana, studenti novinarstva imali su priliku da razgovaraju sa stru\u010dnjacima iz ove oblasti o razli\u010ditim pitanjima. Fljutura Kusari, advokatica za medijsko pravo, govorila je o zakonodavstvu koje reguli\u0161e medije, kao i o za\u0161titi od klevete i [&hellip;]\" \/>\n<meta property=\"og:url\" content=\"http:\/\/presscouncil-ks.org\/?p=14288&amp;lang=sr\" \/>\n<meta property=\"og:site_name\" content=\"K\u00ebshilli i Mediave t\u00eb Shkruara t\u00eb Kosov\u00ebs | P\u00ebr nj\u00eb gazetari etike dhe profesionale\" \/>\n<meta property=\"article:publisher\" content=\"https:\/\/www.facebook.com\/KMSHKosove\" \/>\n<meta property=\"article:published_time\" content=\"2025-05-15T17:52:57+00:00\" \/>\n<meta property=\"article:modified_time\" content=\"2025-07-16T17:17:45+00:00\" \/>\n<meta property=\"og:image\" content=\"http:\/\/presscouncil-ks.org\/wp-content\/uploads\/2025\/04\/1-5-scaled.jpg\" \/>\n\t<meta property=\"og:image:width\" content=\"2560\" \/>\n\t<meta property=\"og:image:height\" content=\"954\" \/>\n\t<meta property=\"og:image:type\" content=\"image\/jpeg\" \/>\n<meta name=\"author\" content=\"Editor\" \/>\n<meta name=\"twitter:card\" content=\"summary_large_image\" \/>\n<meta name=\"twitter:label1\" content=\"Written by\" \/>\n\t<meta name=\"twitter:data1\" content=\"Editor\" \/>\n\t<meta name=\"twitter:label2\" content=\"Est. reading time\" \/>\n\t<meta name=\"twitter:data2\" content=\"1 minute\" \/>\n<script type=\"application\/ld+json\" class=\"yoast-schema-graph\">{\"@context\":\"https:\\\/\\\/schema.org\",\"@graph\":[{\"@type\":\"Article\",\"@id\":\"http:\\\/\\\/presscouncil-ks.org\\\/?p=14288&lang=sr#article\",\"isPartOf\":{\"@id\":\"http:\\\/\\\/presscouncil-ks.org\\\/?p=14288&lang=sr\"},\"author\":{\"name\":\"Editor\",\"@id\":\"http:\\\/\\\/presscouncil-ks.org\\\/#\\\/schema\\\/person\\\/b79d30c61264caeb733239c16cc4d673\"},\"headline\":\"Savet \u0160tampe Kosova organizovao prvi modul \u0161kole novinarske etike\",\"datePublished\":\"2025-05-15T17:52:57+00:00\",\"dateModified\":\"2025-07-16T17:17:45+00:00\",\"mainEntityOfPage\":{\"@id\":\"http:\\\/\\\/presscouncil-ks.org\\\/?p=14288&lang=sr\"},\"wordCount\":299,\"commentCount\":0,\"publisher\":{\"@id\":\"http:\\\/\\\/presscouncil-ks.org\\\/#organization\"},\"image\":{\"@id\":\"http:\\\/\\\/presscouncil-ks.org\\\/?p=14288&lang=sr#primaryimage\"},\"thumbnailUrl\":\"http:\\\/\\\/presscouncil-ks.org\\\/wp-content\\\/uploads\\\/2025\\\/04\\\/1-5-scaled.jpg\",\"articleSection\":[\"Vesti\"],\"inLanguage\":\"en-US\",\"potentialAction\":[{\"@type\":\"CommentAction\",\"name\":\"Comment\",\"target\":[\"http:\\\/\\\/presscouncil-ks.org\\\/?p=14288&lang=sr#respond\"]}]},{\"@type\":\"WebPage\",\"@id\":\"http:\\\/\\\/presscouncil-ks.org\\\/?p=14288&lang=sr\",\"url\":\"http:\\\/\\\/presscouncil-ks.org\\\/?p=14288&lang=sr\",\"name\":\"Savet \u0160tampe Kosova organizovao prvi modul \u0161kole novinarske etike - K\u00ebshilli i Mediave t\u00eb Shkruara t\u00eb Kosov\u00ebs | P\u00ebr nj\u00eb gazetari etike dhe profesionale\",\"isPartOf\":{\"@id\":\"http:\\\/\\\/presscouncil-ks.org\\\/#website\"},\"primaryImageOfPage\":{\"@id\":\"http:\\\/\\\/presscouncil-ks.org\\\/?p=14288&lang=sr#primaryimage\"},\"image\":{\"@id\":\"http:\\\/\\\/presscouncil-ks.org\\\/?p=14288&lang=sr#primaryimage\"},\"thumbnailUrl\":\"http:\\\/\\\/presscouncil-ks.org\\\/wp-content\\\/uploads\\\/2025\\\/04\\\/1-5-scaled.jpg\",\"datePublished\":\"2025-05-15T17:52:57+00:00\",\"dateModified\":\"2025-07-16T17:17:45+00:00\",\"breadcrumb\":{\"@id\":\"http:\\\/\\\/presscouncil-ks.org\\\/?p=14288&lang=sr#breadcrumb\"},\"inLanguage\":\"en-US\",\"potentialAction\":[{\"@type\":\"ReadAction\",\"target\":[\"http:\\\/\\\/presscouncil-ks.org\\\/?p=14288&lang=sr\"]}]},{\"@type\":\"ImageObject\",\"inLanguage\":\"en-US\",\"@id\":\"http:\\\/\\\/presscouncil-ks.org\\\/?p=14288&lang=sr#primaryimage\",\"url\":\"http:\\\/\\\/presscouncil-ks.org\\\/wp-content\\\/uploads\\\/2025\\\/04\\\/1-5-scaled.jpg\",\"contentUrl\":\"http:\\\/\\\/presscouncil-ks.org\\\/wp-content\\\/uploads\\\/2025\\\/04\\\/1-5-scaled.jpg\",\"width\":2560,\"height\":954},{\"@type\":\"BreadcrumbList\",\"@id\":\"http:\\\/\\\/presscouncil-ks.org\\\/?p=14288&lang=sr#breadcrumb\",\"itemListElement\":[{\"@type\":\"ListItem\",\"position\":1,\"name\":\"Home\",\"item\":\"https:\\\/\\\/presscouncil-ks.org\\\/\"},{\"@type\":\"ListItem\",\"position\":2,\"name\":\"Savet \u0160tampe Kosova organizovao prvi modul \u0161kole novinarske etike\"}]},{\"@type\":\"WebSite\",\"@id\":\"http:\\\/\\\/presscouncil-ks.org\\\/#website\",\"url\":\"http:\\\/\\\/presscouncil-ks.org\\\/\",\"name\":\"https:\\\/\\\/presscouncil-ks.org\\\/\",\"description\":\"\",\"publisher\":{\"@id\":\"http:\\\/\\\/presscouncil-ks.org\\\/#organization\"},\"potentialAction\":[{\"@type\":\"SearchAction\",\"target\":{\"@type\":\"EntryPoint\",\"urlTemplate\":\"http:\\\/\\\/presscouncil-ks.org\\\/?s={search_term_string}\"},\"query-input\":{\"@type\":\"PropertyValueSpecification\",\"valueRequired\":true,\"valueName\":\"search_term_string\"}}],\"inLanguage\":\"en-US\"},{\"@type\":\"Organization\",\"@id\":\"http:\\\/\\\/presscouncil-ks.org\\\/#organization\",\"name\":\"K\u00ebshilli i Mediave t\u00eb Shkruara t\u00eb Kosov\u00ebs\",\"url\":\"http:\\\/\\\/presscouncil-ks.org\\\/\",\"logo\":{\"@type\":\"ImageObject\",\"inLanguage\":\"en-US\",\"@id\":\"http:\\\/\\\/presscouncil-ks.org\\\/#\\\/schema\\\/logo\\\/image\\\/\",\"url\":\"http:\\\/\\\/presscouncil-ks.org\\\/wp-content\\\/uploads\\\/2023\\\/06\\\/cropped-logo.png\",\"contentUrl\":\"http:\\\/\\\/presscouncil-ks.org\\\/wp-content\\\/uploads\\\/2023\\\/06\\\/cropped-logo.png\",\"width\":268,\"height\":166,\"caption\":\"K\u00ebshilli i Mediave t\u00eb Shkruara t\u00eb Kosov\u00ebs\"},\"image\":{\"@id\":\"http:\\\/\\\/presscouncil-ks.org\\\/#\\\/schema\\\/logo\\\/image\\\/\"},\"sameAs\":[\"https:\\\/\\\/www.facebook.com\\\/KMSHKosove\"]},{\"@type\":\"Person\",\"@id\":\"http:\\\/\\\/presscouncil-ks.org\\\/#\\\/schema\\\/person\\\/b79d30c61264caeb733239c16cc4d673\",\"name\":\"Editor\",\"image\":{\"@type\":\"ImageObject\",\"inLanguage\":\"en-US\",\"@id\":\"https:\\\/\\\/secure.gravatar.com\\\/avatar\\\/9534865f39e7b3527010ee17196a76d054b16d731a6a5bfe2f92a071c6e9bf4e?s=96&d=mm&r=g\",\"url\":\"https:\\\/\\\/secure.gravatar.com\\\/avatar\\\/9534865f39e7b3527010ee17196a76d054b16d731a6a5bfe2f92a071c6e9bf4e?s=96&d=mm&r=g\",\"contentUrl\":\"https:\\\/\\\/secure.gravatar.com\\\/avatar\\\/9534865f39e7b3527010ee17196a76d054b16d731a6a5bfe2f92a071c6e9bf4e?s=96&d=mm&r=g\",\"caption\":\"Editor\"},\"url\":\"http:\\\/\\\/presscouncil-ks.org\\\/?author=2\"}]}<\/script>\n<!-- \/ Yoast SEO plugin. -->","yoast_head_json":{"title":"Savet \u0160tampe Kosova organizovao prvi modul \u0161kole novinarske etike - K\u00ebshilli i Mediave t\u00eb Shkruara t\u00eb Kosov\u00ebs | P\u00ebr nj\u00eb gazetari etike dhe profesionale","robots":{"index":"index","follow":"follow","max-snippet":"max-snippet:-1","max-image-preview":"max-image-preview:large","max-video-preview":"max-video-preview:-1"},"canonical":"http:\/\/presscouncil-ks.org\/?p=14288&lang=sr","og_locale":"en_US","og_type":"article","og_title":"Savet \u0160tampe Kosova organizovao prvi modul \u0161kole novinarske etike - K\u00ebshilli i Mediave t\u00eb Shkruara t\u00eb Kosov\u00ebs | P\u00ebr nj\u00eb gazetari etike dhe profesionale","og_description":"Savet \u0160tampe Kosova (S\u0160K), uz podr\u0161ku Misije OEBS-a na Kosovu, organizovao je prvi modul \u0160kole Novinarske Etike. Tokom tri dana, studenti novinarstva imali su priliku da razgovaraju sa stru\u010dnjacima iz ove oblasti o razli\u010ditim pitanjima. Fljutura Kusari, advokatica za medijsko pravo, govorila je o zakonodavstvu koje reguli\u0161e medije, kao i o za\u0161titi od klevete i [&hellip;]","og_url":"http:\/\/presscouncil-ks.org\/?p=14288&lang=sr","og_site_name":"K\u00ebshilli i Mediave t\u00eb Shkruara t\u00eb Kosov\u00ebs | P\u00ebr nj\u00eb gazetari etike dhe profesionale","article_publisher":"https:\/\/www.facebook.com\/KMSHKosove","article_published_time":"2025-05-15T17:52:57+00:00","article_modified_time":"2025-07-16T17:17:45+00:00","og_image":[{"width":2560,"height":954,"url":"http:\/\/presscouncil-ks.org\/wp-content\/uploads\/2025\/04\/1-5-scaled.jpg","type":"image\/jpeg"}],"author":"Editor","twitter_card":"summary_large_image","twitter_misc":{"Written by":"Editor","Est. reading time":"1 minute"},"schema":{"@context":"https:\/\/schema.org","@graph":[{"@type":"Article","@id":"http:\/\/presscouncil-ks.org\/?p=14288&lang=sr#article","isPartOf":{"@id":"http:\/\/presscouncil-ks.org\/?p=14288&lang=sr"},"author":{"name":"Editor","@id":"http:\/\/presscouncil-ks.org\/#\/schema\/person\/b79d30c61264caeb733239c16cc4d673"},"headline":"Savet \u0160tampe Kosova organizovao prvi modul \u0161kole novinarske etike","datePublished":"2025-05-15T17:52:57+00:00","dateModified":"2025-07-16T17:17:45+00:00","mainEntityOfPage":{"@id":"http:\/\/presscouncil-ks.org\/?p=14288&lang=sr"},"wordCount":299,"commentCount":0,"publisher":{"@id":"http:\/\/presscouncil-ks.org\/#organization"},"image":{"@id":"http:\/\/presscouncil-ks.org\/?p=14288&lang=sr#primaryimage"},"thumbnailUrl":"http:\/\/presscouncil-ks.org\/wp-content\/uploads\/2025\/04\/1-5-scaled.jpg","articleSection":["Vesti"],"inLanguage":"en-US","potentialAction":[{"@type":"CommentAction","name":"Comment","target":["http:\/\/presscouncil-ks.org\/?p=14288&lang=sr#respond"]}]},{"@type":"WebPage","@id":"http:\/\/presscouncil-ks.org\/?p=14288&lang=sr","url":"http:\/\/presscouncil-ks.org\/?p=14288&lang=sr","name":"Savet \u0160tampe Kosova organizovao prvi modul \u0161kole novinarske etike - K\u00ebshilli i Mediave t\u00eb Shkruara t\u00eb Kosov\u00ebs | P\u00ebr nj\u00eb gazetari etike dhe profesionale","isPartOf":{"@id":"http:\/\/presscouncil-ks.org\/#website"},"primaryImageOfPage":{"@id":"http:\/\/presscouncil-ks.org\/?p=14288&lang=sr#primaryimage"},"image":{"@id":"http:\/\/presscouncil-ks.org\/?p=14288&lang=sr#primaryimage"},"thumbnailUrl":"http:\/\/presscouncil-ks.org\/wp-content\/uploads\/2025\/04\/1-5-scaled.jpg","datePublished":"2025-05-15T17:52:57+00:00","dateModified":"2025-07-16T17:17:45+00:00","breadcrumb":{"@id":"http:\/\/presscouncil-ks.org\/?p=14288&lang=sr#breadcrumb"},"inLanguage":"en-US","potentialAction":[{"@type":"ReadAction","target":["http:\/\/presscouncil-ks.org\/?p=14288&lang=sr"]}]},{"@type":"ImageObject","inLanguage":"en-US","@id":"http:\/\/presscouncil-ks.org\/?p=14288&lang=sr#primaryimage","url":"http:\/\/presscouncil-ks.org\/wp-content\/uploads\/2025\/04\/1-5-scaled.jpg","contentUrl":"http:\/\/presscouncil-ks.org\/wp-content\/uploads\/2025\/04\/1-5-scaled.jpg","width":2560,"height":954},{"@type":"BreadcrumbList","@id":"http:\/\/presscouncil-ks.org\/?p=14288&lang=sr#breadcrumb","itemListElement":[{"@type":"ListItem","position":1,"name":"Home","item":"https:\/\/presscouncil-ks.org\/"},{"@type":"ListItem","position":2,"name":"Savet \u0160tampe Kosova organizovao prvi modul \u0161kole novinarske etike"}]},{"@type":"WebSite","@id":"http:\/\/presscouncil-ks.org\/#website","url":"http:\/\/presscouncil-ks.org\/","name":"https:\/\/presscouncil-ks.org\/","description":"","publisher":{"@id":"http:\/\/presscouncil-ks.org\/#organization"},"potentialAction":[{"@type":"SearchAction","target":{"@type":"EntryPoint","urlTemplate":"http:\/\/presscouncil-ks.org\/?s={search_term_string}"},"query-input":{"@type":"PropertyValueSpecification","valueRequired":true,"valueName":"search_term_string"}}],"inLanguage":"en-US"},{"@type":"Organization","@id":"http:\/\/presscouncil-ks.org\/#organization","name":"K\u00ebshilli i Mediave t\u00eb Shkruara t\u00eb Kosov\u00ebs","url":"http:\/\/presscouncil-ks.org\/","logo":{"@type":"ImageObject","inLanguage":"en-US","@id":"http:\/\/presscouncil-ks.org\/#\/schema\/logo\/image\/","url":"http:\/\/presscouncil-ks.org\/wp-content\/uploads\/2023\/06\/cropped-logo.png","contentUrl":"http:\/\/presscouncil-ks.org\/wp-content\/uploads\/2023\/06\/cropped-logo.png","width":268,"height":166,"caption":"K\u00ebshilli i Mediave t\u00eb Shkruara t\u00eb Kosov\u00ebs"},"image":{"@id":"http:\/\/presscouncil-ks.org\/#\/schema\/logo\/image\/"},"sameAs":["https:\/\/www.facebook.com\/KMSHKosove"]},{"@type":"Person","@id":"http:\/\/presscouncil-ks.org\/#\/schema\/person\/b79d30c61264caeb733239c16cc4d673","name":"Editor","image":{"@type":"ImageObject","inLanguage":"en-US","@id":"https:\/\/secure.gravatar.com\/avatar\/9534865f39e7b3527010ee17196a76d054b16d731a6a5bfe2f92a071c6e9bf4e?s=96&d=mm&r=g","url":"https:\/\/secure.gravatar.com\/avatar\/9534865f39e7b3527010ee17196a76d054b16d731a6a5bfe2f92a071c6e9bf4e?s=96&d=mm&r=g","contentUrl":"https:\/\/secure.gravatar.com\/avatar\/9534865f39e7b3527010ee17196a76d054b16d731a6a5bfe2f92a071c6e9bf4e?s=96&d=mm&r=g","caption":"Editor"},"url":"http:\/\/presscouncil-ks.org\/?author=2"}]}},"_links":{"self":[{"href":"http:\/\/presscouncil-ks.org\/index.php?rest_route=\/wp\/v2\/posts\/14288","targetHints":{"allow":["GET"]}}],"collection":[{"href":"http:\/\/presscouncil-ks.org\/index.php?rest_route=\/wp\/v2\/posts"}],"about":[{"href":"http:\/\/presscouncil-ks.org\/index.php?rest_route=\/wp\/v2\/types\/post"}],"author":[{"embeddable":true,"href":"http:\/\/presscouncil-ks.org\/index.php?rest_route=\/wp\/v2\/users\/2"}],"replies":[{"embeddable":true,"href":"http:\/\/presscouncil-ks.org\/index.php?rest_route=%2Fwp%2Fv2%2Fcomments&post=14288"}],"version-history":[{"count":3,"href":"http:\/\/presscouncil-ks.org\/index.php?rest_route=\/wp\/v2\/posts\/14288\/revisions"}],"predecessor-version":[{"id":16621,"href":"http:\/\/presscouncil-ks.org\/index.php?rest_route=\/wp\/v2\/posts\/14288\/revisions\/16621"}],"wp:featuredmedia":[{"embeddable":true,"href":"http:\/\/presscouncil-ks.org\/index.php?rest_route=\/wp\/v2\/media\/14231"}],"wp:attachment":[{"href":"http:\/\/presscouncil-ks.org\/index.php?rest_route=%2Fwp%2Fv2%2Fmedia&parent=14288"}],"wp:term":[{"taxonomy":"category","embeddable":true,"href":"http:\/\/presscouncil-ks.org\/index.php?rest_route=%2Fwp%2Fv2%2Fcategories&post=14288"},{"taxonomy":"post_tag","embeddable":true,"href":"http:\/\/presscouncil-ks.org\/index.php?rest_route=%2Fwp%2Fv2%2Ftags&post=14288"}],"curies":[{"name":"wp","href":"https:\/\/api.w.org\/{rel}","templated":true}]}}