{"id":14285,"date":"2025-05-15T17:49:22","date_gmt":"2025-05-15T17:49:22","guid":{"rendered":"https:\/\/presscouncil-ks.org\/?p=14285"},"modified":"2025-05-20T19:42:05","modified_gmt":"2025-05-20T19:42:05","slug":"kmshk-organizoi-modulin-e-pare-te-shkolles-se-etikes-se-gazetarise","status":"publish","type":"post","link":"http:\/\/presscouncil-ks.org\/?p=14285","title":{"rendered":"KMShK ORGANIZOI MODULIN E PAR\u00cb T\u00cb SHKOLL\u00cbS S\u00cb ETIK\u00cbS S\u00cb GAZETARIS\u00cb"},"content":{"rendered":"\n<p class=\"wp-block-paragraph\">K\u00ebshilli i Mediave t\u00eb Shkruara t\u00eb Kosov\u00ebs (KMShK), me p\u00ebrkrahjen e Misionit t\u00eb OSBE-s\u00eb n\u00eb Kosov\u00eb, ka organizuar modulin e par\u00eb t\u00eb Shkoll\u00ebs s\u00eb Etik\u00ebs s\u00eb Gazetaris\u00eb. Student\u00eb t\u00eb gazetaris\u00eb gjat\u00eb tri dit\u00ebve pat\u00ebn rastin q\u00eb t\u00eb bisedojn\u00eb me profesionist\u00eb t\u00eb fush\u00ebs p\u00ebr \u00e7\u00ebshtje t\u00eb ndryshme.<\/p>\n\n\n\n<p class=\"wp-block-paragraph\">Flutura Kusari, juriste e s\u00eb drejt\u00ebs s\u00eb medias, foli p\u00ebr legjislacionin q\u00eb rregullon mediat, si dhe mbrojtjen nga shpifja dhe fyerja. Imer Mushkolaj, drejtor ekzekutiv i KMShK-s\u00eb, diskutoi me pjes\u00ebmarr\u00ebsit p\u00ebr respektimin e kodeve t\u00eb etik\u00ebs, si dhe rregullimin dhe vet\u00ebrregullimin e mediave. Kurse Brikenda Rexhepi, kryetare e KMShK-s\u00eb dhe kryeredaktore e Grupit Koha, foli p\u00ebr pun\u00ebn praktike t\u00eb p\u00ebrditshme me gazetar\u00ebt dhe simuloi nj\u00eb mbledhje t\u00eb redaksis\u00eb.&nbsp;<\/p>\n\n\n\n<p class=\"wp-block-paragraph\">Gazetari Xhemajl Rexha diskutoi me student\u00ebt p\u00ebr raportimin n\u00eb koh\u00eb krizash dhe konflikti. Ai solli p\u00ebrvojat e tij t\u00eb pun\u00ebs si gazetar n\u00eb rajone lufte. Kreshnik Gashi nga <a href=\"https:\/\/l.facebook.com\/l.php?u=http%3A%2F%2FKallxo.com%2F%3Ffbclid%3DIwZXh0bgNhZW0CMTAAYnJpZBExSVhMeFh0dmtKd1hENHBPYwEef9ksaBnx3XJ-jwDwubImoChk8U5XGBzwYKXploWs8h_Tvl69SfLUWI__dFo_aem_Jxtl5fi1QWtTa4kybnsiow&amp;h=AT0Axa191tstadXLwlwTvjjguzBuEchYUafnJdZ4eC88jHXuuSfxHujcHAPF6Xw3lmp-gspbeMWPcsT7HrlNW6u_pZZfEAdzZ_oXc5qMDtl0HUo_MMxV1rKq3OOVLKMoi-snR4HyiFx2Svi0&amp;__tn__=-UK-R&amp;c%5b0%5d=AT2PDu8vKkOs0ZGezA3Cte438PSPSXkGVFjB_XpeoesHbzlb2gcLqpxx_od6H-41ck-AvP_WbjvIhdU2UXP57FF71QOPRb2L0m0gZqt4juuukUwCWd1RLWQycZdnPsJsbJ6p5R_59dRTfKRc3_CszWJVPbF8PA_B2ln_L1BvD4YpMd15jGZu4R9TAt1zA_FP2k8VGvLruFg6934kb9JbqIp1pD0\" target=\"_blank\" rel=\"noreferrer noopener\"><strong>Kallxo.com<\/strong><\/a> diskutoi p\u00ebr etik\u00ebn e gazetaris\u00eb gjat\u00eb pun\u00ebs n\u00eb gazetarin\u00eb hulumtuese. Ai prezantoi shembuj konkret\u00eb t\u00eb pun\u00ebs s\u00eb tij si gazetar. Nd\u00ebrkaq Agon Sinanaj nga Buletini Ekonomik diskutoi p\u00ebr raportimin nga fusha e ekonomis\u00eb dhe financave, m\u00ebnyrat e hulumtimit dhe dekonstruktimin e shifrave dhe statistikave. Student\u00ebt propozuan ide t\u00eb cilat do t&#8217;i realizojn\u00eb deri n\u00eb modulin e dyt\u00eb t\u00eb shkoll\u00ebs, n\u00eb kuad\u00ebr t\u00eb gar\u00ebs p\u00ebr shkrimet m\u00eb t\u00eb mira.<\/p>\n\n\n\n<p class=\"wp-block-paragraph\">Alban Zeneli, ligj\u00ebrues n\u00eb Universitetin e Prishtin\u00ebs (UP), foli p\u00ebr gjykimin etik n\u00eb epok\u00ebn e dezinformimit dhe inteligjenc\u00ebs artificiale. Kurse Imer Mushkolaj, bashk\u00eb me pjes\u00ebmarr\u00ebsit e shkoll\u00ebs simuluan pranimin e ankesave dhe adresimin e tyre nga KMSHK, me \u00e7\u2019rast pjes\u00ebmarr\u00ebsit u njoh\u00ebn me p\u00ebrvojat p\u00ebr shqyrtimin e rasteve sipas praktikave standard.<strong><\/strong><\/p>\n\n\n\n<p class=\"wp-block-paragraph\">Moduli i dyt\u00eb i Shkoll\u00ebs s\u00eb Etik\u00ebs s\u00eb Gazetaris\u00eb organizohet n\u00eb qershor.<\/p>\n\n\n\n<figure class=\"wp-block-image size-large\"><img loading=\"lazy\" decoding=\"async\" width=\"1024\" height=\"447\" src=\"https:\/\/presscouncil-ks.org\/wp-content\/uploads\/2025\/05\/SHK-1024x447.jpg\" alt=\"\" class=\"wp-image-14286\" srcset=\"http:\/\/presscouncil-ks.org\/wp-content\/uploads\/2025\/05\/SHK-1024x447.jpg 1024w, http:\/\/presscouncil-ks.org\/wp-content\/uploads\/2025\/05\/SHK-300x131.jpg 300w, http:\/\/presscouncil-ks.org\/wp-content\/uploads\/2025\/05\/SHK-768x335.jpg 768w, http:\/\/presscouncil-ks.org\/wp-content\/uploads\/2025\/05\/SHK-1536x670.jpg 1536w, http:\/\/presscouncil-ks.org\/wp-content\/uploads\/2025\/05\/SHK-2048x894.jpg 2048w\" sizes=\"auto, (max-width: 1024px) 100vw, 1024px\" \/><\/figure>\n","protected":false},"excerpt":{"rendered":"<p>K\u00ebshilli i Mediave t\u00eb Shkruara t\u00eb Kosov\u00ebs (KMShK), me p\u00ebrkrahjen e Misionit t\u00eb OSBE-s\u00eb n\u00eb Kosov\u00eb, ka organizuar modulin e par\u00eb t\u00eb Shkoll\u00ebs s\u00eb Etik\u00ebs s\u00eb Gazetaris\u00eb. Student\u00eb t\u00eb gazetaris\u00eb gjat\u00eb tri dit\u00ebve pat\u00ebn rastin q\u00eb t\u00eb bisedojn\u00eb me profesionist\u00eb t\u00eb fush\u00ebs p\u00ebr \u00e7\u00ebshtje t\u00eb ndryshme. Flutura Kusari, juriste e s\u00eb drejt\u00ebs s\u00eb medias, foli [&hellip;]<\/p>\n","protected":false},"author":2,"featured_media":14289,"comment_status":"open","ping_status":"open","sticky":false,"template":"","format":"standard","meta":{"footnotes":""},"categories":[92],"tags":[],"class_list":["post-14285","post","type-post","status-publish","format-standard","has-post-thumbnail","hentry","category-news-sq"],"acf":{"video_title":"","video":false},"yoast_head":"<!-- This site is optimized with the Yoast SEO plugin v28.3 - https:\/\/yoast.com\/product\/yoast-seo-wordpress\/ -->\n<title>KMShK ORGANIZOI MODULIN E PAR\u00cb T\u00cb SHKOLL\u00cbS S\u00cb ETIK\u00cbS S\u00cb GAZETARIS\u00cb - K\u00ebshilli i Mediave t\u00eb Shkruara t\u00eb Kosov\u00ebs | P\u00ebr nj\u00eb gazetari etike dhe profesionale<\/title>\n<meta name=\"robots\" content=\"index, follow, max-snippet:-1, max-image-preview:large, max-video-preview:-1\" \/>\n<link rel=\"canonical\" href=\"http:\/\/presscouncil-ks.org\/?p=14285\" \/>\n<meta property=\"og:locale\" content=\"en_US\" \/>\n<meta property=\"og:type\" content=\"article\" \/>\n<meta property=\"og:title\" content=\"KMShK ORGANIZOI MODULIN E PAR\u00cb T\u00cb SHKOLL\u00cbS S\u00cb ETIK\u00cbS S\u00cb GAZETARIS\u00cb - K\u00ebshilli i Mediave t\u00eb Shkruara t\u00eb Kosov\u00ebs | P\u00ebr nj\u00eb gazetari etike dhe profesionale\" \/>\n<meta property=\"og:description\" content=\"K\u00ebshilli i Mediave t\u00eb Shkruara t\u00eb Kosov\u00ebs (KMShK), me p\u00ebrkrahjen e Misionit t\u00eb OSBE-s\u00eb n\u00eb Kosov\u00eb, ka organizuar modulin e par\u00eb t\u00eb Shkoll\u00ebs s\u00eb Etik\u00ebs s\u00eb Gazetaris\u00eb. Student\u00eb t\u00eb gazetaris\u00eb gjat\u00eb tri dit\u00ebve pat\u00ebn rastin q\u00eb t\u00eb bisedojn\u00eb me profesionist\u00eb t\u00eb fush\u00ebs p\u00ebr \u00e7\u00ebshtje t\u00eb ndryshme. Flutura Kusari, juriste e s\u00eb drejt\u00ebs s\u00eb medias, foli [&hellip;]\" \/>\n<meta property=\"og:url\" content=\"http:\/\/presscouncil-ks.org\/?p=14285\" \/>\n<meta property=\"og:site_name\" content=\"K\u00ebshilli i Mediave t\u00eb Shkruara t\u00eb Kosov\u00ebs | P\u00ebr nj\u00eb gazetari etike dhe profesionale\" \/>\n<meta property=\"article:publisher\" content=\"https:\/\/www.facebook.com\/KMSHKosove\" \/>\n<meta property=\"article:published_time\" content=\"2025-05-15T17:49:22+00:00\" \/>\n<meta property=\"article:modified_time\" content=\"2025-05-20T19:42:05+00:00\" \/>\n<meta property=\"og:image\" content=\"http:\/\/presscouncil-ks.org\/wp-content\/uploads\/2025\/05\/SHK-1-scaled.jpg\" \/>\n\t<meta property=\"og:image:width\" content=\"2560\" \/>\n\t<meta property=\"og:image:height\" content=\"1117\" \/>\n\t<meta property=\"og:image:type\" content=\"image\/jpeg\" \/>\n<meta name=\"author\" content=\"Editor\" \/>\n<meta name=\"twitter:card\" content=\"summary_large_image\" \/>\n<meta name=\"twitter:label1\" content=\"Written by\" \/>\n\t<meta name=\"twitter:data1\" content=\"Editor\" \/>\n\t<meta name=\"twitter:label2\" content=\"Est. reading time\" \/>\n\t<meta name=\"twitter:data2\" content=\"2 minutes\" \/>\n<script type=\"application\/ld+json\" class=\"yoast-schema-graph\">{\"@context\":\"https:\\\/\\\/schema.org\",\"@graph\":[{\"@type\":\"Article\",\"@id\":\"http:\\\/\\\/presscouncil-ks.org\\\/?p=14285#article\",\"isPartOf\":{\"@id\":\"http:\\\/\\\/presscouncil-ks.org\\\/?p=14285\"},\"author\":{\"name\":\"Editor\",\"@id\":\"http:\\\/\\\/presscouncil-ks.org\\\/#\\\/schema\\\/person\\\/b79d30c61264caeb733239c16cc4d673\"},\"headline\":\"KMShK ORGANIZOI MODULIN E PAR\u00cb T\u00cb SHKOLL\u00cbS S\u00cb ETIK\u00cbS S\u00cb GAZETARIS\u00cb\",\"datePublished\":\"2025-05-15T17:49:22+00:00\",\"dateModified\":\"2025-05-20T19:42:05+00:00\",\"mainEntityOfPage\":{\"@id\":\"http:\\\/\\\/presscouncil-ks.org\\\/?p=14285\"},\"wordCount\":341,\"commentCount\":0,\"publisher\":{\"@id\":\"http:\\\/\\\/presscouncil-ks.org\\\/#organization\"},\"image\":{\"@id\":\"http:\\\/\\\/presscouncil-ks.org\\\/?p=14285#primaryimage\"},\"thumbnailUrl\":\"http:\\\/\\\/presscouncil-ks.org\\\/wp-content\\\/uploads\\\/2025\\\/05\\\/SHK-1-scaled.jpg\",\"articleSection\":[\"Lajm\"],\"inLanguage\":\"en-US\",\"potentialAction\":[{\"@type\":\"CommentAction\",\"name\":\"Comment\",\"target\":[\"http:\\\/\\\/presscouncil-ks.org\\\/?p=14285#respond\"]}]},{\"@type\":\"WebPage\",\"@id\":\"http:\\\/\\\/presscouncil-ks.org\\\/?p=14285\",\"url\":\"http:\\\/\\\/presscouncil-ks.org\\\/?p=14285\",\"name\":\"KMShK ORGANIZOI MODULIN E PAR\u00cb T\u00cb SHKOLL\u00cbS S\u00cb ETIK\u00cbS S\u00cb GAZETARIS\u00cb - K\u00ebshilli i Mediave t\u00eb Shkruara t\u00eb Kosov\u00ebs | P\u00ebr nj\u00eb gazetari etike dhe profesionale\",\"isPartOf\":{\"@id\":\"http:\\\/\\\/presscouncil-ks.org\\\/#website\"},\"primaryImageOfPage\":{\"@id\":\"http:\\\/\\\/presscouncil-ks.org\\\/?p=14285#primaryimage\"},\"image\":{\"@id\":\"http:\\\/\\\/presscouncil-ks.org\\\/?p=14285#primaryimage\"},\"thumbnailUrl\":\"http:\\\/\\\/presscouncil-ks.org\\\/wp-content\\\/uploads\\\/2025\\\/05\\\/SHK-1-scaled.jpg\",\"datePublished\":\"2025-05-15T17:49:22+00:00\",\"dateModified\":\"2025-05-20T19:42:05+00:00\",\"breadcrumb\":{\"@id\":\"http:\\\/\\\/presscouncil-ks.org\\\/?p=14285#breadcrumb\"},\"inLanguage\":\"en-US\",\"potentialAction\":[{\"@type\":\"ReadAction\",\"target\":[\"http:\\\/\\\/presscouncil-ks.org\\\/?p=14285\"]}]},{\"@type\":\"ImageObject\",\"inLanguage\":\"en-US\",\"@id\":\"http:\\\/\\\/presscouncil-ks.org\\\/?p=14285#primaryimage\",\"url\":\"http:\\\/\\\/presscouncil-ks.org\\\/wp-content\\\/uploads\\\/2025\\\/05\\\/SHK-1-scaled.jpg\",\"contentUrl\":\"http:\\\/\\\/presscouncil-ks.org\\\/wp-content\\\/uploads\\\/2025\\\/05\\\/SHK-1-scaled.jpg\",\"width\":2560,\"height\":1117},{\"@type\":\"BreadcrumbList\",\"@id\":\"http:\\\/\\\/presscouncil-ks.org\\\/?p=14285#breadcrumb\",\"itemListElement\":[{\"@type\":\"ListItem\",\"position\":1,\"name\":\"Home\",\"item\":\"https:\\\/\\\/presscouncil-ks.org\\\/\"},{\"@type\":\"ListItem\",\"position\":2,\"name\":\"KMShK ORGANIZOI MODULIN E PAR\u00cb T\u00cb SHKOLL\u00cbS S\u00cb ETIK\u00cbS S\u00cb GAZETARIS\u00cb\"}]},{\"@type\":\"WebSite\",\"@id\":\"http:\\\/\\\/presscouncil-ks.org\\\/#website\",\"url\":\"http:\\\/\\\/presscouncil-ks.org\\\/\",\"name\":\"https:\\\/\\\/presscouncil-ks.org\\\/\",\"description\":\"\",\"publisher\":{\"@id\":\"http:\\\/\\\/presscouncil-ks.org\\\/#organization\"},\"potentialAction\":[{\"@type\":\"SearchAction\",\"target\":{\"@type\":\"EntryPoint\",\"urlTemplate\":\"http:\\\/\\\/presscouncil-ks.org\\\/?s={search_term_string}\"},\"query-input\":{\"@type\":\"PropertyValueSpecification\",\"valueRequired\":true,\"valueName\":\"search_term_string\"}}],\"inLanguage\":\"en-US\"},{\"@type\":\"Organization\",\"@id\":\"http:\\\/\\\/presscouncil-ks.org\\\/#organization\",\"name\":\"K\u00ebshilli i Mediave t\u00eb Shkruara t\u00eb Kosov\u00ebs\",\"url\":\"http:\\\/\\\/presscouncil-ks.org\\\/\",\"logo\":{\"@type\":\"ImageObject\",\"inLanguage\":\"en-US\",\"@id\":\"http:\\\/\\\/presscouncil-ks.org\\\/#\\\/schema\\\/logo\\\/image\\\/\",\"url\":\"http:\\\/\\\/presscouncil-ks.org\\\/wp-content\\\/uploads\\\/2023\\\/06\\\/cropped-logo.png\",\"contentUrl\":\"http:\\\/\\\/presscouncil-ks.org\\\/wp-content\\\/uploads\\\/2023\\\/06\\\/cropped-logo.png\",\"width\":268,\"height\":166,\"caption\":\"K\u00ebshilli i Mediave t\u00eb Shkruara t\u00eb Kosov\u00ebs\"},\"image\":{\"@id\":\"http:\\\/\\\/presscouncil-ks.org\\\/#\\\/schema\\\/logo\\\/image\\\/\"},\"sameAs\":[\"https:\\\/\\\/www.facebook.com\\\/KMSHKosove\"]},{\"@type\":\"Person\",\"@id\":\"http:\\\/\\\/presscouncil-ks.org\\\/#\\\/schema\\\/person\\\/b79d30c61264caeb733239c16cc4d673\",\"name\":\"Editor\",\"image\":{\"@type\":\"ImageObject\",\"inLanguage\":\"en-US\",\"@id\":\"https:\\\/\\\/secure.gravatar.com\\\/avatar\\\/9534865f39e7b3527010ee17196a76d054b16d731a6a5bfe2f92a071c6e9bf4e?s=96&d=mm&r=g\",\"url\":\"https:\\\/\\\/secure.gravatar.com\\\/avatar\\\/9534865f39e7b3527010ee17196a76d054b16d731a6a5bfe2f92a071c6e9bf4e?s=96&d=mm&r=g\",\"contentUrl\":\"https:\\\/\\\/secure.gravatar.com\\\/avatar\\\/9534865f39e7b3527010ee17196a76d054b16d731a6a5bfe2f92a071c6e9bf4e?s=96&d=mm&r=g\",\"caption\":\"Editor\"},\"url\":\"http:\\\/\\\/presscouncil-ks.org\\\/?author=2\"}]}<\/script>\n<!-- \/ Yoast SEO plugin. -->","yoast_head_json":{"title":"KMShK ORGANIZOI MODULIN E PAR\u00cb T\u00cb SHKOLL\u00cbS S\u00cb ETIK\u00cbS S\u00cb GAZETARIS\u00cb - K\u00ebshilli i Mediave t\u00eb Shkruara t\u00eb Kosov\u00ebs | P\u00ebr nj\u00eb gazetari etike dhe profesionale","robots":{"index":"index","follow":"follow","max-snippet":"max-snippet:-1","max-image-preview":"max-image-preview:large","max-video-preview":"max-video-preview:-1"},"canonical":"http:\/\/presscouncil-ks.org\/?p=14285","og_locale":"en_US","og_type":"article","og_title":"KMShK ORGANIZOI MODULIN E PAR\u00cb T\u00cb SHKOLL\u00cbS S\u00cb ETIK\u00cbS S\u00cb GAZETARIS\u00cb - K\u00ebshilli i Mediave t\u00eb Shkruara t\u00eb Kosov\u00ebs | P\u00ebr nj\u00eb gazetari etike dhe profesionale","og_description":"K\u00ebshilli i Mediave t\u00eb Shkruara t\u00eb Kosov\u00ebs (KMShK), me p\u00ebrkrahjen e Misionit t\u00eb OSBE-s\u00eb n\u00eb Kosov\u00eb, ka organizuar modulin e par\u00eb t\u00eb Shkoll\u00ebs s\u00eb Etik\u00ebs s\u00eb Gazetaris\u00eb. Student\u00eb t\u00eb gazetaris\u00eb gjat\u00eb tri dit\u00ebve pat\u00ebn rastin q\u00eb t\u00eb bisedojn\u00eb me profesionist\u00eb t\u00eb fush\u00ebs p\u00ebr \u00e7\u00ebshtje t\u00eb ndryshme. Flutura Kusari, juriste e s\u00eb drejt\u00ebs s\u00eb medias, foli [&hellip;]","og_url":"http:\/\/presscouncil-ks.org\/?p=14285","og_site_name":"K\u00ebshilli i Mediave t\u00eb Shkruara t\u00eb Kosov\u00ebs | P\u00ebr nj\u00eb gazetari etike dhe profesionale","article_publisher":"https:\/\/www.facebook.com\/KMSHKosove","article_published_time":"2025-05-15T17:49:22+00:00","article_modified_time":"2025-05-20T19:42:05+00:00","og_image":[{"width":2560,"height":1117,"url":"http:\/\/presscouncil-ks.org\/wp-content\/uploads\/2025\/05\/SHK-1-scaled.jpg","type":"image\/jpeg"}],"author":"Editor","twitter_card":"summary_large_image","twitter_misc":{"Written by":"Editor","Est. reading time":"2 minutes"},"schema":{"@context":"https:\/\/schema.org","@graph":[{"@type":"Article","@id":"http:\/\/presscouncil-ks.org\/?p=14285#article","isPartOf":{"@id":"http:\/\/presscouncil-ks.org\/?p=14285"},"author":{"name":"Editor","@id":"http:\/\/presscouncil-ks.org\/#\/schema\/person\/b79d30c61264caeb733239c16cc4d673"},"headline":"KMShK ORGANIZOI MODULIN E PAR\u00cb T\u00cb SHKOLL\u00cbS S\u00cb ETIK\u00cbS S\u00cb GAZETARIS\u00cb","datePublished":"2025-05-15T17:49:22+00:00","dateModified":"2025-05-20T19:42:05+00:00","mainEntityOfPage":{"@id":"http:\/\/presscouncil-ks.org\/?p=14285"},"wordCount":341,"commentCount":0,"publisher":{"@id":"http:\/\/presscouncil-ks.org\/#organization"},"image":{"@id":"http:\/\/presscouncil-ks.org\/?p=14285#primaryimage"},"thumbnailUrl":"http:\/\/presscouncil-ks.org\/wp-content\/uploads\/2025\/05\/SHK-1-scaled.jpg","articleSection":["Lajm"],"inLanguage":"en-US","potentialAction":[{"@type":"CommentAction","name":"Comment","target":["http:\/\/presscouncil-ks.org\/?p=14285#respond"]}]},{"@type":"WebPage","@id":"http:\/\/presscouncil-ks.org\/?p=14285","url":"http:\/\/presscouncil-ks.org\/?p=14285","name":"KMShK ORGANIZOI MODULIN E PAR\u00cb T\u00cb SHKOLL\u00cbS S\u00cb ETIK\u00cbS S\u00cb GAZETARIS\u00cb - K\u00ebshilli i Mediave t\u00eb Shkruara t\u00eb Kosov\u00ebs | P\u00ebr nj\u00eb gazetari etike dhe profesionale","isPartOf":{"@id":"http:\/\/presscouncil-ks.org\/#website"},"primaryImageOfPage":{"@id":"http:\/\/presscouncil-ks.org\/?p=14285#primaryimage"},"image":{"@id":"http:\/\/presscouncil-ks.org\/?p=14285#primaryimage"},"thumbnailUrl":"http:\/\/presscouncil-ks.org\/wp-content\/uploads\/2025\/05\/SHK-1-scaled.jpg","datePublished":"2025-05-15T17:49:22+00:00","dateModified":"2025-05-20T19:42:05+00:00","breadcrumb":{"@id":"http:\/\/presscouncil-ks.org\/?p=14285#breadcrumb"},"inLanguage":"en-US","potentialAction":[{"@type":"ReadAction","target":["http:\/\/presscouncil-ks.org\/?p=14285"]}]},{"@type":"ImageObject","inLanguage":"en-US","@id":"http:\/\/presscouncil-ks.org\/?p=14285#primaryimage","url":"http:\/\/presscouncil-ks.org\/wp-content\/uploads\/2025\/05\/SHK-1-scaled.jpg","contentUrl":"http:\/\/presscouncil-ks.org\/wp-content\/uploads\/2025\/05\/SHK-1-scaled.jpg","width":2560,"height":1117},{"@type":"BreadcrumbList","@id":"http:\/\/presscouncil-ks.org\/?p=14285#breadcrumb","itemListElement":[{"@type":"ListItem","position":1,"name":"Home","item":"https:\/\/presscouncil-ks.org\/"},{"@type":"ListItem","position":2,"name":"KMShK ORGANIZOI MODULIN E PAR\u00cb T\u00cb SHKOLL\u00cbS S\u00cb ETIK\u00cbS S\u00cb GAZETARIS\u00cb"}]},{"@type":"WebSite","@id":"http:\/\/presscouncil-ks.org\/#website","url":"http:\/\/presscouncil-ks.org\/","name":"https:\/\/presscouncil-ks.org\/","description":"","publisher":{"@id":"http:\/\/presscouncil-ks.org\/#organization"},"potentialAction":[{"@type":"SearchAction","target":{"@type":"EntryPoint","urlTemplate":"http:\/\/presscouncil-ks.org\/?s={search_term_string}"},"query-input":{"@type":"PropertyValueSpecification","valueRequired":true,"valueName":"search_term_string"}}],"inLanguage":"en-US"},{"@type":"Organization","@id":"http:\/\/presscouncil-ks.org\/#organization","name":"K\u00ebshilli i Mediave t\u00eb Shkruara t\u00eb Kosov\u00ebs","url":"http:\/\/presscouncil-ks.org\/","logo":{"@type":"ImageObject","inLanguage":"en-US","@id":"http:\/\/presscouncil-ks.org\/#\/schema\/logo\/image\/","url":"http:\/\/presscouncil-ks.org\/wp-content\/uploads\/2023\/06\/cropped-logo.png","contentUrl":"http:\/\/presscouncil-ks.org\/wp-content\/uploads\/2023\/06\/cropped-logo.png","width":268,"height":166,"caption":"K\u00ebshilli i Mediave t\u00eb Shkruara t\u00eb Kosov\u00ebs"},"image":{"@id":"http:\/\/presscouncil-ks.org\/#\/schema\/logo\/image\/"},"sameAs":["https:\/\/www.facebook.com\/KMSHKosove"]},{"@type":"Person","@id":"http:\/\/presscouncil-ks.org\/#\/schema\/person\/b79d30c61264caeb733239c16cc4d673","name":"Editor","image":{"@type":"ImageObject","inLanguage":"en-US","@id":"https:\/\/secure.gravatar.com\/avatar\/9534865f39e7b3527010ee17196a76d054b16d731a6a5bfe2f92a071c6e9bf4e?s=96&d=mm&r=g","url":"https:\/\/secure.gravatar.com\/avatar\/9534865f39e7b3527010ee17196a76d054b16d731a6a5bfe2f92a071c6e9bf4e?s=96&d=mm&r=g","contentUrl":"https:\/\/secure.gravatar.com\/avatar\/9534865f39e7b3527010ee17196a76d054b16d731a6a5bfe2f92a071c6e9bf4e?s=96&d=mm&r=g","caption":"Editor"},"url":"http:\/\/presscouncil-ks.org\/?author=2"}]}},"_links":{"self":[{"href":"http:\/\/presscouncil-ks.org\/index.php?rest_route=\/wp\/v2\/posts\/14285","targetHints":{"allow":["GET"]}}],"collection":[{"href":"http:\/\/presscouncil-ks.org\/index.php?rest_route=\/wp\/v2\/posts"}],"about":[{"href":"http:\/\/presscouncil-ks.org\/index.php?rest_route=\/wp\/v2\/types\/post"}],"author":[{"embeddable":true,"href":"http:\/\/presscouncil-ks.org\/index.php?rest_route=\/wp\/v2\/users\/2"}],"replies":[{"embeddable":true,"href":"http:\/\/presscouncil-ks.org\/index.php?rest_route=%2Fwp%2Fv2%2Fcomments&post=14285"}],"version-history":[{"count":1,"href":"http:\/\/presscouncil-ks.org\/index.php?rest_route=\/wp\/v2\/posts\/14285\/revisions"}],"predecessor-version":[{"id":14287,"href":"http:\/\/presscouncil-ks.org\/index.php?rest_route=\/wp\/v2\/posts\/14285\/revisions\/14287"}],"wp:featuredmedia":[{"embeddable":true,"href":"http:\/\/presscouncil-ks.org\/index.php?rest_route=\/wp\/v2\/media\/14289"}],"wp:attachment":[{"href":"http:\/\/presscouncil-ks.org\/index.php?rest_route=%2Fwp%2Fv2%2Fmedia&parent=14285"}],"wp:term":[{"taxonomy":"category","embeddable":true,"href":"http:\/\/presscouncil-ks.org\/index.php?rest_route=%2Fwp%2Fv2%2Fcategories&post=14285"},{"taxonomy":"post_tag","embeddable":true,"href":"http:\/\/presscouncil-ks.org\/index.php?rest_route=%2Fwp%2Fv2%2Ftags&post=14285"}],"curies":[{"name":"wp","href":"https:\/\/api.w.org\/{rel}","templated":true}]}}