{"id":14281,"date":"2025-04-24T19:18:47","date_gmt":"2025-04-24T19:18:47","guid":{"rendered":"https:\/\/presscouncil-ks.org\/?p=14281"},"modified":"2025-05-20T19:46:26","modified_gmt":"2025-05-20T19:46:26","slug":"kuvendi-i-kmshk-se-mori-vendim-per-shtate-ankesa","status":"publish","type":"post","link":"http:\/\/presscouncil-ks.org\/?p=14281","title":{"rendered":"KUVENDI I KMShK-s\u00eb MORI VENDIM P\u00cbR SHTAT\u00cb ANKESA"},"content":{"rendered":"\n<p class=\"wp-block-paragraph\">K\u00ebshilli i Mediave t\u00eb Shkruara t\u00eb Kosov\u00ebs (KMShK) n\u00eb mbledhjen e rregullt ka shqyrtuar gjithsej shtat\u00eb ankesa. An\u00ebtar\u00ebt e Kuvendit t\u00eb KMShK-s\u00eb kan\u00eb vendosur q\u00eb t\u00eb miratohen tri nga to, nj\u00eb t\u00eb miratohet pjes\u00ebrisht dhe tri t\u00eb refuzohen.<\/p>\n\n\n\n<p class=\"wp-block-paragraph\">Ankesat kishin t\u00eb b\u00ebnin me pretendimet p\u00ebr shkeljen e kapitujve t\u00eb caktuar t\u00eb Kodit t\u00eb Mediave t\u00eb Shkruara t\u00eb Kosov\u00ebs, p\u00ebrkat\u00ebsisht Kapitullit II &#8211; Raportimi i s\u00eb v\u00ebrtet\u00ebs, Kapitullit IV \u2013 E drejta p\u00ebr t\u2019u p\u00ebrgjigjur dhe Kapitullit VII &#8211; Privat\u00ebsia dhe mbrojtja e burimeve. <a><\/a><a><\/a><a><\/a><\/p>\n\n\n\n<p class=\"wp-block-paragraph\">KMShK ka miratuar ankes\u00ebn e Post\u00ebs dhe Telekomit t\u00eb Kosov\u00ebs kund\u00ebr Indeksonline.net p\u00ebr <a>shkrimin <\/a>\u201cMenaxhmenti i Telekomit edhe nj\u00eb milion euro p\u00ebr nj\u00eb kompani t\u00eb huaj, a \u00ebsht\u00eb kurdisur?\u201d, duke konstatuar se \u00ebsht\u00eb shkelur Kapitulli II i Kodit t\u00eb Mediave t\u00eb Shkruara t\u00eb Kosov\u00ebs, i cili ka t\u00eb b\u00ebj\u00eb me raportimin e s\u00eb v\u00ebrtet\u00ebs.<\/p>\n\n\n\n<p class=\"wp-block-paragraph\">KMShK ka miratuar ankes\u00ebn e Post\u00ebs dhe Telekomit t\u00eb Kosov\u00ebs kund\u00ebr Indeksonline.net p\u00ebr t\u00eb nj\u00ebjtin shkrim, p\u00ebrkat\u00ebsisht reagimin ndaj shkrimit, duke konstatuar se \u00ebsht\u00eb shkelur Kapitulli IV i Kodit t\u00eb Mediave t\u00eb Shkruara t\u00eb Kosov\u00ebs, i cili ka t\u00eb b\u00ebj\u00eb me t\u00eb drejt\u00ebn p\u00ebr t\u2019u p\u00ebrgjigjur.<\/p>\n\n\n\n<p class=\"wp-block-paragraph\">KMShK ka miratuar ankes\u00ebn e Bleona Kurteshit kund\u00ebr Paparaci.com p\u00ebr publikimin e videos s\u00eb nj\u00eb akti t\u00eb vet\u00ebvrasjes, duke konstatuar se \u00ebsht\u00eb shkelur Kapitulli VII i Kodit t\u00eb Mediave t\u00eb Shkruara t\u00eb Kosov\u00ebs, i cili ka t\u00eb b\u00ebj\u00eb me privat\u00ebsin\u00eb.<\/p>\n\n\n\n<p class=\"wp-block-paragraph\">KMShK ka miratuar pjes\u00ebrisht ankes\u00ebn e Shqipe Mujaj kund\u00ebr Indeksonline.net dhe faqeve n\u00eb Facebook Istogu Sot, Al Press dhe Kanal 10 p\u00ebr shkrimin me titull \u201cArrestohet nj\u00eb m\u00ebsimdh\u00ebn\u00ebse nga Istogu, ia theu krahun kunat\u00ebs s\u00eb saj\u201d, duke konstatuar se \u00ebsht\u00eb shkelur Kapitulli II i Kodit t\u00eb Mediave t\u00eb Shkruara t\u00eb Kosov\u00ebs, i cili ka t\u00eb b\u00ebj\u00eb me raportimin e s\u00eb v\u00ebrtet\u00ebs, por jo edhe Kapitulli VII, i cili ka t\u00eb b\u00ebj\u00eb me privat\u00ebsin\u00eb.<\/p>\n\n\n\n<p class=\"wp-block-paragraph\">KMShK nuk e ka miratuar (e ka hedhur posht\u00eb) ankes\u00ebn e Shpend Haxhibeqirit <a>kund\u00ebr<\/a> Nacionale.com p\u00ebr shkrimin me titull \u201cRaportimet e Nacionales, Shpend Haxhibeqiri s\u2019do t\u00eb jet\u00eb m\u00eb drejtor i IPFK-s\u00eb\u201d, duke konstatuar se nuk \u00ebsht\u00eb shkelur Kapitulli II i Kodit t\u00eb Mediave t\u00eb Shkruara t\u00eb Kosov\u00ebs, si\u00e7 pretendon pala ankuese.<\/p>\n\n\n\n<p class=\"wp-block-paragraph\">KMShK nuk e ka miratuar (e ka hedhur posht\u00eb) ankes\u00ebn e Radio Televizionit t\u00eb Kosov\u00ebs (RTK) kund\u00ebr Reporteri.net p\u00ebr shkrimin me titull \u201cPas vendimit, drejtori i RTK-s\u00eb urdh\u00ebron edhe sigurimin q\u00eb 5 gazetar\u00ebve t\u00eb mos u lejohet hyrja n\u00eb studio p\u00ebr prezantim\u201d, duke konstatuar se nuk jan\u00eb shkelur kapitujt II dhe IV t\u00eb Kodit t\u00eb Mediave t\u00eb Shkruara t\u00eb Kosov\u00ebs, si\u00e7 pretendon pala ankuese.<\/p>\n\n\n\n<p class=\"wp-block-paragraph\">KMShK nuk e ka miratuar (e ka hedhur posht\u00eb) ankes\u00ebn e Driton Kastratit kund\u00ebr Arbresh.info p\u00ebr video lajmin me titull \u201cShoferi i autobusit n\u00eb rrug\u00ebn Gjilan-Prishtin\u00eb b\u00ebn tejkalim n\u00eb vij\u00eb t\u00eb plot\u00eb, rrezikon jet\u00ebn e qytetar\u00ebve\u201d, duke konstatuar se nuk \u00ebsht\u00eb shkelur Kapitulli II i Kodit t\u00eb Mediave t\u00eb Shkruara t\u00eb Kosov\u00ebs, si\u00e7 pretendon pala ankuese.<\/p>\n\n\n\n<h2 class=\"wp-block-heading\">&nbsp;<\/h2>\n\n\n\n<h2 class=\"wp-block-heading\">N\u00eb mbledhjen e rregullt KMShK ka pranuar an\u00ebtar median online Autoportali.com.<\/h2>\n\n\n\n<figure class=\"wp-block-image size-large\"><img loading=\"lazy\" decoding=\"async\" width=\"1024\" height=\"577\" src=\"https:\/\/presscouncil-ks.org\/wp-content\/uploads\/2025\/04\/14-Komunikata-mbledhja-e-bordit-24-prill-2025-b-1-1024x577.jpg\" alt=\"\" class=\"wp-image-14282\" srcset=\"http:\/\/presscouncil-ks.org\/wp-content\/uploads\/2025\/04\/14-Komunikata-mbledhja-e-bordit-24-prill-2025-b-1-1024x577.jpg 1024w, http:\/\/presscouncil-ks.org\/wp-content\/uploads\/2025\/04\/14-Komunikata-mbledhja-e-bordit-24-prill-2025-b-1-300x169.jpg 300w, http:\/\/presscouncil-ks.org\/wp-content\/uploads\/2025\/04\/14-Komunikata-mbledhja-e-bordit-24-prill-2025-b-1-768x432.jpg 768w, http:\/\/presscouncil-ks.org\/wp-content\/uploads\/2025\/04\/14-Komunikata-mbledhja-e-bordit-24-prill-2025-b-1-1536x865.jpg 1536w, http:\/\/presscouncil-ks.org\/wp-content\/uploads\/2025\/04\/14-Komunikata-mbledhja-e-bordit-24-prill-2025-b-1-2048x1153.jpg 2048w\" sizes=\"auto, (max-width: 1024px) 100vw, 1024px\" \/><\/figure>\n","protected":false},"excerpt":{"rendered":"<p>K\u00ebshilli i Mediave t\u00eb Shkruara t\u00eb Kosov\u00ebs (KMShK) n\u00eb mbledhjen e rregullt ka shqyrtuar gjithsej shtat\u00eb ankesa. An\u00ebtar\u00ebt e Kuvendit t\u00eb KMShK-s\u00eb kan\u00eb vendosur q\u00eb t\u00eb miratohen tri nga to, nj\u00eb t\u00eb miratohet pjes\u00ebrisht dhe tri t\u00eb refuzohen. Ankesat kishin t\u00eb b\u00ebnin me pretendimet p\u00ebr shkeljen e kapitujve t\u00eb caktuar t\u00eb Kodit t\u00eb Mediave t\u00eb [&hellip;]<\/p>\n","protected":false},"author":2,"featured_media":14327,"comment_status":"open","ping_status":"open","sticky":false,"template":"","format":"standard","meta":{"footnotes":""},"categories":[92],"tags":[],"class_list":["post-14281","post","type-post","status-publish","format-standard","has-post-thumbnail","hentry","category-news-sq"],"acf":{"video_title":"","video":false},"yoast_head":"<!-- This site is optimized with the Yoast SEO plugin v28.3 - https:\/\/yoast.com\/product\/yoast-seo-wordpress\/ -->\n<title>KUVENDI I KMShK-s\u00eb MORI VENDIM P\u00cbR SHTAT\u00cb ANKESA - K\u00ebshilli i Mediave t\u00eb Shkruara t\u00eb Kosov\u00ebs | P\u00ebr nj\u00eb gazetari etike dhe profesionale<\/title>\n<meta name=\"robots\" content=\"index, follow, max-snippet:-1, max-image-preview:large, max-video-preview:-1\" \/>\n<link rel=\"canonical\" href=\"http:\/\/presscouncil-ks.org\/?p=14281\" \/>\n<meta property=\"og:locale\" content=\"en_US\" \/>\n<meta property=\"og:type\" content=\"article\" \/>\n<meta property=\"og:title\" content=\"KUVENDI I KMShK-s\u00eb MORI VENDIM P\u00cbR SHTAT\u00cb ANKESA - K\u00ebshilli i Mediave t\u00eb Shkruara t\u00eb Kosov\u00ebs | P\u00ebr nj\u00eb gazetari etike dhe profesionale\" \/>\n<meta property=\"og:description\" content=\"K\u00ebshilli i Mediave t\u00eb Shkruara t\u00eb Kosov\u00ebs (KMShK) n\u00eb mbledhjen e rregullt ka shqyrtuar gjithsej shtat\u00eb ankesa. An\u00ebtar\u00ebt e Kuvendit t\u00eb KMShK-s\u00eb kan\u00eb vendosur q\u00eb t\u00eb miratohen tri nga to, nj\u00eb t\u00eb miratohet pjes\u00ebrisht dhe tri t\u00eb refuzohen. Ankesat kishin t\u00eb b\u00ebnin me pretendimet p\u00ebr shkeljen e kapitujve t\u00eb caktuar t\u00eb Kodit t\u00eb Mediave t\u00eb [&hellip;]\" \/>\n<meta property=\"og:url\" content=\"http:\/\/presscouncil-ks.org\/?p=14281\" \/>\n<meta property=\"og:site_name\" content=\"K\u00ebshilli i Mediave t\u00eb Shkruara t\u00eb Kosov\u00ebs | P\u00ebr nj\u00eb gazetari etike dhe profesionale\" \/>\n<meta property=\"article:publisher\" content=\"https:\/\/www.facebook.com\/KMSHKosove\" \/>\n<meta property=\"article:published_time\" content=\"2025-04-24T19:18:47+00:00\" \/>\n<meta property=\"article:modified_time\" content=\"2025-05-20T19:46:26+00:00\" \/>\n<meta property=\"og:image\" content=\"http:\/\/presscouncil-ks.org\/wp-content\/uploads\/2025\/04\/14-Komunikata-mbledhja-e-bordit-24-prill-2025-b-1-1536x865-1.jpg\" \/>\n\t<meta property=\"og:image:width\" content=\"1536\" \/>\n\t<meta property=\"og:image:height\" content=\"865\" \/>\n\t<meta property=\"og:image:type\" content=\"image\/jpeg\" \/>\n<meta name=\"author\" content=\"Editor\" \/>\n<meta name=\"twitter:card\" content=\"summary_large_image\" \/>\n<meta name=\"twitter:label1\" content=\"Written by\" \/>\n\t<meta name=\"twitter:data1\" content=\"Editor\" \/>\n\t<meta name=\"twitter:label2\" content=\"Est. reading time\" \/>\n\t<meta name=\"twitter:data2\" content=\"3 minutes\" \/>\n<script type=\"application\/ld+json\" class=\"yoast-schema-graph\">{\"@context\":\"https:\\\/\\\/schema.org\",\"@graph\":[{\"@type\":\"Article\",\"@id\":\"http:\\\/\\\/presscouncil-ks.org\\\/?p=14281#article\",\"isPartOf\":{\"@id\":\"http:\\\/\\\/presscouncil-ks.org\\\/?p=14281\"},\"author\":{\"name\":\"Editor\",\"@id\":\"http:\\\/\\\/presscouncil-ks.org\\\/#\\\/schema\\\/person\\\/b79d30c61264caeb733239c16cc4d673\"},\"headline\":\"KUVENDI I KMShK-s\u00eb MORI VENDIM P\u00cbR SHTAT\u00cb ANKESA\",\"datePublished\":\"2025-04-24T19:18:47+00:00\",\"dateModified\":\"2025-05-20T19:46:26+00:00\",\"mainEntityOfPage\":{\"@id\":\"http:\\\/\\\/presscouncil-ks.org\\\/?p=14281\"},\"wordCount\":576,\"commentCount\":0,\"publisher\":{\"@id\":\"http:\\\/\\\/presscouncil-ks.org\\\/#organization\"},\"image\":{\"@id\":\"http:\\\/\\\/presscouncil-ks.org\\\/?p=14281#primaryimage\"},\"thumbnailUrl\":\"http:\\\/\\\/presscouncil-ks.org\\\/wp-content\\\/uploads\\\/2025\\\/04\\\/14-Komunikata-mbledhja-e-bordit-24-prill-2025-b-1-1536x865-1.jpg\",\"articleSection\":[\"Lajm\"],\"inLanguage\":\"en-US\",\"potentialAction\":[{\"@type\":\"CommentAction\",\"name\":\"Comment\",\"target\":[\"http:\\\/\\\/presscouncil-ks.org\\\/?p=14281#respond\"]}]},{\"@type\":\"WebPage\",\"@id\":\"http:\\\/\\\/presscouncil-ks.org\\\/?p=14281\",\"url\":\"http:\\\/\\\/presscouncil-ks.org\\\/?p=14281\",\"name\":\"KUVENDI I KMShK-s\u00eb MORI VENDIM P\u00cbR SHTAT\u00cb ANKESA - K\u00ebshilli i Mediave t\u00eb Shkruara t\u00eb Kosov\u00ebs | P\u00ebr nj\u00eb gazetari etike dhe profesionale\",\"isPartOf\":{\"@id\":\"http:\\\/\\\/presscouncil-ks.org\\\/#website\"},\"primaryImageOfPage\":{\"@id\":\"http:\\\/\\\/presscouncil-ks.org\\\/?p=14281#primaryimage\"},\"image\":{\"@id\":\"http:\\\/\\\/presscouncil-ks.org\\\/?p=14281#primaryimage\"},\"thumbnailUrl\":\"http:\\\/\\\/presscouncil-ks.org\\\/wp-content\\\/uploads\\\/2025\\\/04\\\/14-Komunikata-mbledhja-e-bordit-24-prill-2025-b-1-1536x865-1.jpg\",\"datePublished\":\"2025-04-24T19:18:47+00:00\",\"dateModified\":\"2025-05-20T19:46:26+00:00\",\"breadcrumb\":{\"@id\":\"http:\\\/\\\/presscouncil-ks.org\\\/?p=14281#breadcrumb\"},\"inLanguage\":\"en-US\",\"potentialAction\":[{\"@type\":\"ReadAction\",\"target\":[\"http:\\\/\\\/presscouncil-ks.org\\\/?p=14281\"]}]},{\"@type\":\"ImageObject\",\"inLanguage\":\"en-US\",\"@id\":\"http:\\\/\\\/presscouncil-ks.org\\\/?p=14281#primaryimage\",\"url\":\"http:\\\/\\\/presscouncil-ks.org\\\/wp-content\\\/uploads\\\/2025\\\/04\\\/14-Komunikata-mbledhja-e-bordit-24-prill-2025-b-1-1536x865-1.jpg\",\"contentUrl\":\"http:\\\/\\\/presscouncil-ks.org\\\/wp-content\\\/uploads\\\/2025\\\/04\\\/14-Komunikata-mbledhja-e-bordit-24-prill-2025-b-1-1536x865-1.jpg\",\"width\":1536,\"height\":865},{\"@type\":\"BreadcrumbList\",\"@id\":\"http:\\\/\\\/presscouncil-ks.org\\\/?p=14281#breadcrumb\",\"itemListElement\":[{\"@type\":\"ListItem\",\"position\":1,\"name\":\"Home\",\"item\":\"https:\\\/\\\/presscouncil-ks.org\\\/\"},{\"@type\":\"ListItem\",\"position\":2,\"name\":\"KUVENDI I KMShK-s\u00eb MORI VENDIM P\u00cbR SHTAT\u00cb ANKESA\"}]},{\"@type\":\"WebSite\",\"@id\":\"http:\\\/\\\/presscouncil-ks.org\\\/#website\",\"url\":\"http:\\\/\\\/presscouncil-ks.org\\\/\",\"name\":\"https:\\\/\\\/presscouncil-ks.org\\\/\",\"description\":\"\",\"publisher\":{\"@id\":\"http:\\\/\\\/presscouncil-ks.org\\\/#organization\"},\"potentialAction\":[{\"@type\":\"SearchAction\",\"target\":{\"@type\":\"EntryPoint\",\"urlTemplate\":\"http:\\\/\\\/presscouncil-ks.org\\\/?s={search_term_string}\"},\"query-input\":{\"@type\":\"PropertyValueSpecification\",\"valueRequired\":true,\"valueName\":\"search_term_string\"}}],\"inLanguage\":\"en-US\"},{\"@type\":\"Organization\",\"@id\":\"http:\\\/\\\/presscouncil-ks.org\\\/#organization\",\"name\":\"K\u00ebshilli i Mediave t\u00eb Shkruara t\u00eb Kosov\u00ebs\",\"url\":\"http:\\\/\\\/presscouncil-ks.org\\\/\",\"logo\":{\"@type\":\"ImageObject\",\"inLanguage\":\"en-US\",\"@id\":\"http:\\\/\\\/presscouncil-ks.org\\\/#\\\/schema\\\/logo\\\/image\\\/\",\"url\":\"http:\\\/\\\/presscouncil-ks.org\\\/wp-content\\\/uploads\\\/2023\\\/06\\\/cropped-logo.png\",\"contentUrl\":\"http:\\\/\\\/presscouncil-ks.org\\\/wp-content\\\/uploads\\\/2023\\\/06\\\/cropped-logo.png\",\"width\":268,\"height\":166,\"caption\":\"K\u00ebshilli i Mediave t\u00eb Shkruara t\u00eb Kosov\u00ebs\"},\"image\":{\"@id\":\"http:\\\/\\\/presscouncil-ks.org\\\/#\\\/schema\\\/logo\\\/image\\\/\"},\"sameAs\":[\"https:\\\/\\\/www.facebook.com\\\/KMSHKosove\"]},{\"@type\":\"Person\",\"@id\":\"http:\\\/\\\/presscouncil-ks.org\\\/#\\\/schema\\\/person\\\/b79d30c61264caeb733239c16cc4d673\",\"name\":\"Editor\",\"image\":{\"@type\":\"ImageObject\",\"inLanguage\":\"en-US\",\"@id\":\"https:\\\/\\\/secure.gravatar.com\\\/avatar\\\/9534865f39e7b3527010ee17196a76d054b16d731a6a5bfe2f92a071c6e9bf4e?s=96&d=mm&r=g\",\"url\":\"https:\\\/\\\/secure.gravatar.com\\\/avatar\\\/9534865f39e7b3527010ee17196a76d054b16d731a6a5bfe2f92a071c6e9bf4e?s=96&d=mm&r=g\",\"contentUrl\":\"https:\\\/\\\/secure.gravatar.com\\\/avatar\\\/9534865f39e7b3527010ee17196a76d054b16d731a6a5bfe2f92a071c6e9bf4e?s=96&d=mm&r=g\",\"caption\":\"Editor\"},\"url\":\"http:\\\/\\\/presscouncil-ks.org\\\/?author=2\"}]}<\/script>\n<!-- \/ Yoast SEO plugin. -->","yoast_head_json":{"title":"KUVENDI I KMShK-s\u00eb MORI VENDIM P\u00cbR SHTAT\u00cb ANKESA - K\u00ebshilli i Mediave t\u00eb Shkruara t\u00eb Kosov\u00ebs | P\u00ebr nj\u00eb gazetari etike dhe profesionale","robots":{"index":"index","follow":"follow","max-snippet":"max-snippet:-1","max-image-preview":"max-image-preview:large","max-video-preview":"max-video-preview:-1"},"canonical":"http:\/\/presscouncil-ks.org\/?p=14281","og_locale":"en_US","og_type":"article","og_title":"KUVENDI I KMShK-s\u00eb MORI VENDIM P\u00cbR SHTAT\u00cb ANKESA - K\u00ebshilli i Mediave t\u00eb Shkruara t\u00eb Kosov\u00ebs | P\u00ebr nj\u00eb gazetari etike dhe profesionale","og_description":"K\u00ebshilli i Mediave t\u00eb Shkruara t\u00eb Kosov\u00ebs (KMShK) n\u00eb mbledhjen e rregullt ka shqyrtuar gjithsej shtat\u00eb ankesa. An\u00ebtar\u00ebt e Kuvendit t\u00eb KMShK-s\u00eb kan\u00eb vendosur q\u00eb t\u00eb miratohen tri nga to, nj\u00eb t\u00eb miratohet pjes\u00ebrisht dhe tri t\u00eb refuzohen. Ankesat kishin t\u00eb b\u00ebnin me pretendimet p\u00ebr shkeljen e kapitujve t\u00eb caktuar t\u00eb Kodit t\u00eb Mediave t\u00eb [&hellip;]","og_url":"http:\/\/presscouncil-ks.org\/?p=14281","og_site_name":"K\u00ebshilli i Mediave t\u00eb Shkruara t\u00eb Kosov\u00ebs | P\u00ebr nj\u00eb gazetari etike dhe profesionale","article_publisher":"https:\/\/www.facebook.com\/KMSHKosove","article_published_time":"2025-04-24T19:18:47+00:00","article_modified_time":"2025-05-20T19:46:26+00:00","og_image":[{"width":1536,"height":865,"url":"http:\/\/presscouncil-ks.org\/wp-content\/uploads\/2025\/04\/14-Komunikata-mbledhja-e-bordit-24-prill-2025-b-1-1536x865-1.jpg","type":"image\/jpeg"}],"author":"Editor","twitter_card":"summary_large_image","twitter_misc":{"Written by":"Editor","Est. reading time":"3 minutes"},"schema":{"@context":"https:\/\/schema.org","@graph":[{"@type":"Article","@id":"http:\/\/presscouncil-ks.org\/?p=14281#article","isPartOf":{"@id":"http:\/\/presscouncil-ks.org\/?p=14281"},"author":{"name":"Editor","@id":"http:\/\/presscouncil-ks.org\/#\/schema\/person\/b79d30c61264caeb733239c16cc4d673"},"headline":"KUVENDI I KMShK-s\u00eb MORI VENDIM P\u00cbR SHTAT\u00cb ANKESA","datePublished":"2025-04-24T19:18:47+00:00","dateModified":"2025-05-20T19:46:26+00:00","mainEntityOfPage":{"@id":"http:\/\/presscouncil-ks.org\/?p=14281"},"wordCount":576,"commentCount":0,"publisher":{"@id":"http:\/\/presscouncil-ks.org\/#organization"},"image":{"@id":"http:\/\/presscouncil-ks.org\/?p=14281#primaryimage"},"thumbnailUrl":"http:\/\/presscouncil-ks.org\/wp-content\/uploads\/2025\/04\/14-Komunikata-mbledhja-e-bordit-24-prill-2025-b-1-1536x865-1.jpg","articleSection":["Lajm"],"inLanguage":"en-US","potentialAction":[{"@type":"CommentAction","name":"Comment","target":["http:\/\/presscouncil-ks.org\/?p=14281#respond"]}]},{"@type":"WebPage","@id":"http:\/\/presscouncil-ks.org\/?p=14281","url":"http:\/\/presscouncil-ks.org\/?p=14281","name":"KUVENDI I KMShK-s\u00eb MORI VENDIM P\u00cbR SHTAT\u00cb ANKESA - K\u00ebshilli i Mediave t\u00eb Shkruara t\u00eb Kosov\u00ebs | P\u00ebr nj\u00eb gazetari etike dhe profesionale","isPartOf":{"@id":"http:\/\/presscouncil-ks.org\/#website"},"primaryImageOfPage":{"@id":"http:\/\/presscouncil-ks.org\/?p=14281#primaryimage"},"image":{"@id":"http:\/\/presscouncil-ks.org\/?p=14281#primaryimage"},"thumbnailUrl":"http:\/\/presscouncil-ks.org\/wp-content\/uploads\/2025\/04\/14-Komunikata-mbledhja-e-bordit-24-prill-2025-b-1-1536x865-1.jpg","datePublished":"2025-04-24T19:18:47+00:00","dateModified":"2025-05-20T19:46:26+00:00","breadcrumb":{"@id":"http:\/\/presscouncil-ks.org\/?p=14281#breadcrumb"},"inLanguage":"en-US","potentialAction":[{"@type":"ReadAction","target":["http:\/\/presscouncil-ks.org\/?p=14281"]}]},{"@type":"ImageObject","inLanguage":"en-US","@id":"http:\/\/presscouncil-ks.org\/?p=14281#primaryimage","url":"http:\/\/presscouncil-ks.org\/wp-content\/uploads\/2025\/04\/14-Komunikata-mbledhja-e-bordit-24-prill-2025-b-1-1536x865-1.jpg","contentUrl":"http:\/\/presscouncil-ks.org\/wp-content\/uploads\/2025\/04\/14-Komunikata-mbledhja-e-bordit-24-prill-2025-b-1-1536x865-1.jpg","width":1536,"height":865},{"@type":"BreadcrumbList","@id":"http:\/\/presscouncil-ks.org\/?p=14281#breadcrumb","itemListElement":[{"@type":"ListItem","position":1,"name":"Home","item":"https:\/\/presscouncil-ks.org\/"},{"@type":"ListItem","position":2,"name":"KUVENDI I KMShK-s\u00eb MORI VENDIM P\u00cbR SHTAT\u00cb ANKESA"}]},{"@type":"WebSite","@id":"http:\/\/presscouncil-ks.org\/#website","url":"http:\/\/presscouncil-ks.org\/","name":"https:\/\/presscouncil-ks.org\/","description":"","publisher":{"@id":"http:\/\/presscouncil-ks.org\/#organization"},"potentialAction":[{"@type":"SearchAction","target":{"@type":"EntryPoint","urlTemplate":"http:\/\/presscouncil-ks.org\/?s={search_term_string}"},"query-input":{"@type":"PropertyValueSpecification","valueRequired":true,"valueName":"search_term_string"}}],"inLanguage":"en-US"},{"@type":"Organization","@id":"http:\/\/presscouncil-ks.org\/#organization","name":"K\u00ebshilli i Mediave t\u00eb Shkruara t\u00eb Kosov\u00ebs","url":"http:\/\/presscouncil-ks.org\/","logo":{"@type":"ImageObject","inLanguage":"en-US","@id":"http:\/\/presscouncil-ks.org\/#\/schema\/logo\/image\/","url":"http:\/\/presscouncil-ks.org\/wp-content\/uploads\/2023\/06\/cropped-logo.png","contentUrl":"http:\/\/presscouncil-ks.org\/wp-content\/uploads\/2023\/06\/cropped-logo.png","width":268,"height":166,"caption":"K\u00ebshilli i Mediave t\u00eb Shkruara t\u00eb Kosov\u00ebs"},"image":{"@id":"http:\/\/presscouncil-ks.org\/#\/schema\/logo\/image\/"},"sameAs":["https:\/\/www.facebook.com\/KMSHKosove"]},{"@type":"Person","@id":"http:\/\/presscouncil-ks.org\/#\/schema\/person\/b79d30c61264caeb733239c16cc4d673","name":"Editor","image":{"@type":"ImageObject","inLanguage":"en-US","@id":"https:\/\/secure.gravatar.com\/avatar\/9534865f39e7b3527010ee17196a76d054b16d731a6a5bfe2f92a071c6e9bf4e?s=96&d=mm&r=g","url":"https:\/\/secure.gravatar.com\/avatar\/9534865f39e7b3527010ee17196a76d054b16d731a6a5bfe2f92a071c6e9bf4e?s=96&d=mm&r=g","contentUrl":"https:\/\/secure.gravatar.com\/avatar\/9534865f39e7b3527010ee17196a76d054b16d731a6a5bfe2f92a071c6e9bf4e?s=96&d=mm&r=g","caption":"Editor"},"url":"http:\/\/presscouncil-ks.org\/?author=2"}]}},"_links":{"self":[{"href":"http:\/\/presscouncil-ks.org\/index.php?rest_route=\/wp\/v2\/posts\/14281","targetHints":{"allow":["GET"]}}],"collection":[{"href":"http:\/\/presscouncil-ks.org\/index.php?rest_route=\/wp\/v2\/posts"}],"about":[{"href":"http:\/\/presscouncil-ks.org\/index.php?rest_route=\/wp\/v2\/types\/post"}],"author":[{"embeddable":true,"href":"http:\/\/presscouncil-ks.org\/index.php?rest_route=\/wp\/v2\/users\/2"}],"replies":[{"embeddable":true,"href":"http:\/\/presscouncil-ks.org\/index.php?rest_route=%2Fwp%2Fv2%2Fcomments&post=14281"}],"version-history":[{"count":1,"href":"http:\/\/presscouncil-ks.org\/index.php?rest_route=\/wp\/v2\/posts\/14281\/revisions"}],"predecessor-version":[{"id":14283,"href":"http:\/\/presscouncil-ks.org\/index.php?rest_route=\/wp\/v2\/posts\/14281\/revisions\/14283"}],"wp:featuredmedia":[{"embeddable":true,"href":"http:\/\/presscouncil-ks.org\/index.php?rest_route=\/wp\/v2\/media\/14327"}],"wp:attachment":[{"href":"http:\/\/presscouncil-ks.org\/index.php?rest_route=%2Fwp%2Fv2%2Fmedia&parent=14281"}],"wp:term":[{"taxonomy":"category","embeddable":true,"href":"http:\/\/presscouncil-ks.org\/index.php?rest_route=%2Fwp%2Fv2%2Fcategories&post=14281"},{"taxonomy":"post_tag","embeddable":true,"href":"http:\/\/presscouncil-ks.org\/index.php?rest_route=%2Fwp%2Fv2%2Ftags&post=14281"}],"curies":[{"name":"wp","href":"https:\/\/api.w.org\/{rel}","templated":true}]}}