{"id":14241,"date":"2025-04-22T15:57:26","date_gmt":"2025-04-22T15:57:26","guid":{"rendered":"https:\/\/presscouncil-ks.org\/?p=14241"},"modified":"2025-05-20T20:20:58","modified_gmt":"2025-05-20T20:20:58","slug":"thirrje-per-aplikim-shkolla-e-etikes-se-gazetarise","status":"publish","type":"post","link":"http:\/\/presscouncil-ks.org\/?p=14241","title":{"rendered":"THIRRJE P\u00cbR APLIKIM: SHKOLLA E ETIK\u00cbS S\u00cb GAZETARIS\u00cb"},"content":{"rendered":"\n<p class=\"wp-block-paragraph\">K\u00ebshilli i Mediave t\u00eb Shkruara t\u00eb Kosov\u00ebs (KMShK), n\u00eb bashk\u00ebpunim dhe me mb\u00ebshtetjen e Misionit t\u00eb OSBE-s\u00eb n\u00eb Kosov\u00eb, organizon Shkoll\u00ebn e Etik\u00ebs s\u00eb Gazetaris\u00eb p\u00ebr student\u00eb t\u00eb gazetaris\u00eb, gazetar\u00eb t\u00eb rinj dhe t\u00eb interesuar t\u00eb tjer\u00eb.<\/p>\n\n\n\n<p class=\"wp-block-paragraph\">Shkolla do t\u00eb organizohet n\u00eb dy module. Moduli i par\u00eb do t\u00eb mbahet m\u00eb 13, 14 dhe 15 maj 2025, dhe do t\u00eb ligj\u00ebrojn\u00eb gazetar\u00eb t\u00eb njohur dhe ekspert\u00eb t\u00eb fush\u00ebs s\u00eb mediave. Moduli i dyt\u00eb do t\u00eb mbahet m\u00eb 3, 4 dhe 5 qershor.<\/p>\n\n\n\n<p class=\"wp-block-paragraph\">Kushtet p\u00ebr aplikim<\/p>\n\n\n\n<p class=\"wp-block-paragraph\">P\u00ebr t\u00eb qen\u00eb pjes\u00eb e k\u00ebsaj shkolle, kandidat\u00ebt duhet t\u00eb plot\u00ebsojn\u00eb kushtet n\u00eb vijim:<\/p>\n\n\n\n<p class=\"wp-block-paragraph\">\u2022 T\u00eb jen\u00eb student\u00eb t\u00eb gazetaris\u00eb, gazetar\u00eb t\u00eb rinj, ose student\u00eb t\u00eb drejtimeve t\u00eb tjera t\u00eb interesuar p\u00ebr gazetari.<\/p>\n\n\n\n<p class=\"wp-block-paragraph\">\u2022 T\u00eb jen\u00eb t\u00eb interesuar n\u00eb temat dhe \u00e7\u00ebshtjet aktuale t\u00eb etik\u00ebs s\u00eb gazetaris\u00eb.<\/p>\n\n\n\n<p class=\"wp-block-paragraph\">Pjes\u00eb e k\u00ebtij moduli do t\u00eb jet\u00eb realizimi i disa storieve n\u00eb grupe, p\u00ebr nj\u00eb tem\u00eb t\u00eb caktuar, t\u00eb cilat do t\u00eb prezantohen n\u00eb modulin e dyt\u00eb. Storia m\u00eb e mir\u00eb do t\u00eb shp\u00ebrblehet me nj\u00eb \u00e7mim simbolik.<\/p>\n\n\n\n<p class=\"wp-block-paragraph\">T\u00eb interesuarit p\u00ebr t\u00eb qen\u00eb pjes\u00eb e k\u00ebsaj shkolle duhet t\u00eb d\u00ebrgojn\u00eb aplikimin n\u00eb adres\u00ebn e-emailit: presscouncil.kosovo@gmail.com duke p\u00ebrfshir\u00eb emrin dhe mbiemrin, institucionin n\u00eb t\u00eb cilin studiojn\u00eb ose punojn\u00eb, si dhe numrin e telefonit.<\/p>\n\n\n\n<p class=\"wp-block-paragraph\">Afati i fundit p\u00ebr aplikim \u00ebsht\u00eb data 30 prill 2025.<\/p>\n","protected":false},"excerpt":{"rendered":"<p>K\u00ebshilli i Mediave t\u00eb Shkruara t\u00eb Kosov\u00ebs (KMShK), n\u00eb bashk\u00ebpunim dhe me mb\u00ebshtetjen e Misionit t\u00eb OSBE-s\u00eb n\u00eb Kosov\u00eb, organizon Shkoll\u00ebn e Etik\u00ebs s\u00eb Gazetaris\u00eb p\u00ebr student\u00eb t\u00eb gazetaris\u00eb, gazetar\u00eb t\u00eb rinj dhe t\u00eb interesuar t\u00eb tjer\u00eb. Shkolla do t\u00eb organizohet n\u00eb dy module. Moduli i par\u00eb do t\u00eb mbahet m\u00eb 13, 14 dhe 15 [&hellip;]<\/p>\n","protected":false},"author":2,"featured_media":14332,"comment_status":"open","ping_status":"open","sticky":false,"template":"","format":"standard","meta":{"footnotes":""},"categories":[92],"tags":[],"class_list":["post-14241","post","type-post","status-publish","format-standard","has-post-thumbnail","hentry","category-news-sq"],"acf":{"video_title":"","video":false},"yoast_head":"<!-- This site is optimized with the Yoast SEO plugin v28.3 - https:\/\/yoast.com\/product\/yoast-seo-wordpress\/ -->\n<title>THIRRJE P\u00cbR APLIKIM: SHKOLLA E ETIK\u00cbS S\u00cb GAZETARIS\u00cb - K\u00ebshilli i Mediave t\u00eb Shkruara t\u00eb Kosov\u00ebs | P\u00ebr nj\u00eb gazetari etike dhe profesionale<\/title>\n<meta name=\"robots\" content=\"index, follow, max-snippet:-1, max-image-preview:large, max-video-preview:-1\" \/>\n<link rel=\"canonical\" href=\"http:\/\/presscouncil-ks.org\/?p=14241\" \/>\n<meta property=\"og:locale\" content=\"en_US\" \/>\n<meta property=\"og:type\" content=\"article\" \/>\n<meta property=\"og:title\" content=\"THIRRJE P\u00cbR APLIKIM: SHKOLLA E ETIK\u00cbS S\u00cb GAZETARIS\u00cb - K\u00ebshilli i Mediave t\u00eb Shkruara t\u00eb Kosov\u00ebs | P\u00ebr nj\u00eb gazetari etike dhe profesionale\" \/>\n<meta property=\"og:description\" content=\"K\u00ebshilli i Mediave t\u00eb Shkruara t\u00eb Kosov\u00ebs (KMShK), n\u00eb bashk\u00ebpunim dhe me mb\u00ebshtetjen e Misionit t\u00eb OSBE-s\u00eb n\u00eb Kosov\u00eb, organizon Shkoll\u00ebn e Etik\u00ebs s\u00eb Gazetaris\u00eb p\u00ebr student\u00eb t\u00eb gazetaris\u00eb, gazetar\u00eb t\u00eb rinj dhe t\u00eb interesuar t\u00eb tjer\u00eb. Shkolla do t\u00eb organizohet n\u00eb dy module. Moduli i par\u00eb do t\u00eb mbahet m\u00eb 13, 14 dhe 15 [&hellip;]\" \/>\n<meta property=\"og:url\" content=\"http:\/\/presscouncil-ks.org\/?p=14241\" \/>\n<meta property=\"og:site_name\" content=\"K\u00ebshilli i Mediave t\u00eb Shkruara t\u00eb Kosov\u00ebs | P\u00ebr nj\u00eb gazetari etike dhe profesionale\" \/>\n<meta property=\"article:publisher\" content=\"https:\/\/www.facebook.com\/KMSHKosove\" \/>\n<meta property=\"article:published_time\" content=\"2025-04-22T15:57:26+00:00\" \/>\n<meta property=\"article:modified_time\" content=\"2025-05-20T20:20:58+00:00\" \/>\n<meta property=\"og:image\" content=\"http:\/\/presscouncil-ks.org\/wp-content\/uploads\/2025\/04\/code-of-ethics-eb.jpg\" \/>\n\t<meta property=\"og:image:width\" content=\"474\" \/>\n\t<meta property=\"og:image:height\" content=\"316\" \/>\n\t<meta property=\"og:image:type\" content=\"image\/jpeg\" \/>\n<meta name=\"author\" content=\"Editor\" \/>\n<meta name=\"twitter:card\" content=\"summary_large_image\" \/>\n<meta name=\"twitter:label1\" content=\"Written by\" \/>\n\t<meta name=\"twitter:data1\" content=\"Editor\" \/>\n\t<meta name=\"twitter:label2\" content=\"Est. reading time\" \/>\n\t<meta name=\"twitter:data2\" content=\"1 minute\" \/>\n<script type=\"application\/ld+json\" class=\"yoast-schema-graph\">{\"@context\":\"https:\\\/\\\/schema.org\",\"@graph\":[{\"@type\":\"Article\",\"@id\":\"http:\\\/\\\/presscouncil-ks.org\\\/?p=14241#article\",\"isPartOf\":{\"@id\":\"http:\\\/\\\/presscouncil-ks.org\\\/?p=14241\"},\"author\":{\"name\":\"Editor\",\"@id\":\"http:\\\/\\\/presscouncil-ks.org\\\/#\\\/schema\\\/person\\\/b79d30c61264caeb733239c16cc4d673\"},\"headline\":\"THIRRJE P\u00cbR APLIKIM: SHKOLLA E ETIK\u00cbS S\u00cb GAZETARIS\u00cb\",\"datePublished\":\"2025-04-22T15:57:26+00:00\",\"dateModified\":\"2025-05-20T20:20:58+00:00\",\"mainEntityOfPage\":{\"@id\":\"http:\\\/\\\/presscouncil-ks.org\\\/?p=14241\"},\"wordCount\":241,\"commentCount\":0,\"publisher\":{\"@id\":\"http:\\\/\\\/presscouncil-ks.org\\\/#organization\"},\"image\":{\"@id\":\"http:\\\/\\\/presscouncil-ks.org\\\/?p=14241#primaryimage\"},\"thumbnailUrl\":\"http:\\\/\\\/presscouncil-ks.org\\\/wp-content\\\/uploads\\\/2025\\\/04\\\/code-of-ethics-eb.jpg\",\"articleSection\":[\"Lajm\"],\"inLanguage\":\"en-US\",\"potentialAction\":[{\"@type\":\"CommentAction\",\"name\":\"Comment\",\"target\":[\"http:\\\/\\\/presscouncil-ks.org\\\/?p=14241#respond\"]}]},{\"@type\":\"WebPage\",\"@id\":\"http:\\\/\\\/presscouncil-ks.org\\\/?p=14241\",\"url\":\"http:\\\/\\\/presscouncil-ks.org\\\/?p=14241\",\"name\":\"THIRRJE P\u00cbR APLIKIM: SHKOLLA E ETIK\u00cbS S\u00cb GAZETARIS\u00cb - K\u00ebshilli i Mediave t\u00eb Shkruara t\u00eb Kosov\u00ebs | P\u00ebr nj\u00eb gazetari etike dhe profesionale\",\"isPartOf\":{\"@id\":\"http:\\\/\\\/presscouncil-ks.org\\\/#website\"},\"primaryImageOfPage\":{\"@id\":\"http:\\\/\\\/presscouncil-ks.org\\\/?p=14241#primaryimage\"},\"image\":{\"@id\":\"http:\\\/\\\/presscouncil-ks.org\\\/?p=14241#primaryimage\"},\"thumbnailUrl\":\"http:\\\/\\\/presscouncil-ks.org\\\/wp-content\\\/uploads\\\/2025\\\/04\\\/code-of-ethics-eb.jpg\",\"datePublished\":\"2025-04-22T15:57:26+00:00\",\"dateModified\":\"2025-05-20T20:20:58+00:00\",\"breadcrumb\":{\"@id\":\"http:\\\/\\\/presscouncil-ks.org\\\/?p=14241#breadcrumb\"},\"inLanguage\":\"en-US\",\"potentialAction\":[{\"@type\":\"ReadAction\",\"target\":[\"http:\\\/\\\/presscouncil-ks.org\\\/?p=14241\"]}]},{\"@type\":\"ImageObject\",\"inLanguage\":\"en-US\",\"@id\":\"http:\\\/\\\/presscouncil-ks.org\\\/?p=14241#primaryimage\",\"url\":\"http:\\\/\\\/presscouncil-ks.org\\\/wp-content\\\/uploads\\\/2025\\\/04\\\/code-of-ethics-eb.jpg\",\"contentUrl\":\"http:\\\/\\\/presscouncil-ks.org\\\/wp-content\\\/uploads\\\/2025\\\/04\\\/code-of-ethics-eb.jpg\",\"width\":474,\"height\":316},{\"@type\":\"BreadcrumbList\",\"@id\":\"http:\\\/\\\/presscouncil-ks.org\\\/?p=14241#breadcrumb\",\"itemListElement\":[{\"@type\":\"ListItem\",\"position\":1,\"name\":\"Home\",\"item\":\"https:\\\/\\\/presscouncil-ks.org\\\/\"},{\"@type\":\"ListItem\",\"position\":2,\"name\":\"THIRRJE P\u00cbR APLIKIM: SHKOLLA E ETIK\u00cbS S\u00cb GAZETARIS\u00cb\"}]},{\"@type\":\"WebSite\",\"@id\":\"http:\\\/\\\/presscouncil-ks.org\\\/#website\",\"url\":\"http:\\\/\\\/presscouncil-ks.org\\\/\",\"name\":\"https:\\\/\\\/presscouncil-ks.org\\\/\",\"description\":\"\",\"publisher\":{\"@id\":\"http:\\\/\\\/presscouncil-ks.org\\\/#organization\"},\"potentialAction\":[{\"@type\":\"SearchAction\",\"target\":{\"@type\":\"EntryPoint\",\"urlTemplate\":\"http:\\\/\\\/presscouncil-ks.org\\\/?s={search_term_string}\"},\"query-input\":{\"@type\":\"PropertyValueSpecification\",\"valueRequired\":true,\"valueName\":\"search_term_string\"}}],\"inLanguage\":\"en-US\"},{\"@type\":\"Organization\",\"@id\":\"http:\\\/\\\/presscouncil-ks.org\\\/#organization\",\"name\":\"K\u00ebshilli i Mediave t\u00eb Shkruara t\u00eb Kosov\u00ebs\",\"url\":\"http:\\\/\\\/presscouncil-ks.org\\\/\",\"logo\":{\"@type\":\"ImageObject\",\"inLanguage\":\"en-US\",\"@id\":\"http:\\\/\\\/presscouncil-ks.org\\\/#\\\/schema\\\/logo\\\/image\\\/\",\"url\":\"http:\\\/\\\/presscouncil-ks.org\\\/wp-content\\\/uploads\\\/2023\\\/06\\\/cropped-logo.png\",\"contentUrl\":\"http:\\\/\\\/presscouncil-ks.org\\\/wp-content\\\/uploads\\\/2023\\\/06\\\/cropped-logo.png\",\"width\":268,\"height\":166,\"caption\":\"K\u00ebshilli i Mediave t\u00eb Shkruara t\u00eb Kosov\u00ebs\"},\"image\":{\"@id\":\"http:\\\/\\\/presscouncil-ks.org\\\/#\\\/schema\\\/logo\\\/image\\\/\"},\"sameAs\":[\"https:\\\/\\\/www.facebook.com\\\/KMSHKosove\"]},{\"@type\":\"Person\",\"@id\":\"http:\\\/\\\/presscouncil-ks.org\\\/#\\\/schema\\\/person\\\/b79d30c61264caeb733239c16cc4d673\",\"name\":\"Editor\",\"image\":{\"@type\":\"ImageObject\",\"inLanguage\":\"en-US\",\"@id\":\"https:\\\/\\\/secure.gravatar.com\\\/avatar\\\/9534865f39e7b3527010ee17196a76d054b16d731a6a5bfe2f92a071c6e9bf4e?s=96&d=mm&r=g\",\"url\":\"https:\\\/\\\/secure.gravatar.com\\\/avatar\\\/9534865f39e7b3527010ee17196a76d054b16d731a6a5bfe2f92a071c6e9bf4e?s=96&d=mm&r=g\",\"contentUrl\":\"https:\\\/\\\/secure.gravatar.com\\\/avatar\\\/9534865f39e7b3527010ee17196a76d054b16d731a6a5bfe2f92a071c6e9bf4e?s=96&d=mm&r=g\",\"caption\":\"Editor\"},\"url\":\"http:\\\/\\\/presscouncil-ks.org\\\/?author=2\"}]}<\/script>\n<!-- \/ Yoast SEO plugin. -->","yoast_head_json":{"title":"THIRRJE P\u00cbR APLIKIM: SHKOLLA E ETIK\u00cbS S\u00cb GAZETARIS\u00cb - K\u00ebshilli i Mediave t\u00eb Shkruara t\u00eb Kosov\u00ebs | P\u00ebr nj\u00eb gazetari etike dhe profesionale","robots":{"index":"index","follow":"follow","max-snippet":"max-snippet:-1","max-image-preview":"max-image-preview:large","max-video-preview":"max-video-preview:-1"},"canonical":"http:\/\/presscouncil-ks.org\/?p=14241","og_locale":"en_US","og_type":"article","og_title":"THIRRJE P\u00cbR APLIKIM: SHKOLLA E ETIK\u00cbS S\u00cb GAZETARIS\u00cb - K\u00ebshilli i Mediave t\u00eb Shkruara t\u00eb Kosov\u00ebs | P\u00ebr nj\u00eb gazetari etike dhe profesionale","og_description":"K\u00ebshilli i Mediave t\u00eb Shkruara t\u00eb Kosov\u00ebs (KMShK), n\u00eb bashk\u00ebpunim dhe me mb\u00ebshtetjen e Misionit t\u00eb OSBE-s\u00eb n\u00eb Kosov\u00eb, organizon Shkoll\u00ebn e Etik\u00ebs s\u00eb Gazetaris\u00eb p\u00ebr student\u00eb t\u00eb gazetaris\u00eb, gazetar\u00eb t\u00eb rinj dhe t\u00eb interesuar t\u00eb tjer\u00eb. Shkolla do t\u00eb organizohet n\u00eb dy module. Moduli i par\u00eb do t\u00eb mbahet m\u00eb 13, 14 dhe 15 [&hellip;]","og_url":"http:\/\/presscouncil-ks.org\/?p=14241","og_site_name":"K\u00ebshilli i Mediave t\u00eb Shkruara t\u00eb Kosov\u00ebs | P\u00ebr nj\u00eb gazetari etike dhe profesionale","article_publisher":"https:\/\/www.facebook.com\/KMSHKosove","article_published_time":"2025-04-22T15:57:26+00:00","article_modified_time":"2025-05-20T20:20:58+00:00","og_image":[{"width":474,"height":316,"url":"http:\/\/presscouncil-ks.org\/wp-content\/uploads\/2025\/04\/code-of-ethics-eb.jpg","type":"image\/jpeg"}],"author":"Editor","twitter_card":"summary_large_image","twitter_misc":{"Written by":"Editor","Est. reading time":"1 minute"},"schema":{"@context":"https:\/\/schema.org","@graph":[{"@type":"Article","@id":"http:\/\/presscouncil-ks.org\/?p=14241#article","isPartOf":{"@id":"http:\/\/presscouncil-ks.org\/?p=14241"},"author":{"name":"Editor","@id":"http:\/\/presscouncil-ks.org\/#\/schema\/person\/b79d30c61264caeb733239c16cc4d673"},"headline":"THIRRJE P\u00cbR APLIKIM: SHKOLLA E ETIK\u00cbS S\u00cb GAZETARIS\u00cb","datePublished":"2025-04-22T15:57:26+00:00","dateModified":"2025-05-20T20:20:58+00:00","mainEntityOfPage":{"@id":"http:\/\/presscouncil-ks.org\/?p=14241"},"wordCount":241,"commentCount":0,"publisher":{"@id":"http:\/\/presscouncil-ks.org\/#organization"},"image":{"@id":"http:\/\/presscouncil-ks.org\/?p=14241#primaryimage"},"thumbnailUrl":"http:\/\/presscouncil-ks.org\/wp-content\/uploads\/2025\/04\/code-of-ethics-eb.jpg","articleSection":["Lajm"],"inLanguage":"en-US","potentialAction":[{"@type":"CommentAction","name":"Comment","target":["http:\/\/presscouncil-ks.org\/?p=14241#respond"]}]},{"@type":"WebPage","@id":"http:\/\/presscouncil-ks.org\/?p=14241","url":"http:\/\/presscouncil-ks.org\/?p=14241","name":"THIRRJE P\u00cbR APLIKIM: SHKOLLA E ETIK\u00cbS S\u00cb GAZETARIS\u00cb - K\u00ebshilli i Mediave t\u00eb Shkruara t\u00eb Kosov\u00ebs | P\u00ebr nj\u00eb gazetari etike dhe profesionale","isPartOf":{"@id":"http:\/\/presscouncil-ks.org\/#website"},"primaryImageOfPage":{"@id":"http:\/\/presscouncil-ks.org\/?p=14241#primaryimage"},"image":{"@id":"http:\/\/presscouncil-ks.org\/?p=14241#primaryimage"},"thumbnailUrl":"http:\/\/presscouncil-ks.org\/wp-content\/uploads\/2025\/04\/code-of-ethics-eb.jpg","datePublished":"2025-04-22T15:57:26+00:00","dateModified":"2025-05-20T20:20:58+00:00","breadcrumb":{"@id":"http:\/\/presscouncil-ks.org\/?p=14241#breadcrumb"},"inLanguage":"en-US","potentialAction":[{"@type":"ReadAction","target":["http:\/\/presscouncil-ks.org\/?p=14241"]}]},{"@type":"ImageObject","inLanguage":"en-US","@id":"http:\/\/presscouncil-ks.org\/?p=14241#primaryimage","url":"http:\/\/presscouncil-ks.org\/wp-content\/uploads\/2025\/04\/code-of-ethics-eb.jpg","contentUrl":"http:\/\/presscouncil-ks.org\/wp-content\/uploads\/2025\/04\/code-of-ethics-eb.jpg","width":474,"height":316},{"@type":"BreadcrumbList","@id":"http:\/\/presscouncil-ks.org\/?p=14241#breadcrumb","itemListElement":[{"@type":"ListItem","position":1,"name":"Home","item":"https:\/\/presscouncil-ks.org\/"},{"@type":"ListItem","position":2,"name":"THIRRJE P\u00cbR APLIKIM: SHKOLLA E ETIK\u00cbS S\u00cb GAZETARIS\u00cb"}]},{"@type":"WebSite","@id":"http:\/\/presscouncil-ks.org\/#website","url":"http:\/\/presscouncil-ks.org\/","name":"https:\/\/presscouncil-ks.org\/","description":"","publisher":{"@id":"http:\/\/presscouncil-ks.org\/#organization"},"potentialAction":[{"@type":"SearchAction","target":{"@type":"EntryPoint","urlTemplate":"http:\/\/presscouncil-ks.org\/?s={search_term_string}"},"query-input":{"@type":"PropertyValueSpecification","valueRequired":true,"valueName":"search_term_string"}}],"inLanguage":"en-US"},{"@type":"Organization","@id":"http:\/\/presscouncil-ks.org\/#organization","name":"K\u00ebshilli i Mediave t\u00eb Shkruara t\u00eb Kosov\u00ebs","url":"http:\/\/presscouncil-ks.org\/","logo":{"@type":"ImageObject","inLanguage":"en-US","@id":"http:\/\/presscouncil-ks.org\/#\/schema\/logo\/image\/","url":"http:\/\/presscouncil-ks.org\/wp-content\/uploads\/2023\/06\/cropped-logo.png","contentUrl":"http:\/\/presscouncil-ks.org\/wp-content\/uploads\/2023\/06\/cropped-logo.png","width":268,"height":166,"caption":"K\u00ebshilli i Mediave t\u00eb Shkruara t\u00eb Kosov\u00ebs"},"image":{"@id":"http:\/\/presscouncil-ks.org\/#\/schema\/logo\/image\/"},"sameAs":["https:\/\/www.facebook.com\/KMSHKosove"]},{"@type":"Person","@id":"http:\/\/presscouncil-ks.org\/#\/schema\/person\/b79d30c61264caeb733239c16cc4d673","name":"Editor","image":{"@type":"ImageObject","inLanguage":"en-US","@id":"https:\/\/secure.gravatar.com\/avatar\/9534865f39e7b3527010ee17196a76d054b16d731a6a5bfe2f92a071c6e9bf4e?s=96&d=mm&r=g","url":"https:\/\/secure.gravatar.com\/avatar\/9534865f39e7b3527010ee17196a76d054b16d731a6a5bfe2f92a071c6e9bf4e?s=96&d=mm&r=g","contentUrl":"https:\/\/secure.gravatar.com\/avatar\/9534865f39e7b3527010ee17196a76d054b16d731a6a5bfe2f92a071c6e9bf4e?s=96&d=mm&r=g","caption":"Editor"},"url":"http:\/\/presscouncil-ks.org\/?author=2"}]}},"_links":{"self":[{"href":"http:\/\/presscouncil-ks.org\/index.php?rest_route=\/wp\/v2\/posts\/14241","targetHints":{"allow":["GET"]}}],"collection":[{"href":"http:\/\/presscouncil-ks.org\/index.php?rest_route=\/wp\/v2\/posts"}],"about":[{"href":"http:\/\/presscouncil-ks.org\/index.php?rest_route=\/wp\/v2\/types\/post"}],"author":[{"embeddable":true,"href":"http:\/\/presscouncil-ks.org\/index.php?rest_route=\/wp\/v2\/users\/2"}],"replies":[{"embeddable":true,"href":"http:\/\/presscouncil-ks.org\/index.php?rest_route=%2Fwp%2Fv2%2Fcomments&post=14241"}],"version-history":[{"count":1,"href":"http:\/\/presscouncil-ks.org\/index.php?rest_route=\/wp\/v2\/posts\/14241\/revisions"}],"predecessor-version":[{"id":14242,"href":"http:\/\/presscouncil-ks.org\/index.php?rest_route=\/wp\/v2\/posts\/14241\/revisions\/14242"}],"wp:featuredmedia":[{"embeddable":true,"href":"http:\/\/presscouncil-ks.org\/index.php?rest_route=\/wp\/v2\/media\/14332"}],"wp:attachment":[{"href":"http:\/\/presscouncil-ks.org\/index.php?rest_route=%2Fwp%2Fv2%2Fmedia&parent=14241"}],"wp:term":[{"taxonomy":"category","embeddable":true,"href":"http:\/\/presscouncil-ks.org\/index.php?rest_route=%2Fwp%2Fv2%2Fcategories&post=14241"},{"taxonomy":"post_tag","embeddable":true,"href":"http:\/\/presscouncil-ks.org\/index.php?rest_route=%2Fwp%2Fv2%2Ftags&post=14241"}],"curies":[{"name":"wp","href":"https:\/\/api.w.org\/{rel}","templated":true}]}}