{"id":14238,"date":"2025-04-22T15:56:34","date_gmt":"2025-04-22T15:56:34","guid":{"rendered":"https:\/\/presscouncil-ks.org\/?p=14238"},"modified":"2025-07-16T13:47:14","modified_gmt":"2025-07-16T13:47:14","slug":"mars-keshilli-i-mediave-te-shkruara-mori-vendim-per-gjashte-ankesa","status":"publish","type":"post","link":"http:\/\/presscouncil-ks.org\/?p=14238","title":{"rendered":"Mars: K\u00cbSHILLI I MEDIAVE T\u00cb SHKRUARA MORI VENDIM P\u00cbR GJASHT\u00cb ANKESA"},"content":{"rendered":"\r\n<p class=\"wp-block-paragraph\">K\u00ebshilli i Mediave t\u00eb Shkruara t\u00eb Kosov\u00ebs (KMShK) n\u00eb mbledhjen e rregullt ka shqyrtuar gjithsej gjasht\u00eb ankesa. An\u00ebtar\u00ebt e Kuvendit t\u00eb KMShK-s\u00eb kan\u00eb vendosur q\u00eb t\u00eb miratohen tri nga to, dy t\u00eb refuzohen dhe nj\u00eb t\u00eb shpallet e paafatshme.<\/p>\r\n\r\n\r\n\r\n<p class=\"wp-block-paragraph\">Ankesat kishin t\u00eb b\u00ebnin me pretendimet p\u00ebr shkeljen e kapitujve t\u00eb caktuar t\u00eb Kodit t\u00eb Mediave t\u00eb Shkruara t\u00eb Kosov\u00ebs, p\u00ebrkat\u00ebsisht Kapitullit II &#8211; Raportimi i s\u00eb v\u00ebrtet\u00ebs, Kapitullit III \u2013 Nxitja dhe gjuha e urrejtjes, Kapitulli IV \u2013 E drejta p\u00ebr t\u2019u p\u00ebrgjigjur dhe Kapitulli VII &#8211; Privat\u00ebsia dhe mbrojtja e burimeve.<\/p>\r\n\r\n\r\n\r\n<p class=\"wp-block-paragraph\">KMShK ka miratuar ankes\u00ebn e Institutit Sekhmet kund\u00ebr <a href=\"https:\/\/sinjali.com\/?fbclid=IwZXh0bgNhZW0CMTAAAR4SDJAQoybJOsIfhdnAnylBu3RqykJuTsUuo8sg2b83yoVlLzUxsMuQayrb4A_aem_CT-fXYVnmP7B-j9Kx6pp-w\" target=\"_blank\" rel=\"noreferrer noopener\">Sinjali.com<\/a> p\u00ebr shkrimin \u201dKy \u00ebsht\u00eb 24-vje\u00e7ari q\u00eb u gjet pa shenja jete n\u00eb nj\u00eb motel n\u00eb Gjilan, po shoq\u00ebrohej nga nj\u00eb burr\u00eb 40-vje\u00e7ar\u201d, duke konstatuar se jan\u00eb shkelur Kapitulli III, i cili ka t\u00eb b\u00ebj\u00eb me nxitjen e gjuh\u00ebs s\u00eb urrejtjes dhe Kapitulli VII i Kodit t\u00eb Mediave t\u00eb Shkruara t\u00eb Kosov\u00ebs, i cili ka t\u00eb b\u00ebj\u00eb me privat\u00ebsin\u00eb.<\/p>\r\n\r\n\r\n\r\n<p class=\"wp-block-paragraph\">KMShK ka miratuar ankes\u00ebn e Arb\u00ebr Gashit kund\u00ebr <a href=\"https:\/\/l.facebook.com\/l.php?u=http%3A%2F%2FIndeksonline.net%2F%3Ffbclid%3DIwZXh0bgNhZW0CMTAAAR5L6M0-Omq7Ah3ejEIcucaml6i1WQo4TeB7aFh_H-NCjmCxCtMvCY13q8tNUw_aem_dI_m3czcae0K83h2Idn5uQ&amp;h=AT0kDwI27ytrv7Af945yQ9JNNAbnqIoUMn90Zy9RGIedEpFV-eLTjuywBTA9QddsbLvoXfPoPkg_aNxyBm9eqoffs5JpKpu9QLHy1PEAhYLixVL_ug1rzNPpAx_vPbWJHGoXSu1DyS18cGwe&amp;__tn__=-UK-R&amp;c[0]=AT3bBWA9bMUxsbMgidlUJqi84ODFvz6RsDy0lbl-PbGq4r9yXs4w0lSsM0H1WcbAKKeb9qXwuIP0Bn4QhOj9RbbZiZsDkK5sr3VjQ4m1o1vtcc-K08M1cZ01CV2ZbhiWcsMYwnWgnyGspXl979_UwcEo3Kb1v4UUZnC77-wYgdrsCEAUBlJMThCx9oYX6TpAdDu0JLcQC9CDAfMNyMrFqrBZA-4\" target=\"_blank\" rel=\"noreferrer noopener\">Indeksonline.net<\/a> p\u00ebr shkrimin me titull \u201cKy \u00ebsht\u00eb personi nga Peja q\u00eb dyshohet se u vet\u00ebvra dje\u201d, duke konstatuar se \u00ebsht\u00eb shkelur Kapitulli VII i Kodit t\u00eb Mediave t\u00eb Shkruara t\u00eb Kosov\u00ebs, i cili ka t\u00eb b\u00ebj\u00eb me privat\u00ebsin\u00eb.<\/p>\r\n\r\n\r\n\r\n<p class=\"wp-block-paragraph\">KMShK ka miratuar ankes\u00ebn e Zana Haxhaj kund\u00ebr <a href=\"https:\/\/l.facebook.com\/l.php?u=http%3A%2F%2FIndeksonline.net%2F%3Ffbclid%3DIwZXh0bgNhZW0CMTAAAR4f609eL-5w1kVAZFx_rwUs2A4XLe4JQCALGquiupsgaNmv6GyiGkzV7LZzfA_aem_sI2Oa1690yEeGL5--tt2cw&amp;h=AT0kDwI27ytrv7Af945yQ9JNNAbnqIoUMn90Zy9RGIedEpFV-eLTjuywBTA9QddsbLvoXfPoPkg_aNxyBm9eqoffs5JpKpu9QLHy1PEAhYLixVL_ug1rzNPpAx_vPbWJHGoXSu1DyS18cGwe&amp;__tn__=-UK-R&amp;c[0]=AT3bBWA9bMUxsbMgidlUJqi84ODFvz6RsDy0lbl-PbGq4r9yXs4w0lSsM0H1WcbAKKeb9qXwuIP0Bn4QhOj9RbbZiZsDkK5sr3VjQ4m1o1vtcc-K08M1cZ01CV2ZbhiWcsMYwnWgnyGspXl979_UwcEo3Kb1v4UUZnC77-wYgdrsCEAUBlJMThCx9oYX6TpAdDu0JLcQC9CDAfMNyMrFqrBZA-4\" target=\"_blank\" rel=\"noreferrer noopener\">Indeksonline.net<\/a> p\u00ebr shkrimin me titull \u201dPamje t\u00eb r\u00ebnda nga vendi i ngjarjes ku mbeti i vrar\u00eb nj\u00eb 19-vje\u00e7ar n\u00eb Vushtrri\u201d, duke konstatuar se \u00ebsht\u00eb shkelur Kapitulli VII i Kodit t\u00eb Mediave t\u00eb Shkruara t\u00eb Kosov\u00ebs, i cili ka t\u00eb b\u00ebj\u00eb me privat\u00ebsin\u00eb.<\/p>\r\n\r\n\r\n\r\n<p class=\"wp-block-paragraph\">KMShK nuk e ka miratuar (e ka hedhur posht\u00eb) ankes\u00ebn e Rilind G\u00ebrvall\u00ebs kund\u00ebr <a href=\"https:\/\/l.facebook.com\/l.php?u=https%3A%2F%2FNacionale.com%2F%3Ffbclid%3DIwZXh0bgNhZW0CMTAAAR5sLnJCxqLzYXKrD5awzUK8Baa4nxE6bLLeQRwTGsBZ8rCdyu-RGeBWiJf47Q_aem_7WfvcqFIDKKZEpFruhBr3A&amp;h=AT2S1SqkO6Wj7AEJtmdqU1Pmwkrlx2pIe0bnvj99VyC0ppx7QTlo_X5LZslI-kMKv7pe7RG4_fyIe5OyosuClZlfpVit9xkT7lPx4dWm9krCw7Q-aUqbyaRUfKs4o-iCiTBxHjc0oNB4zkxZ&amp;__tn__=-UK-R&amp;c[0]=AT3bBWA9bMUxsbMgidlUJqi84ODFvz6RsDy0lbl-PbGq4r9yXs4w0lSsM0H1WcbAKKeb9qXwuIP0Bn4QhOj9RbbZiZsDkK5sr3VjQ4m1o1vtcc-K08M1cZ01CV2ZbhiWcsMYwnWgnyGspXl979_UwcEo3Kb1v4UUZnC77-wYgdrsCEAUBlJMThCx9oYX6TpAdDu0JLcQC9CDAfMNyMrFqrBZA-4\" target=\"_blank\" rel=\"noreferrer noopener\">Nacionale.com<\/a> p\u00ebr shkrimin me titull \u201cRTK-ja ia huq prap\u00eb, i drejtohen Ana Brnabiqit si kryeministre\u201d, duke konstatuar se nuk jan\u00eb shkelur kapitujt II dhe III t\u00eb Kodit t\u00eb Mediave t\u00eb Shkruara t\u00eb Kosov\u00ebs, si\u00e7 pretendon pala ankuese.<\/p>\r\n\r\n\r\n\r\n<p class=\"wp-block-paragraph\">KMShK nuk e ka miratuar (e ka hedhur posht\u00eb) ankes\u00ebn e Taulant Maliqit kund\u00ebr <a href=\"https:\/\/l.facebook.com\/l.php?u=http%3A%2F%2FInsajderi.org%2F%3Ffbclid%3DIwZXh0bgNhZW0CMTAAAR6Mjytd0j3228pty6ZjZVi8eMwk0HoEMhELIlGHWz2xVnPnxVZnMi7M9zAB6w_aem_Utu2TbxT1U-mrz-vaSNX1g&amp;h=AT1XR9bAwq9nCgk56EjfQn0ET5QsQMmnZXVWFLE5SNJV0itXBcZxjQcdkPGMui0SydqMR13kNEjztKGpuDl1NgGBdiQhYcTu2nwktSxMPweeRgOUW0QUHHyUOTnqVz6ItzooXS4h4hJ5ZwMz&amp;__tn__=-UK-R&amp;c[0]=AT3bBWA9bMUxsbMgidlUJqi84ODFvz6RsDy0lbl-PbGq4r9yXs4w0lSsM0H1WcbAKKeb9qXwuIP0Bn4QhOj9RbbZiZsDkK5sr3VjQ4m1o1vtcc-K08M1cZ01CV2ZbhiWcsMYwnWgnyGspXl979_UwcEo3Kb1v4UUZnC77-wYgdrsCEAUBlJMThCx9oYX6TpAdDu0JLcQC9CDAfMNyMrFqrBZA-4\" target=\"_blank\" rel=\"noreferrer noopener\">Insajderi.org<\/a> dhe <a href=\"https:\/\/l.facebook.com\/l.php?u=http%3A%2F%2FRadiostargjilan.com%2F%3Ffbclid%3DIwZXh0bgNhZW0CMTAAAR5Rl8l24i_y_JXFBWWqPMoahx8T4sFu2av_PoRrzAzXru9x3UwVsPahc8vAgQ_aem_dPEQScjNpOfyepJCZuEfzA&amp;h=AT1jfL2M0YvBPA_L66gi_q-XqUkH_MiX68oxqRNSOJN0IqwDdbDof5O-L6tdHRB5bZcUrorpOrius_zd43OPzuG6-42S5qqWm_QXHnAb76pB21vCVRSmSoEEh-Su5hjAYCQXaRHB80EVmdRC&amp;__tn__=-UK-R&amp;c[0]=AT3bBWA9bMUxsbMgidlUJqi84ODFvz6RsDy0lbl-PbGq4r9yXs4w0lSsM0H1WcbAKKeb9qXwuIP0Bn4QhOj9RbbZiZsDkK5sr3VjQ4m1o1vtcc-K08M1cZ01CV2ZbhiWcsMYwnWgnyGspXl979_UwcEo3Kb1v4UUZnC77-wYgdrsCEAUBlJMThCx9oYX6TpAdDu0JLcQC9CDAfMNyMrFqrBZA-4\" target=\"_blank\" rel=\"noreferrer noopener\">Radiostargjilan.com<\/a> p\u00ebr shkrimet me titull \u201cHyseni mburret me grantin q\u00eb dha p\u00ebr arkitektin q\u00eb punonte n\u00eb drejtorin\u00eb e tij\u201d, p\u00ebrkat\u00ebsisht \u201cPDK akuzon: Kryetari i Gjilanit po shp\u00ebrblen shok\u00ebt me mij\u00ebra euro nga buxheti komunal\u201d, duke konstatuar se nuk jan\u00eb shkelur kapitujt II dhe IV t\u00eb Kodit t\u00eb Mediave t\u00eb Shkruara t\u00eb Kosov\u00ebs, si\u00e7 pretendon pala ankuese.<\/p>\r\n\r\n\r\n\r\n<p class=\"wp-block-paragraph\">KMShK e ka shpallur t\u00eb paafatshme ankes\u00ebn e Pro ACC Group, p\u00ebrfaq\u00ebsuar nga Alliance Legal Group kund\u00ebr <a href=\"https:\/\/l.facebook.com\/l.php?u=http%3A%2F%2FDemokracia.com%2F%3Ffbclid%3DIwZXh0bgNhZW0CMTAAAR4f609eL-5w1kVAZFx_rwUs2A4XLe4JQCALGquiupsgaNmv6GyiGkzV7LZzfA_aem_sI2Oa1690yEeGL5--tt2cw&amp;h=AT2_mNPhTbbtJmXSEijOOYzhbnzw1qrV_4MYkEDRIoR7_47TWOxkglPZ5VSL6TZGGAeSwvDpvsfA7Z6HILljGGSgv9xELIWgSENu4OQC_Hc67OU08GRUdKjSgZvKTyRHFLEQfUSonz99Et1Y&amp;__tn__=-UK-R&amp;c[0]=AT3bBWA9bMUxsbMgidlUJqi84ODFvz6RsDy0lbl-PbGq4r9yXs4w0lSsM0H1WcbAKKeb9qXwuIP0Bn4QhOj9RbbZiZsDkK5sr3VjQ4m1o1vtcc-K08M1cZ01CV2ZbhiWcsMYwnWgnyGspXl979_UwcEo3Kb1v4UUZnC77-wYgdrsCEAUBlJMThCx9oYX6TpAdDu0JLcQC9CDAfMNyMrFqrBZA-4\" target=\"_blank\" rel=\"noreferrer noopener\">Demokracia.com<\/a> p\u00ebr shkrimin me titull \u201cDyshime p\u00ebr ligjshm\u00ebrin\u00eb dhe konflikte interesi n\u00eb tenderin 100 mij\u00eb euro n\u00eb NH \u2018Ib\u00ebr Lepenc\u2019 q\u00eb drejtohet nga Faruk Mujka\u201d, duke konstatuar se ankesa \u00ebsht\u00eb b\u00ebr\u00eb pas afatit t\u00eb p\u00ebrcaktuar, andaj nuk mund t\u00eb merret vendim rreth pretendimeve se jan\u00eb shkelur kapitujt II dhe IV t\u00eb Kodit t\u00eb Mediave t\u00eb Shkruara t\u00eb Kosov\u00ebs.<\/p>\r\n\r\n\r\n\r\n<figure class=\"wp-block-image size-large\"><img loading=\"lazy\" decoding=\"async\" width=\"1024\" height=\"577\" class=\"wp-image-14239\" src=\"https:\/\/presscouncil-ks.org\/wp-content\/uploads\/2025\/04\/3-1024x577.jpg\" alt=\"\" srcset=\"http:\/\/presscouncil-ks.org\/wp-content\/uploads\/2025\/04\/3-1024x577.jpg 1024w, http:\/\/presscouncil-ks.org\/wp-content\/uploads\/2025\/04\/3-300x169.jpg 300w, http:\/\/presscouncil-ks.org\/wp-content\/uploads\/2025\/04\/3-768x432.jpg 768w, http:\/\/presscouncil-ks.org\/wp-content\/uploads\/2025\/04\/3-1536x865.jpg 1536w, http:\/\/presscouncil-ks.org\/wp-content\/uploads\/2025\/04\/3.jpg 2048w\" sizes=\"auto, (max-width: 1024px) 100vw, 1024px\" \/><\/figure>\r\n","protected":false},"excerpt":{"rendered":"<p>K\u00ebshilli i Mediave t\u00eb Shkruara t\u00eb Kosov\u00ebs (KMShK) n\u00eb mbledhjen e rregullt ka shqyrtuar gjithsej gjasht\u00eb ankesa. An\u00ebtar\u00ebt e Kuvendit t\u00eb KMShK-s\u00eb kan\u00eb vendosur q\u00eb t\u00eb miratohen tri nga to, dy t\u00eb refuzohen dhe nj\u00eb t\u00eb shpallet e paafatshme. Ankesat kishin t\u00eb b\u00ebnin me pretendimet p\u00ebr shkeljen e kapitujve t\u00eb caktuar t\u00eb Kodit t\u00eb Mediave [&hellip;]<\/p>\n","protected":false},"author":2,"featured_media":14239,"comment_status":"open","ping_status":"open","sticky":false,"template":"","format":"standard","meta":{"footnotes":""},"categories":[92],"tags":[],"class_list":["post-14238","post","type-post","status-publish","format-standard","has-post-thumbnail","hentry","category-news-sq"],"acf":{"video_title":"","video":false},"yoast_head":"<!-- This site is optimized with the Yoast SEO plugin v28.3 - https:\/\/yoast.com\/product\/yoast-seo-wordpress\/ -->\n<title>Mars: K\u00cbSHILLI I MEDIAVE T\u00cb SHKRUARA MORI VENDIM P\u00cbR GJASHT\u00cb ANKESA - K\u00ebshilli i Mediave t\u00eb Shkruara t\u00eb Kosov\u00ebs | P\u00ebr nj\u00eb gazetari etike dhe profesionale<\/title>\n<meta name=\"robots\" content=\"index, follow, max-snippet:-1, max-image-preview:large, max-video-preview:-1\" \/>\n<link rel=\"canonical\" href=\"http:\/\/presscouncil-ks.org\/?p=14238\" \/>\n<meta property=\"og:locale\" content=\"en_US\" \/>\n<meta property=\"og:type\" content=\"article\" \/>\n<meta property=\"og:title\" content=\"Mars: K\u00cbSHILLI I MEDIAVE T\u00cb SHKRUARA MORI VENDIM P\u00cbR GJASHT\u00cb ANKESA - K\u00ebshilli i Mediave t\u00eb Shkruara t\u00eb Kosov\u00ebs | P\u00ebr nj\u00eb gazetari etike dhe profesionale\" \/>\n<meta property=\"og:description\" content=\"K\u00ebshilli i Mediave t\u00eb Shkruara t\u00eb Kosov\u00ebs (KMShK) n\u00eb mbledhjen e rregullt ka shqyrtuar gjithsej gjasht\u00eb ankesa. An\u00ebtar\u00ebt e Kuvendit t\u00eb KMShK-s\u00eb kan\u00eb vendosur q\u00eb t\u00eb miratohen tri nga to, dy t\u00eb refuzohen dhe nj\u00eb t\u00eb shpallet e paafatshme. Ankesat kishin t\u00eb b\u00ebnin me pretendimet p\u00ebr shkeljen e kapitujve t\u00eb caktuar t\u00eb Kodit t\u00eb Mediave [&hellip;]\" \/>\n<meta property=\"og:url\" content=\"http:\/\/presscouncil-ks.org\/?p=14238\" \/>\n<meta property=\"og:site_name\" content=\"K\u00ebshilli i Mediave t\u00eb Shkruara t\u00eb Kosov\u00ebs | P\u00ebr nj\u00eb gazetari etike dhe profesionale\" \/>\n<meta property=\"article:publisher\" content=\"https:\/\/www.facebook.com\/KMSHKosove\" \/>\n<meta property=\"article:published_time\" content=\"2025-04-22T15:56:34+00:00\" \/>\n<meta property=\"article:modified_time\" content=\"2025-07-16T13:47:14+00:00\" \/>\n<meta property=\"og:image\" content=\"http:\/\/presscouncil-ks.org\/wp-content\/uploads\/2025\/04\/3.jpg\" \/>\n\t<meta property=\"og:image:width\" content=\"2048\" \/>\n\t<meta property=\"og:image:height\" content=\"1153\" \/>\n\t<meta property=\"og:image:type\" content=\"image\/jpeg\" \/>\n<meta name=\"author\" content=\"Editor\" \/>\n<meta name=\"twitter:card\" content=\"summary_large_image\" \/>\n<meta name=\"twitter:label1\" content=\"Written by\" \/>\n\t<meta name=\"twitter:data1\" content=\"Editor\" \/>\n\t<meta name=\"twitter:label2\" content=\"Est. reading time\" \/>\n\t<meta name=\"twitter:data2\" content=\"3 minutes\" \/>\n<script type=\"application\/ld+json\" class=\"yoast-schema-graph\">{\"@context\":\"https:\\\/\\\/schema.org\",\"@graph\":[{\"@type\":\"Article\",\"@id\":\"http:\\\/\\\/presscouncil-ks.org\\\/?p=14238#article\",\"isPartOf\":{\"@id\":\"http:\\\/\\\/presscouncil-ks.org\\\/?p=14238\"},\"author\":{\"name\":\"Editor\",\"@id\":\"http:\\\/\\\/presscouncil-ks.org\\\/#\\\/schema\\\/person\\\/b79d30c61264caeb733239c16cc4d673\"},\"headline\":\"Mars: K\u00cbSHILLI I MEDIAVE T\u00cb SHKRUARA MORI VENDIM P\u00cbR GJASHT\u00cb ANKESA\",\"datePublished\":\"2025-04-22T15:56:34+00:00\",\"dateModified\":\"2025-07-16T13:47:14+00:00\",\"mainEntityOfPage\":{\"@id\":\"http:\\\/\\\/presscouncil-ks.org\\\/?p=14238\"},\"wordCount\":539,\"commentCount\":0,\"publisher\":{\"@id\":\"http:\\\/\\\/presscouncil-ks.org\\\/#organization\"},\"image\":{\"@id\":\"http:\\\/\\\/presscouncil-ks.org\\\/?p=14238#primaryimage\"},\"thumbnailUrl\":\"http:\\\/\\\/presscouncil-ks.org\\\/wp-content\\\/uploads\\\/2025\\\/04\\\/3.jpg\",\"articleSection\":[\"Lajm\"],\"inLanguage\":\"en-US\",\"potentialAction\":[{\"@type\":\"CommentAction\",\"name\":\"Comment\",\"target\":[\"http:\\\/\\\/presscouncil-ks.org\\\/?p=14238#respond\"]}]},{\"@type\":\"WebPage\",\"@id\":\"http:\\\/\\\/presscouncil-ks.org\\\/?p=14238\",\"url\":\"http:\\\/\\\/presscouncil-ks.org\\\/?p=14238\",\"name\":\"Mars: K\u00cbSHILLI I MEDIAVE T\u00cb SHKRUARA MORI VENDIM P\u00cbR GJASHT\u00cb ANKESA - K\u00ebshilli i Mediave t\u00eb Shkruara t\u00eb Kosov\u00ebs | P\u00ebr nj\u00eb gazetari etike dhe profesionale\",\"isPartOf\":{\"@id\":\"http:\\\/\\\/presscouncil-ks.org\\\/#website\"},\"primaryImageOfPage\":{\"@id\":\"http:\\\/\\\/presscouncil-ks.org\\\/?p=14238#primaryimage\"},\"image\":{\"@id\":\"http:\\\/\\\/presscouncil-ks.org\\\/?p=14238#primaryimage\"},\"thumbnailUrl\":\"http:\\\/\\\/presscouncil-ks.org\\\/wp-content\\\/uploads\\\/2025\\\/04\\\/3.jpg\",\"datePublished\":\"2025-04-22T15:56:34+00:00\",\"dateModified\":\"2025-07-16T13:47:14+00:00\",\"breadcrumb\":{\"@id\":\"http:\\\/\\\/presscouncil-ks.org\\\/?p=14238#breadcrumb\"},\"inLanguage\":\"en-US\",\"potentialAction\":[{\"@type\":\"ReadAction\",\"target\":[\"http:\\\/\\\/presscouncil-ks.org\\\/?p=14238\"]}]},{\"@type\":\"ImageObject\",\"inLanguage\":\"en-US\",\"@id\":\"http:\\\/\\\/presscouncil-ks.org\\\/?p=14238#primaryimage\",\"url\":\"http:\\\/\\\/presscouncil-ks.org\\\/wp-content\\\/uploads\\\/2025\\\/04\\\/3.jpg\",\"contentUrl\":\"http:\\\/\\\/presscouncil-ks.org\\\/wp-content\\\/uploads\\\/2025\\\/04\\\/3.jpg\",\"width\":2048,\"height\":1153},{\"@type\":\"BreadcrumbList\",\"@id\":\"http:\\\/\\\/presscouncil-ks.org\\\/?p=14238#breadcrumb\",\"itemListElement\":[{\"@type\":\"ListItem\",\"position\":1,\"name\":\"Home\",\"item\":\"https:\\\/\\\/presscouncil-ks.org\\\/\"},{\"@type\":\"ListItem\",\"position\":2,\"name\":\"Mars: K\u00cbSHILLI I MEDIAVE T\u00cb SHKRUARA MORI VENDIM P\u00cbR GJASHT\u00cb ANKESA\"}]},{\"@type\":\"WebSite\",\"@id\":\"http:\\\/\\\/presscouncil-ks.org\\\/#website\",\"url\":\"http:\\\/\\\/presscouncil-ks.org\\\/\",\"name\":\"https:\\\/\\\/presscouncil-ks.org\\\/\",\"description\":\"\",\"publisher\":{\"@id\":\"http:\\\/\\\/presscouncil-ks.org\\\/#organization\"},\"potentialAction\":[{\"@type\":\"SearchAction\",\"target\":{\"@type\":\"EntryPoint\",\"urlTemplate\":\"http:\\\/\\\/presscouncil-ks.org\\\/?s={search_term_string}\"},\"query-input\":{\"@type\":\"PropertyValueSpecification\",\"valueRequired\":true,\"valueName\":\"search_term_string\"}}],\"inLanguage\":\"en-US\"},{\"@type\":\"Organization\",\"@id\":\"http:\\\/\\\/presscouncil-ks.org\\\/#organization\",\"name\":\"K\u00ebshilli i Mediave t\u00eb Shkruara t\u00eb Kosov\u00ebs\",\"url\":\"http:\\\/\\\/presscouncil-ks.org\\\/\",\"logo\":{\"@type\":\"ImageObject\",\"inLanguage\":\"en-US\",\"@id\":\"http:\\\/\\\/presscouncil-ks.org\\\/#\\\/schema\\\/logo\\\/image\\\/\",\"url\":\"http:\\\/\\\/presscouncil-ks.org\\\/wp-content\\\/uploads\\\/2023\\\/06\\\/cropped-logo.png\",\"contentUrl\":\"http:\\\/\\\/presscouncil-ks.org\\\/wp-content\\\/uploads\\\/2023\\\/06\\\/cropped-logo.png\",\"width\":268,\"height\":166,\"caption\":\"K\u00ebshilli i Mediave t\u00eb Shkruara t\u00eb Kosov\u00ebs\"},\"image\":{\"@id\":\"http:\\\/\\\/presscouncil-ks.org\\\/#\\\/schema\\\/logo\\\/image\\\/\"},\"sameAs\":[\"https:\\\/\\\/www.facebook.com\\\/KMSHKosove\"]},{\"@type\":\"Person\",\"@id\":\"http:\\\/\\\/presscouncil-ks.org\\\/#\\\/schema\\\/person\\\/b79d30c61264caeb733239c16cc4d673\",\"name\":\"Editor\",\"image\":{\"@type\":\"ImageObject\",\"inLanguage\":\"en-US\",\"@id\":\"https:\\\/\\\/secure.gravatar.com\\\/avatar\\\/9534865f39e7b3527010ee17196a76d054b16d731a6a5bfe2f92a071c6e9bf4e?s=96&d=mm&r=g\",\"url\":\"https:\\\/\\\/secure.gravatar.com\\\/avatar\\\/9534865f39e7b3527010ee17196a76d054b16d731a6a5bfe2f92a071c6e9bf4e?s=96&d=mm&r=g\",\"contentUrl\":\"https:\\\/\\\/secure.gravatar.com\\\/avatar\\\/9534865f39e7b3527010ee17196a76d054b16d731a6a5bfe2f92a071c6e9bf4e?s=96&d=mm&r=g\",\"caption\":\"Editor\"},\"url\":\"http:\\\/\\\/presscouncil-ks.org\\\/?author=2\"}]}<\/script>\n<!-- \/ Yoast SEO plugin. -->","yoast_head_json":{"title":"Mars: K\u00cbSHILLI I MEDIAVE T\u00cb SHKRUARA MORI VENDIM P\u00cbR GJASHT\u00cb ANKESA - K\u00ebshilli i Mediave t\u00eb Shkruara t\u00eb Kosov\u00ebs | P\u00ebr nj\u00eb gazetari etike dhe profesionale","robots":{"index":"index","follow":"follow","max-snippet":"max-snippet:-1","max-image-preview":"max-image-preview:large","max-video-preview":"max-video-preview:-1"},"canonical":"http:\/\/presscouncil-ks.org\/?p=14238","og_locale":"en_US","og_type":"article","og_title":"Mars: K\u00cbSHILLI I MEDIAVE T\u00cb SHKRUARA MORI VENDIM P\u00cbR GJASHT\u00cb ANKESA - K\u00ebshilli i Mediave t\u00eb Shkruara t\u00eb Kosov\u00ebs | P\u00ebr nj\u00eb gazetari etike dhe profesionale","og_description":"K\u00ebshilli i Mediave t\u00eb Shkruara t\u00eb Kosov\u00ebs (KMShK) n\u00eb mbledhjen e rregullt ka shqyrtuar gjithsej gjasht\u00eb ankesa. An\u00ebtar\u00ebt e Kuvendit t\u00eb KMShK-s\u00eb kan\u00eb vendosur q\u00eb t\u00eb miratohen tri nga to, dy t\u00eb refuzohen dhe nj\u00eb t\u00eb shpallet e paafatshme. Ankesat kishin t\u00eb b\u00ebnin me pretendimet p\u00ebr shkeljen e kapitujve t\u00eb caktuar t\u00eb Kodit t\u00eb Mediave [&hellip;]","og_url":"http:\/\/presscouncil-ks.org\/?p=14238","og_site_name":"K\u00ebshilli i Mediave t\u00eb Shkruara t\u00eb Kosov\u00ebs | P\u00ebr nj\u00eb gazetari etike dhe profesionale","article_publisher":"https:\/\/www.facebook.com\/KMSHKosove","article_published_time":"2025-04-22T15:56:34+00:00","article_modified_time":"2025-07-16T13:47:14+00:00","og_image":[{"width":2048,"height":1153,"url":"http:\/\/presscouncil-ks.org\/wp-content\/uploads\/2025\/04\/3.jpg","type":"image\/jpeg"}],"author":"Editor","twitter_card":"summary_large_image","twitter_misc":{"Written by":"Editor","Est. reading time":"3 minutes"},"schema":{"@context":"https:\/\/schema.org","@graph":[{"@type":"Article","@id":"http:\/\/presscouncil-ks.org\/?p=14238#article","isPartOf":{"@id":"http:\/\/presscouncil-ks.org\/?p=14238"},"author":{"name":"Editor","@id":"http:\/\/presscouncil-ks.org\/#\/schema\/person\/b79d30c61264caeb733239c16cc4d673"},"headline":"Mars: K\u00cbSHILLI I MEDIAVE T\u00cb SHKRUARA MORI VENDIM P\u00cbR GJASHT\u00cb ANKESA","datePublished":"2025-04-22T15:56:34+00:00","dateModified":"2025-07-16T13:47:14+00:00","mainEntityOfPage":{"@id":"http:\/\/presscouncil-ks.org\/?p=14238"},"wordCount":539,"commentCount":0,"publisher":{"@id":"http:\/\/presscouncil-ks.org\/#organization"},"image":{"@id":"http:\/\/presscouncil-ks.org\/?p=14238#primaryimage"},"thumbnailUrl":"http:\/\/presscouncil-ks.org\/wp-content\/uploads\/2025\/04\/3.jpg","articleSection":["Lajm"],"inLanguage":"en-US","potentialAction":[{"@type":"CommentAction","name":"Comment","target":["http:\/\/presscouncil-ks.org\/?p=14238#respond"]}]},{"@type":"WebPage","@id":"http:\/\/presscouncil-ks.org\/?p=14238","url":"http:\/\/presscouncil-ks.org\/?p=14238","name":"Mars: K\u00cbSHILLI I MEDIAVE T\u00cb SHKRUARA MORI VENDIM P\u00cbR GJASHT\u00cb ANKESA - K\u00ebshilli i Mediave t\u00eb Shkruara t\u00eb Kosov\u00ebs | P\u00ebr nj\u00eb gazetari etike dhe profesionale","isPartOf":{"@id":"http:\/\/presscouncil-ks.org\/#website"},"primaryImageOfPage":{"@id":"http:\/\/presscouncil-ks.org\/?p=14238#primaryimage"},"image":{"@id":"http:\/\/presscouncil-ks.org\/?p=14238#primaryimage"},"thumbnailUrl":"http:\/\/presscouncil-ks.org\/wp-content\/uploads\/2025\/04\/3.jpg","datePublished":"2025-04-22T15:56:34+00:00","dateModified":"2025-07-16T13:47:14+00:00","breadcrumb":{"@id":"http:\/\/presscouncil-ks.org\/?p=14238#breadcrumb"},"inLanguage":"en-US","potentialAction":[{"@type":"ReadAction","target":["http:\/\/presscouncil-ks.org\/?p=14238"]}]},{"@type":"ImageObject","inLanguage":"en-US","@id":"http:\/\/presscouncil-ks.org\/?p=14238#primaryimage","url":"http:\/\/presscouncil-ks.org\/wp-content\/uploads\/2025\/04\/3.jpg","contentUrl":"http:\/\/presscouncil-ks.org\/wp-content\/uploads\/2025\/04\/3.jpg","width":2048,"height":1153},{"@type":"BreadcrumbList","@id":"http:\/\/presscouncil-ks.org\/?p=14238#breadcrumb","itemListElement":[{"@type":"ListItem","position":1,"name":"Home","item":"https:\/\/presscouncil-ks.org\/"},{"@type":"ListItem","position":2,"name":"Mars: K\u00cbSHILLI I MEDIAVE T\u00cb SHKRUARA MORI VENDIM P\u00cbR GJASHT\u00cb ANKESA"}]},{"@type":"WebSite","@id":"http:\/\/presscouncil-ks.org\/#website","url":"http:\/\/presscouncil-ks.org\/","name":"https:\/\/presscouncil-ks.org\/","description":"","publisher":{"@id":"http:\/\/presscouncil-ks.org\/#organization"},"potentialAction":[{"@type":"SearchAction","target":{"@type":"EntryPoint","urlTemplate":"http:\/\/presscouncil-ks.org\/?s={search_term_string}"},"query-input":{"@type":"PropertyValueSpecification","valueRequired":true,"valueName":"search_term_string"}}],"inLanguage":"en-US"},{"@type":"Organization","@id":"http:\/\/presscouncil-ks.org\/#organization","name":"K\u00ebshilli i Mediave t\u00eb Shkruara t\u00eb Kosov\u00ebs","url":"http:\/\/presscouncil-ks.org\/","logo":{"@type":"ImageObject","inLanguage":"en-US","@id":"http:\/\/presscouncil-ks.org\/#\/schema\/logo\/image\/","url":"http:\/\/presscouncil-ks.org\/wp-content\/uploads\/2023\/06\/cropped-logo.png","contentUrl":"http:\/\/presscouncil-ks.org\/wp-content\/uploads\/2023\/06\/cropped-logo.png","width":268,"height":166,"caption":"K\u00ebshilli i Mediave t\u00eb Shkruara t\u00eb Kosov\u00ebs"},"image":{"@id":"http:\/\/presscouncil-ks.org\/#\/schema\/logo\/image\/"},"sameAs":["https:\/\/www.facebook.com\/KMSHKosove"]},{"@type":"Person","@id":"http:\/\/presscouncil-ks.org\/#\/schema\/person\/b79d30c61264caeb733239c16cc4d673","name":"Editor","image":{"@type":"ImageObject","inLanguage":"en-US","@id":"https:\/\/secure.gravatar.com\/avatar\/9534865f39e7b3527010ee17196a76d054b16d731a6a5bfe2f92a071c6e9bf4e?s=96&d=mm&r=g","url":"https:\/\/secure.gravatar.com\/avatar\/9534865f39e7b3527010ee17196a76d054b16d731a6a5bfe2f92a071c6e9bf4e?s=96&d=mm&r=g","contentUrl":"https:\/\/secure.gravatar.com\/avatar\/9534865f39e7b3527010ee17196a76d054b16d731a6a5bfe2f92a071c6e9bf4e?s=96&d=mm&r=g","caption":"Editor"},"url":"http:\/\/presscouncil-ks.org\/?author=2"}]}},"_links":{"self":[{"href":"http:\/\/presscouncil-ks.org\/index.php?rest_route=\/wp\/v2\/posts\/14238","targetHints":{"allow":["GET"]}}],"collection":[{"href":"http:\/\/presscouncil-ks.org\/index.php?rest_route=\/wp\/v2\/posts"}],"about":[{"href":"http:\/\/presscouncil-ks.org\/index.php?rest_route=\/wp\/v2\/types\/post"}],"author":[{"embeddable":true,"href":"http:\/\/presscouncil-ks.org\/index.php?rest_route=\/wp\/v2\/users\/2"}],"replies":[{"embeddable":true,"href":"http:\/\/presscouncil-ks.org\/index.php?rest_route=%2Fwp%2Fv2%2Fcomments&post=14238"}],"version-history":[{"count":2,"href":"http:\/\/presscouncil-ks.org\/index.php?rest_route=\/wp\/v2\/posts\/14238\/revisions"}],"predecessor-version":[{"id":16603,"href":"http:\/\/presscouncil-ks.org\/index.php?rest_route=\/wp\/v2\/posts\/14238\/revisions\/16603"}],"wp:featuredmedia":[{"embeddable":true,"href":"http:\/\/presscouncil-ks.org\/index.php?rest_route=\/wp\/v2\/media\/14239"}],"wp:attachment":[{"href":"http:\/\/presscouncil-ks.org\/index.php?rest_route=%2Fwp%2Fv2%2Fmedia&parent=14238"}],"wp:term":[{"taxonomy":"category","embeddable":true,"href":"http:\/\/presscouncil-ks.org\/index.php?rest_route=%2Fwp%2Fv2%2Fcategories&post=14238"},{"taxonomy":"post_tag","embeddable":true,"href":"http:\/\/presscouncil-ks.org\/index.php?rest_route=%2Fwp%2Fv2%2Ftags&post=14238"}],"curies":[{"name":"wp","href":"https:\/\/api.w.org\/{rel}","templated":true}]}}