{"id":14233,"date":"2025-04-22T15:52:31","date_gmt":"2025-04-22T15:52:31","guid":{"rendered":"https:\/\/presscouncil-ks.org\/?p=14233"},"modified":"2025-07-16T13:53:14","modified_gmt":"2025-07-16T13:53:14","slug":"shkurt-kuvendi-i-kmshk-se-mori-vendim-per-12-ankesa","status":"publish","type":"post","link":"http:\/\/presscouncil-ks.org\/?p=14233","title":{"rendered":"Shkurt: KUVENDI I KMShK-s\u00eb MORI VENDIM P\u00cbR 12 ANKESA"},"content":{"rendered":"\r\n<p class=\"wp-block-paragraph\">K\u00ebshilli i Mediave t\u00eb Shkruara t\u00eb Kosov\u00ebs (KMShK) n\u00eb mbledhjen e rregullt ka shqyrtuar gjithsej 12 ankesa. An\u00ebtar\u00ebt e Kuvendit t\u00eb KMShK-s\u00eb kan\u00eb vendosur q\u00eb t\u00eb miratohen tri nga to, gjasht\u00eb t\u00eb miratohen pjes\u00ebrisht, nj\u00eb ankes\u00eb t\u00eb refuzohet dhe dy t\u00eb shpallen t\u00eb patrajtueshme.<\/p>\r\n\r\n\r\n\r\n<p class=\"wp-block-paragraph\">Ankesat kishin t\u00eb b\u00ebnin me pretendimet p\u00ebr shkeljen e kapitujve t\u00eb caktuar t\u00eb Kodit t\u00eb Mediave t\u00eb Shkruara t\u00eb Kosov\u00ebs, p\u00ebrkat\u00ebsisht Kapitullit II &#8211; Raportimi i s\u00eb v\u00ebrtet\u00ebs dhe Kapitullit IV \u2013 E drejta p\u00ebr t\u2019u p\u00ebrgjigjur.<\/p>\r\n\r\n\r\n\r\n<p class=\"wp-block-paragraph\">KMShK ka miratuar ankes\u00ebn e A.L. Dushi ShPK kund\u00ebr <a href=\"http:\/\/gazetaexpress.com\/?fbclid=IwZXh0bgNhZW0CMTAAAR5Rl8l24i_y_JXFBWWqPMoahx8T4sFu2av_PoRrzAzXru9x3UwVsPahc8vAgQ_aem_dPEQScjNpOfyepJCZuEfzA\" target=\"_blank\" rel=\"noreferrer noopener\">Gazetaexpress.com<\/a> p\u00ebr shkrimet \u201dKQZ pezullon tenderin p\u00ebr bartjen e materialit votues jasht\u00eb vendit, rritet rreziku p\u00ebr votat e diaspor\u00ebs\u201d dhe \u201cKQZ e shp\u00ebrbleu kompanin\u00eb \u2018AL Dushi\u2019 me tender p\u00ebr bartjen e materialit votues me \u00e7mim dyfish m\u00eb t\u00eb lart\u00eb dhe pa i plot\u00ebsuar kriteret q\u00eb k\u00ebrkohen\u201d, duke konstatuar se \u00ebsht\u00eb shkelur Kapitulli IV i Kodit t\u00eb Mediave t\u00eb Shkruara t\u00eb Kosov\u00ebs, i cili ka t\u00eb b\u00ebj\u00eb me t\u00eb drejt\u00ebn p\u00ebr t\u2019u p\u00ebrgjigjur.<\/p>\r\n\r\n\r\n\r\n<p class=\"wp-block-paragraph\">KMShK ka miratuar ankes\u00ebn e Samedin Abazit kund\u00ebr <a href=\"http:\/\/paparaci.com\/?fbclid=IwZXh0bgNhZW0CMTAAAR5L6M0-Omq7Ah3ejEIcucaml6i1WQo4TeB7aFh_H-NCjmCxCtMvCY13q8tNUw_aem_dI_m3czcae0K83h2Idn5uQ\" target=\"_blank\" rel=\"noreferrer noopener\">Paparaci.com<\/a> p\u00ebr shkrimin me titull \u201cKurti vizitoi hoxh\u00ebn Husamedin Abazi, i dyshuar p\u00ebr rekrutim t\u00eb xhihadist\u00ebve dhe financim t\u00eb terrorizmit\u201d, duke konstatuar se jan\u00eb shkelur kapitujt II dhe IV t\u00eb Kodit t\u00eb Mediave t\u00eb Shkruara t\u00eb Kosov\u00ebs, t\u00eb cil\u00ebt kan\u00eb t\u00eb b\u00ebjn\u00eb me raportimin e s\u00eb v\u00ebrtet\u00ebs dhe t\u00eb drejt\u00ebn p\u00ebr t\u2019u p\u00ebrgjigjur.<\/p>\r\n\r\n\r\n\r\n<p class=\"wp-block-paragraph\">KMShK ka miratuar ankes\u00ebn e Shkelzen De\u00e7anit kund\u00ebr <a href=\"https:\/\/sinjali.com\/?fbclid=IwZXh0bgNhZW0CMTAAAR7_LQJibtdL25zGg9yJ4SdaOc7t2feAgt9_Iv5sMIrR2gNhI5H32zOll7R2SQ_aem_RsUJFzK0B4V_ihZvEu9UGw\" target=\"_blank\" rel=\"noreferrer noopener\">Sinjali.com<\/a> p\u00ebr shkrimin me titull \u201dEkskluzive: Zbulohet kush \u00ebsht\u00eb personi q\u00eb i iku para syve t\u00eb Policis\u00eb dhe hodhi arm\u00ebn e zjarrit n\u00eb Pej\u00eb\u201d, duke konstatuar se \u00ebsht\u00eb shkelur Kapitulli II i Kodit t\u00eb Mediave t\u00eb Shkruara t\u00eb Kosov\u00ebs.<\/p>\r\n\r\n\r\n\r\n<p class=\"wp-block-paragraph\">KMShK ka miratuar pjes\u00ebrisht ankes\u00ebn e Valicon D.O.O. kund\u00ebr <a href=\"http:\/\/demokracia.com\/?fbclid=IwZXh0bgNhZW0CMTAAAR4f609eL-5w1kVAZFx_rwUs2A4XLe4JQCALGquiupsgaNmv6GyiGkzV7LZzfA_aem_sI2Oa1690yEeGL5--tt2cw\" target=\"_blank\" rel=\"noreferrer noopener\">Demokracia.com<\/a>, <a href=\"https:\/\/l.facebook.com\/l.php?u=https%3A%2F%2FNacionale.com%2F%3Ffbclid%3DIwZXh0bgNhZW0CMTAAAR4U3xFbC4c0AMTCSFnbX4pYHPzEQbRVLj2bmdqFhzZpeqkfiAJO_cj5_fP90Q_aem_QXTOHYzoHN38SyeLztrLRQ&amp;h=AT10A595fsKYpNDa5_RfJVZgOlY4goI2e6EWRtj6ZcblzzWiN8N6mEv6SkZOgvFx9DXe19UESEquSKWI7uVPfDfb7Rq0O4LlLIpbPuc5U7wmchR42HiPUowdI15PyFX0PJOsjWksvU4yLD1_&amp;__tn__=-UK-R&amp;c[0]=AT2lV8qkvgYCRPAhsALY96UKmesPsrWHWLcV8MDHbpUUaKxSJwjlz-LKjexnVe_Ix371nDU-EFSyJ0VIUZtMZ0EPKWYOq5O7GDGjZUA71C8smeA8SBpPDAWevwWlmCVHjUaIxHj39E_keToHUOzfl_ikuD82s1S8sZfG_VCPS2E4\" target=\"_blank\" rel=\"noreferrer noopener\">Nacionale.com<\/a>, <a href=\"https:\/\/l.facebook.com\/l.php?u=https%3A%2F%2FSinjali.com%2F%3Ffbclid%3DIwZXh0bgNhZW0CMTAAAR4SDJAQoybJOsIfhdnAnylBu3RqykJuTsUuo8sg2b83yoVlLzUxsMuQayrb4A_aem_CT-fXYVnmP7B-j9Kx6pp-w&amp;h=AT2DvVjNUxUW_OpZqLpYsU5TXCDwAA0ifv9kGNXzm4FGO1SifsHsEOVQkJCRET0hTA4uel6HDkfNN6Q5Ey2kJF68MqDOvf0mCdA9Of3mW-Zjmd_j8S4seGCPSs9o098OjbyzSm075AHP-SLg&amp;__tn__=-UK-R&amp;c[0]=AT2lV8qkvgYCRPAhsALY96UKmesPsrWHWLcV8MDHbpUUaKxSJwjlz-LKjexnVe_Ix371nDU-EFSyJ0VIUZtMZ0EPKWYOq5O7GDGjZUA71C8smeA8SBpPDAWevwWlmCVHjUaIxHj39E_keToHUOzfl_ikuD82s1S8sZfG_VCPS2E4\" target=\"_blank\" rel=\"noreferrer noopener\">Sinjali.com<\/a>, <a href=\"https:\/\/l.facebook.com\/l.php?u=http%3A%2F%2FPaparaci.com%2F%3Ffbclid%3DIwZXh0bgNhZW0CMTAAAR5Rl8l24i_y_JXFBWWqPMoahx8T4sFu2av_PoRrzAzXru9x3UwVsPahc8vAgQ_aem_dPEQScjNpOfyepJCZuEfzA&amp;h=AT059fqFO0VF82mki6qPK3DHBdXv5yzN2WX8QhS0isXTPAJ45P3cUHbU1yG_KfB4bWUruCOAeNQ2SqHb5dQLaIPu6CBgUXAUNjQdeaEtOjbt5DxGxVPqEg8Ar20kSqdyMBKEf7rxjuFnEw4R&amp;__tn__=-UK-R&amp;c[0]=AT2lV8qkvgYCRPAhsALY96UKmesPsrWHWLcV8MDHbpUUaKxSJwjlz-LKjexnVe_Ix371nDU-EFSyJ0VIUZtMZ0EPKWYOq5O7GDGjZUA71C8smeA8SBpPDAWevwWlmCVHjUaIxHj39E_keToHUOzfl_ikuD82s1S8sZfG_VCPS2E4\" target=\"_blank\" rel=\"noreferrer noopener\">Paparaci.com<\/a> dhe <a href=\"https:\/\/l.facebook.com\/l.php?u=http%3A%2F%2FGazetademos.com%2F%3Ffbclid%3DIwZXh0bgNhZW0CMTAAAR4SDJAQoybJOsIfhdnAnylBu3RqykJuTsUuo8sg2b83yoVlLzUxsMuQayrb4A_aem_CT-fXYVnmP7B-j9Kx6pp-w&amp;h=AT3p3Xw9ioG72Q1t-QZv5WfUXaNl4O9lcXCJwJeKSgu90JasfV3yRCf34FaSUmYOskpS5fOTBUbsRvogh4RyevJT9_XMMiHwLJGDaq_z9EdTWhwaqWiysZD_NAujD2gQhGfN3FlzmSnON142&amp;__tn__=-UK-R&amp;c[0]=AT2lV8qkvgYCRPAhsALY96UKmesPsrWHWLcV8MDHbpUUaKxSJwjlz-LKjexnVe_Ix371nDU-EFSyJ0VIUZtMZ0EPKWYOq5O7GDGjZUA71C8smeA8SBpPDAWevwWlmCVHjUaIxHj39E_keToHUOzfl_ikuD82s1S8sZfG_VCPS2E4\" target=\"_blank\" rel=\"noreferrer noopener\">Gazetademos.com<\/a> p\u00ebr shkrimet \u201c\u2019Valicon\u2019 q\u00eb nxori VV-n\u00eb 52% drejtohet nga personi i paguar nga GEN-i si Martin Berishaj\u201d, \u201cPushteti n\u00eb panik, pas b\u00ebrtimave, lin\u00e7imeve e nxitjes s\u00eb urrejtjes, Kurti porosit t\u00eb ashtuquajtura sondazhe nga njer\u00ebz q\u00eb paguhen si Martin Berishaj nga GEN-i i rrym\u00ebs\u201d, &#8220;\u2019Valicon\u2019 q\u00eb nxori dje VV-n\u00eb 52% mori brenda viti 33 mij\u00eb euro nga GEN-i i Martin Berish\u00ebs\u201d dhe \u201cRaportohet se kompania sllovene \u2018Valicon\u2019 q\u00eb nxori VV-n\u00eb 52% mori 33 mij\u00eb \u20ac brenda vitit nga GEN-i i Berishajt\u201d, duke konstatuar se nga k\u00ebto media, <a href=\"https:\/\/l.facebook.com\/l.php?u=http%3A%2F%2FDemokracia.com%2F%3Ffbclid%3DIwZXh0bgNhZW0CMTAAAR4SDJAQoybJOsIfhdnAnylBu3RqykJuTsUuo8sg2b83yoVlLzUxsMuQayrb4A_aem_CT-fXYVnmP7B-j9Kx6pp-w&amp;h=AT0tCxhlBOIwUiIhfZP5ECbwQ4H-es1h98tE554ek72EnW9-8Dru1cfa1ig7u7YvNFNg-NR8LClqxPQ7DTcFS0yQtRGiiG48m1bctWRICJUYRM2mS_uP-mSqBxGYjHllo1Y0AfXqAE2S5PKq&amp;__tn__=-UK-R&amp;c[0]=AT2lV8qkvgYCRPAhsALY96UKmesPsrWHWLcV8MDHbpUUaKxSJwjlz-LKjexnVe_Ix371nDU-EFSyJ0VIUZtMZ0EPKWYOq5O7GDGjZUA71C8smeA8SBpPDAWevwWlmCVHjUaIxHj39E_keToHUOzfl_ikuD82s1S8sZfG_VCPS2E4\" target=\"_blank\" rel=\"noreferrer noopener\">Demokracia.com<\/a>, <a href=\"https:\/\/l.facebook.com\/l.php?u=https%3A%2F%2FSinjali.com%2F%3Ffbclid%3DIwZXh0bgNhZW0CMTAAAR4U3xFbC4c0AMTCSFnbX4pYHPzEQbRVLj2bmdqFhzZpeqkfiAJO_cj5_fP90Q_aem_QXTOHYzoHN38SyeLztrLRQ&amp;h=AT2DvVjNUxUW_OpZqLpYsU5TXCDwAA0ifv9kGNXzm4FGO1SifsHsEOVQkJCRET0hTA4uel6HDkfNN6Q5Ey2kJF68MqDOvf0mCdA9Of3mW-Zjmd_j8S4seGCPSs9o098OjbyzSm075AHP-SLg&amp;__tn__=-UK-R&amp;c[0]=AT2lV8qkvgYCRPAhsALY96UKmesPsrWHWLcV8MDHbpUUaKxSJwjlz-LKjexnVe_Ix371nDU-EFSyJ0VIUZtMZ0EPKWYOq5O7GDGjZUA71C8smeA8SBpPDAWevwWlmCVHjUaIxHj39E_keToHUOzfl_ikuD82s1S8sZfG_VCPS2E4\" target=\"_blank\" rel=\"noreferrer noopener\">Sinjali.com<\/a> dhe <a href=\"http:\/\/gazetademos.com\/?fbclid=IwZXh0bgNhZW0CMTAAAR4CUqYU0FVMv3BHjpn3eHSmDg-MoLWR49RA8M9si71kdgZwHBXbbKjf4X_MzQ_aem_ZZRLNt0HLOm7Kviolo_g1A\" target=\"_blank\" rel=\"noreferrer noopener\">Gazetademos.com<\/a> kan\u00eb shkelur Kapitullin IV, por jo Kapitullin II t\u00eb Kodit t\u00eb Mediave t\u00eb Shkruara t\u00eb Kosov\u00ebs, si\u00e7 pretendon pala ankuese, kurse <a href=\"https:\/\/l.facebook.com\/l.php?u=https%3A%2F%2FNacionale.com%2F%3Ffbclid%3DIwZXh0bgNhZW0CMTAAAR7_LQJibtdL25zGg9yJ4SdaOc7t2feAgt9_Iv5sMIrR2gNhI5H32zOll7R2SQ_aem_RsUJFzK0B4V_ihZvEu9UGw&amp;h=AT10A595fsKYpNDa5_RfJVZgOlY4goI2e6EWRtj6ZcblzzWiN8N6mEv6SkZOgvFx9DXe19UESEquSKWI7uVPfDfb7Rq0O4LlLIpbPuc5U7wmchR42HiPUowdI15PyFX0PJOsjWksvU4yLD1_&amp;__tn__=-UK-R&amp;c[0]=AT2lV8qkvgYCRPAhsALY96UKmesPsrWHWLcV8MDHbpUUaKxSJwjlz-LKjexnVe_Ix371nDU-EFSyJ0VIUZtMZ0EPKWYOq5O7GDGjZUA71C8smeA8SBpPDAWevwWlmCVHjUaIxHj39E_keToHUOzfl_ikuD82s1S8sZfG_VCPS2E4\" target=\"_blank\" rel=\"noreferrer noopener\">Nacionale.com<\/a> dhe <a href=\"http:\/\/paparaci.com\/?fbclid=IwZXh0bgNhZW0CMTAAAR4SDJAQoybJOsIfhdnAnylBu3RqykJuTsUuo8sg2b83yoVlLzUxsMuQayrb4A_aem_CT-fXYVnmP7B-j9Kx6pp-w\" target=\"_blank\" rel=\"noreferrer noopener\">Paparaci.com<\/a> nuk kan\u00eb b\u00ebr\u00eb shkelje.<\/p>\r\n\r\n\r\n\r\n<p class=\"wp-block-paragraph\">KMShK ka miratuar pjes\u00ebrisht ankes\u00ebn e Ministris\u00eb s\u00eb Arsimit, Shkenc\u00ebs, Teknologjis\u00eb dhe Inovacionit kund\u00ebr <a href=\"https:\/\/l.facebook.com\/l.php?u=http%3A%2F%2FPeriskopi.com%2F%3Ffbclid%3DIwZXh0bgNhZW0CMTAAAR761ZfZS7yheUnSafU3QJ86Dq92qxK_9ELA6UQRVaPprsuYTTKCnvLsgezI1w_aem_uFoHZ_I_P42mhLKbqOsc1w&amp;h=AT3LvbmDYAAyxf7q9cvjUYAHt7AWmE2QkK8Tdkio3hEXB1-YmAy80lv8GiJl-nD9KRwh1tOC-_MzL6dQgyaFvesnrStBjO45mSL9hxOHGcpKyS1mceXEKbbSzZc5r3zinO5pfPV6FHyOHjvg&amp;__tn__=-UK-R&amp;c[0]=AT2lV8qkvgYCRPAhsALY96UKmesPsrWHWLcV8MDHbpUUaKxSJwjlz-LKjexnVe_Ix371nDU-EFSyJ0VIUZtMZ0EPKWYOq5O7GDGjZUA71C8smeA8SBpPDAWevwWlmCVHjUaIxHj39E_keToHUOzfl_ikuD82s1S8sZfG_VCPS2E4\" target=\"_blank\" rel=\"noreferrer noopener\">Periskopi.com<\/a> p\u00ebr shkrimin me titull \u201cKonfirmohet raportimi i Periskopit: Nagavci e d\u00ebrgon deri n\u00eb fund \u2018misionin\u2019, e rehaton shoqen e saj n\u00eb Ministri t\u00eb Arsimit\u201d, duke konstatuar se \u00ebsht\u00eb shkelur Kapitulli IV, por jo Kapitulli II i Kodit t\u00eb Mediave t\u00eb Shkruara t\u00eb Kosov\u00ebs, si\u00e7 pretendon pala ankuese.<\/p>\r\n\r\n\r\n\r\n<p class=\"wp-block-paragraph\">KMShK ka miratuar pjes\u00ebrisht ankes\u00ebn e Fisnik Korenic\u00ebs kund\u00ebr <a href=\"http:\/\/paparaci.com\/?fbclid=IwZXh0bgNhZW0CMTAAAR4U3xFbC4c0AMTCSFnbX4pYHPzEQbRVLj2bmdqFhzZpeqkfiAJO_cj5_fP90Q_aem_QXTOHYzoHN38SyeLztrLRQ\" target=\"_blank\" rel=\"noreferrer noopener\">Paparaci.com<\/a>, <a href=\"https:\/\/l.facebook.com\/l.php?u=https%3A%2F%2FNacionale.com%2F%3Ffbclid%3DIwZXh0bgNhZW0CMTAAAR7_LQJibtdL25zGg9yJ4SdaOc7t2feAgt9_Iv5sMIrR2gNhI5H32zOll7R2SQ_aem_RsUJFzK0B4V_ihZvEu9UGw&amp;h=AT10A595fsKYpNDa5_RfJVZgOlY4goI2e6EWRtj6ZcblzzWiN8N6mEv6SkZOgvFx9DXe19UESEquSKWI7uVPfDfb7Rq0O4LlLIpbPuc5U7wmchR42HiPUowdI15PyFX0PJOsjWksvU4yLD1_&amp;__tn__=-UK-R&amp;c[0]=AT2lV8qkvgYCRPAhsALY96UKmesPsrWHWLcV8MDHbpUUaKxSJwjlz-LKjexnVe_Ix371nDU-EFSyJ0VIUZtMZ0EPKWYOq5O7GDGjZUA71C8smeA8SBpPDAWevwWlmCVHjUaIxHj39E_keToHUOzfl_ikuD82s1S8sZfG_VCPS2E4\" target=\"_blank\" rel=\"noreferrer noopener\">Nacionale.com<\/a> dhe <a href=\"https:\/\/l.facebook.com\/l.php?u=http%3A%2F%2FPeriskopi.com%2F%3Ffbclid%3DIwZXh0bgNhZW0CMTAAAR4CUqYU0FVMv3BHjpn3eHSmDg-MoLWR49RA8M9si71kdgZwHBXbbKjf4X_MzQ_aem_ZZRLNt0HLOm7Kviolo_g1A&amp;h=AT3LvbmDYAAyxf7q9cvjUYAHt7AWmE2QkK8Tdkio3hEXB1-YmAy80lv8GiJl-nD9KRwh1tOC-_MzL6dQgyaFvesnrStBjO45mSL9hxOHGcpKyS1mceXEKbbSzZc5r3zinO5pfPV6FHyOHjvg&amp;__tn__=-UK-R&amp;c[0]=AT2lV8qkvgYCRPAhsALY96UKmesPsrWHWLcV8MDHbpUUaKxSJwjlz-LKjexnVe_Ix371nDU-EFSyJ0VIUZtMZ0EPKWYOq5O7GDGjZUA71C8smeA8SBpPDAWevwWlmCVHjUaIxHj39E_keToHUOzfl_ikuD82s1S8sZfG_VCPS2E4\" target=\"_blank\" rel=\"noreferrer noopener\">Periskopi.com<\/a> p\u00ebr shkrimet me tituj \u201dEdhe nj\u00eb afer\u00eb bombastike shp\u00ebrthen n\u00eb kabinetin e Kurtit &#8211; prap\u00eb energjia\u201d, \u201cK\u00ebshilltari i Kurtit i p\u00ebrfshir\u00eb n\u00eb afer\u00ebn 37 milion\u00ebshe korruptive t\u00eb KEK-ut\u201d, \u201cTenderi i dyshimt\u00eb p\u00ebr avokatin Isuf Zejna, Nagip Krasniqi e implikon profesorin e UP-s\u00eb\u201d dhe \u201cLidhjet e ngushta t\u00eb Kurtit me energjin\u00eb elektrike &#8211; skema\u201d, duke konstatuar se \u00ebsht\u00eb shkelur Kapitulli IV, por jo Kapitulli II i Kodit t\u00eb Mediave t\u00eb Shkruara t\u00eb Kosov\u00ebs, si\u00e7 pretendon pala ankuese.<\/p>\r\n\r\n\r\n\r\n<p class=\"wp-block-paragraph\">KMShK ka miratuar pjes\u00ebrisht ankes\u00ebn e Telekomit t\u00eb Kosov\u00ebs kund\u00ebr <a href=\"https:\/\/l.facebook.com\/l.php?u=http%3A%2F%2FDemokracia.com%2F%3Ffbclid%3DIwZXh0bgNhZW0CMTAAAR5sLnJCxqLzYXKrD5awzUK8Baa4nxE6bLLeQRwTGsBZ8rCdyu-RGeBWiJf47Q_aem_7WfvcqFIDKKZEpFruhBr3A&amp;h=AT0tCxhlBOIwUiIhfZP5ECbwQ4H-es1h98tE554ek72EnW9-8Dru1cfa1ig7u7YvNFNg-NR8LClqxPQ7DTcFS0yQtRGiiG48m1bctWRICJUYRM2mS_uP-mSqBxGYjHllo1Y0AfXqAE2S5PKq&amp;__tn__=-UK-R&amp;c[0]=AT2lV8qkvgYCRPAhsALY96UKmesPsrWHWLcV8MDHbpUUaKxSJwjlz-LKjexnVe_Ix371nDU-EFSyJ0VIUZtMZ0EPKWYOq5O7GDGjZUA71C8smeA8SBpPDAWevwWlmCVHjUaIxHj39E_keToHUOzfl_ikuD82s1S8sZfG_VCPS2E4\" target=\"_blank\" rel=\"noreferrer noopener\">Demokracia.com<\/a>, Fokusi.info dhe <a href=\"https:\/\/l.facebook.com\/l.php?u=http%3A%2F%2FIndeksonline.net%2F%3Ffbclid%3DIwZXh0bgNhZW0CMTAAAR6Mjytd0j3228pty6ZjZVi8eMwk0HoEMhELIlGHWz2xVnPnxVZnMi7M9zAB6w_aem_Utu2TbxT1U-mrz-vaSNX1g&amp;h=AT1Ki6j1ZEAR_w89kS-CkuR9UZfTtzqG57GeEguGY7YORg_YZyJ7toCDGVNIHgBEKZaTpS3xscp5PLLc7fRLW0lcZQKg3WqGIFwccHUz1hRe13ru9mBuaC8k6mLsHCYjfCA2phesVyFnu758&amp;__tn__=-UK-R&amp;c[0]=AT2lV8qkvgYCRPAhsALY96UKmesPsrWHWLcV8MDHbpUUaKxSJwjlz-LKjexnVe_Ix371nDU-EFSyJ0VIUZtMZ0EPKWYOq5O7GDGjZUA71C8smeA8SBpPDAWevwWlmCVHjUaIxHj39E_keToHUOzfl_ikuD82s1S8sZfG_VCPS2E4\" target=\"_blank\" rel=\"noreferrer noopener\">Indeksonline.net<\/a> p\u00ebr shkrimet me tituj \u201dTelekomi i Kosov\u00ebs jep kontrat\u00eb pa gar\u00eb p\u00ebr sistemin q\u00eb lejon kalimin e numrave nga nj\u00eb operator te tjetri\u201d, p\u00ebrkat\u00ebsisht \u201cTelekomi s\u2019jan\u00eb parimor\u00eb, e dhan\u00eb edhe nj\u00eb tender nj\u00ebburimor\u201d, duke konstatuar se \u00ebsht\u00eb shkelur Kapitulli IV, por jo Kapitulli II i Kodit t\u00eb Mediave t\u00eb Shkruara t\u00eb Kosov\u00ebs, si\u00e7 pretendon pala ankuese.<\/p>\r\n\r\n\r\n\r\n<p class=\"wp-block-paragraph\">KMShK ka miratuar pjes\u00ebrisht ankes\u00ebn e Xhafer Tahirit kund\u00ebr <a href=\"http:\/\/gazetainfokus.com\/?fbclid=IwZXh0bgNhZW0CMTAAAR5sLnJCxqLzYXKrD5awzUK8Baa4nxE6bLLeQRwTGsBZ8rCdyu-RGeBWiJf47Q_aem_7WfvcqFIDKKZEpFruhBr3A\" target=\"_blank\" rel=\"noreferrer noopener\">Gazetainfokus.com<\/a> p\u00ebr shkrimin me titull \u201dKomisioneri i LDK n\u00eb Vushtrri vjedh vota p\u00ebr Xhafer Tahirin, prokuroria nis hetimet\u201d, duke konstatuar se \u00ebsht\u00eb shkelur pjes\u00ebrisht Kapitulli II i Kodit t\u00eb Mediave t\u00eb Shkruara t\u00eb Kosov\u00ebs.<\/p>\r\n\r\n\r\n\r\n<p class=\"wp-block-paragraph\">KMShK ka miratuar pjes\u00ebrisht ankes\u00ebn e Xhafer Tahirit kund\u00ebr <a href=\"https:\/\/l.facebook.com\/l.php?u=http%3A%2F%2FJepize.com%2F%3Ffbclid%3DIwZXh0bgNhZW0CMTAAAR4f609eL-5w1kVAZFx_rwUs2A4XLe4JQCALGquiupsgaNmv6GyiGkzV7LZzfA_aem_sI2Oa1690yEeGL5--tt2cw&amp;h=AT0AkJN9lOuaqZ8FYzqHkIQpHOYNYRLhyMLTaXXLi609rQn68Jg9IpVqYa35N4fYZgCzXMLBY94oeRcROaircxtqPFeVHu3lOZ2bJ9-s37pDQcDuT8FObUrkgOF0BiQSkTzvg20G6iMYEhT5&amp;__tn__=-UK-R&amp;c[0]=AT2lV8qkvgYCRPAhsALY96UKmesPsrWHWLcV8MDHbpUUaKxSJwjlz-LKjexnVe_Ix371nDU-EFSyJ0VIUZtMZ0EPKWYOq5O7GDGjZUA71C8smeA8SBpPDAWevwWlmCVHjUaIxHj39E_keToHUOzfl_ikuD82s1S8sZfG_VCPS2E4\" target=\"_blank\" rel=\"noreferrer noopener\">Jepize.com<\/a> p\u00ebr shkrimin me titull \u201dKomisioneri i LDK n\u00eb Vushtrri vjedh vota p\u00ebr Xhafer Tahirin, prokuroria nis hetimet\u201d, duke konstatuar se \u00ebsht\u00eb shkelur pjes\u00ebrisht Kapitulli II i Kodit t\u00eb Mediave t\u00eb Shkruara t\u00eb Kosov\u00ebs.<\/p>\r\n\r\n\r\n\r\n<p class=\"wp-block-paragraph\">KMShK nuk e ka miratuar (e ka hedhur posht\u00eb) ankes\u00ebn e Arjeta Krasniqit kund\u00ebr <a href=\"https:\/\/l.facebook.com\/l.php?u=http%3A%2F%2FIndeksonline.net%2F%3Ffbclid%3DIwZXh0bgNhZW0CMTAAAR6Mjytd0j3228pty6ZjZVi8eMwk0HoEMhELIlGHWz2xVnPnxVZnMi7M9zAB6w_aem_Utu2TbxT1U-mrz-vaSNX1g&amp;h=AT1Ki6j1ZEAR_w89kS-CkuR9UZfTtzqG57GeEguGY7YORg_YZyJ7toCDGVNIHgBEKZaTpS3xscp5PLLc7fRLW0lcZQKg3WqGIFwccHUz1hRe13ru9mBuaC8k6mLsHCYjfCA2phesVyFnu758&amp;__tn__=-UK-R&amp;c[0]=AT2lV8qkvgYCRPAhsALY96UKmesPsrWHWLcV8MDHbpUUaKxSJwjlz-LKjexnVe_Ix371nDU-EFSyJ0VIUZtMZ0EPKWYOq5O7GDGjZUA71C8smeA8SBpPDAWevwWlmCVHjUaIxHj39E_keToHUOzfl_ikuD82s1S8sZfG_VCPS2E4\" target=\"_blank\" rel=\"noreferrer noopener\">Indeksonline.net<\/a>, <a href=\"http:\/\/kosovapress.com\/?fbclid=IwZXh0bgNhZW0CMTAAAR4SDJAQoybJOsIfhdnAnylBu3RqykJuTsUuo8sg2b83yoVlLzUxsMuQayrb4A_aem_CT-fXYVnmP7B-j9Kx6pp-w\" target=\"_blank\" rel=\"noreferrer noopener\">Kosovapress.com<\/a>, <a href=\"http:\/\/telegrafi.com\/?fbclid=IwZXh0bgNhZW0CMTAAAR5Rl8l24i_y_JXFBWWqPMoahx8T4sFu2av_PoRrzAzXru9x3UwVsPahc8vAgQ_aem_dPEQScjNpOfyepJCZuEfzA\" target=\"_blank\" rel=\"noreferrer noopener\">Telegrafi.com<\/a>, Klankosova.tv, Atvlive.tv, <a href=\"https:\/\/l.facebook.com\/l.php?u=http%3A%2F%2FDemokracia.com%2F%3Ffbclid%3DIwZXh0bgNhZW0CMTAAAR4SDJAQoybJOsIfhdnAnylBu3RqykJuTsUuo8sg2b83yoVlLzUxsMuQayrb4A_aem_CT-fXYVnmP7B-j9Kx6pp-w&amp;h=AT0tCxhlBOIwUiIhfZP5ECbwQ4H-es1h98tE554ek72EnW9-8Dru1cfa1ig7u7YvNFNg-NR8LClqxPQ7DTcFS0yQtRGiiG48m1bctWRICJUYRM2mS_uP-mSqBxGYjHllo1Y0AfXqAE2S5PKq&amp;__tn__=-UK-R&amp;c[0]=AT2lV8qkvgYCRPAhsALY96UKmesPsrWHWLcV8MDHbpUUaKxSJwjlz-LKjexnVe_Ix371nDU-EFSyJ0VIUZtMZ0EPKWYOq5O7GDGjZUA71C8smeA8SBpPDAWevwWlmCVHjUaIxHj39E_keToHUOzfl_ikuD82s1S8sZfG_VCPS2E4\" target=\"_blank\" rel=\"noreferrer noopener\">Demokracia.com<\/a>, <a href=\"http:\/\/lajmi.net\/?fbclid=IwZXh0bgNhZW0CMTAAAR4SDJAQoybJOsIfhdnAnylBu3RqykJuTsUuo8sg2b83yoVlLzUxsMuQayrb4A_aem_CT-fXYVnmP7B-j9Kx6pp-w\" target=\"_blank\" rel=\"noreferrer noopener\">Lajmi.net<\/a> dhe <a href=\"http:\/\/telenews.al\/?fbclid=IwZXh0bgNhZW0CMTAAAR761ZfZS7yheUnSafU3QJ86Dq92qxK_9ELA6UQRVaPprsuYTTKCnvLsgezI1w_aem_uFoHZ_I_P42mhLKbqOsc1w\" target=\"_blank\" rel=\"noreferrer noopener\">Telenews.al<\/a> p\u00ebr shkrimet me tituj \u201cNx\u00ebn\u00ebsit e nj\u00eb klase n\u00eb nj\u00eb shkoll\u00eb t\u00eb Prishtin\u00ebs bojkotojn\u00eb m\u00ebsimin shkak dhuna fizke\u201d, p\u00ebrkat\u00ebsisht \u201cNd\u00ebrpritet m\u00ebsimi n\u00eb shkoll\u00ebn Dardania p\u00ebr shkak t\u00eb dhun\u00ebs, prind\u00ebrit alarmojn\u00eb institucionet\u201d, p\u00ebrkat\u00ebsisht \u201cShoku i klas\u00ebs p\u00ebrdor dhun\u00eb, klasa 6-3 n\u00eb shkoll\u00ebn \u2018Dardania\u2019 nuk mbajn\u00eb m\u00ebsim\u201d etj., duke konstatuar se nuk jan\u00eb shkelur kapitujt II dhe IV t\u00eb Kodit t\u00eb Mediave t\u00eb Shkruara t\u00eb Kosov\u00ebs, si\u00e7 pretendon pala ankuese.<\/p>\r\n\r\n\r\n\r\n<figure class=\"wp-block-image size-large\"><img loading=\"lazy\" decoding=\"async\" width=\"1024\" height=\"478\" class=\"wp-image-14234\" src=\"https:\/\/presscouncil-ks.org\/wp-content\/uploads\/2025\/04\/2-1024x478.jpg\" alt=\"\" srcset=\"http:\/\/presscouncil-ks.org\/wp-content\/uploads\/2025\/04\/2-1024x478.jpg 1024w, http:\/\/presscouncil-ks.org\/wp-content\/uploads\/2025\/04\/2-300x140.jpg 300w, http:\/\/presscouncil-ks.org\/wp-content\/uploads\/2025\/04\/2-768x359.jpg 768w, http:\/\/presscouncil-ks.org\/wp-content\/uploads\/2025\/04\/2-1536x717.jpg 1536w, http:\/\/presscouncil-ks.org\/wp-content\/uploads\/2025\/04\/2-2048x956.jpg 2048w\" sizes=\"auto, (max-width: 1024px) 100vw, 1024px\" \/><\/figure>\r\n","protected":false},"excerpt":{"rendered":"<p>K\u00ebshilli i Mediave t\u00eb Shkruara t\u00eb Kosov\u00ebs (KMShK) n\u00eb mbledhjen e rregullt ka shqyrtuar gjithsej 12 ankesa. An\u00ebtar\u00ebt e Kuvendit t\u00eb KMShK-s\u00eb kan\u00eb vendosur q\u00eb t\u00eb miratohen tri nga to, gjasht\u00eb t\u00eb miratohen pjes\u00ebrisht, nj\u00eb ankes\u00eb t\u00eb refuzohet dhe dy t\u00eb shpallen t\u00eb patrajtueshme. Ankesat kishin t\u00eb b\u00ebnin me pretendimet p\u00ebr shkeljen e kapitujve t\u00eb [&hellip;]<\/p>\n","protected":false},"author":2,"featured_media":16604,"comment_status":"open","ping_status":"open","sticky":false,"template":"","format":"standard","meta":{"footnotes":""},"categories":[92],"tags":[],"class_list":["post-14233","post","type-post","status-publish","format-standard","has-post-thumbnail","hentry","category-news-sq"],"acf":{"video_title":"","video":false},"yoast_head":"<!-- This site is optimized with the Yoast SEO plugin v28.3 - https:\/\/yoast.com\/product\/yoast-seo-wordpress\/ -->\n<title>Shkurt: KUVENDI I KMShK-s\u00eb MORI VENDIM P\u00cbR 12 ANKESA - K\u00ebshilli i Mediave t\u00eb Shkruara t\u00eb Kosov\u00ebs | P\u00ebr nj\u00eb gazetari etike dhe profesionale<\/title>\n<meta name=\"robots\" content=\"index, follow, max-snippet:-1, max-image-preview:large, max-video-preview:-1\" \/>\n<link rel=\"canonical\" href=\"http:\/\/presscouncil-ks.org\/?p=14233\" \/>\n<meta property=\"og:locale\" content=\"en_US\" \/>\n<meta property=\"og:type\" content=\"article\" \/>\n<meta property=\"og:title\" content=\"Shkurt: KUVENDI I KMShK-s\u00eb MORI VENDIM P\u00cbR 12 ANKESA - K\u00ebshilli i Mediave t\u00eb Shkruara t\u00eb Kosov\u00ebs | P\u00ebr nj\u00eb gazetari etike dhe profesionale\" \/>\n<meta property=\"og:description\" content=\"K\u00ebshilli i Mediave t\u00eb Shkruara t\u00eb Kosov\u00ebs (KMShK) n\u00eb mbledhjen e rregullt ka shqyrtuar gjithsej 12 ankesa. An\u00ebtar\u00ebt e Kuvendit t\u00eb KMShK-s\u00eb kan\u00eb vendosur q\u00eb t\u00eb miratohen tri nga to, gjasht\u00eb t\u00eb miratohen pjes\u00ebrisht, nj\u00eb ankes\u00eb t\u00eb refuzohet dhe dy t\u00eb shpallen t\u00eb patrajtueshme. Ankesat kishin t\u00eb b\u00ebnin me pretendimet p\u00ebr shkeljen e kapitujve t\u00eb [&hellip;]\" \/>\n<meta property=\"og:url\" content=\"http:\/\/presscouncil-ks.org\/?p=14233\" \/>\n<meta property=\"og:site_name\" content=\"K\u00ebshilli i Mediave t\u00eb Shkruara t\u00eb Kosov\u00ebs | P\u00ebr nj\u00eb gazetari etike dhe profesionale\" \/>\n<meta property=\"article:publisher\" content=\"https:\/\/www.facebook.com\/KMSHKosove\" \/>\n<meta property=\"article:published_time\" content=\"2025-04-22T15:52:31+00:00\" \/>\n<meta property=\"article:modified_time\" content=\"2025-07-16T13:53:14+00:00\" \/>\n<meta property=\"og:image\" content=\"http:\/\/presscouncil-ks.org\/wp-content\/uploads\/2025\/04\/12-ankesa.jpg\" \/>\n\t<meta property=\"og:image:width\" content=\"1024\" \/>\n\t<meta property=\"og:image:height\" content=\"478\" \/>\n\t<meta property=\"og:image:type\" content=\"image\/jpeg\" \/>\n<meta name=\"author\" content=\"Editor\" \/>\n<meta name=\"twitter:card\" content=\"summary_large_image\" \/>\n<meta name=\"twitter:label1\" content=\"Written by\" \/>\n\t<meta name=\"twitter:data1\" content=\"Editor\" \/>\n\t<meta name=\"twitter:label2\" content=\"Est. reading time\" \/>\n\t<meta name=\"twitter:data2\" content=\"5 minutes\" \/>\n<script type=\"application\/ld+json\" class=\"yoast-schema-graph\">{\"@context\":\"https:\\\/\\\/schema.org\",\"@graph\":[{\"@type\":\"Article\",\"@id\":\"http:\\\/\\\/presscouncil-ks.org\\\/?p=14233#article\",\"isPartOf\":{\"@id\":\"http:\\\/\\\/presscouncil-ks.org\\\/?p=14233\"},\"author\":{\"name\":\"Editor\",\"@id\":\"http:\\\/\\\/presscouncil-ks.org\\\/#\\\/schema\\\/person\\\/b79d30c61264caeb733239c16cc4d673\"},\"headline\":\"Shkurt: KUVENDI I KMShK-s\u00eb MORI VENDIM P\u00cbR 12 ANKESA\",\"datePublished\":\"2025-04-22T15:52:31+00:00\",\"dateModified\":\"2025-07-16T13:53:14+00:00\",\"mainEntityOfPage\":{\"@id\":\"http:\\\/\\\/presscouncil-ks.org\\\/?p=14233\"},\"wordCount\":965,\"commentCount\":0,\"publisher\":{\"@id\":\"http:\\\/\\\/presscouncil-ks.org\\\/#organization\"},\"image\":{\"@id\":\"http:\\\/\\\/presscouncil-ks.org\\\/?p=14233#primaryimage\"},\"thumbnailUrl\":\"http:\\\/\\\/presscouncil-ks.org\\\/wp-content\\\/uploads\\\/2025\\\/04\\\/12-ankesa.jpg\",\"articleSection\":[\"Lajm\"],\"inLanguage\":\"en-US\",\"potentialAction\":[{\"@type\":\"CommentAction\",\"name\":\"Comment\",\"target\":[\"http:\\\/\\\/presscouncil-ks.org\\\/?p=14233#respond\"]}]},{\"@type\":\"WebPage\",\"@id\":\"http:\\\/\\\/presscouncil-ks.org\\\/?p=14233\",\"url\":\"http:\\\/\\\/presscouncil-ks.org\\\/?p=14233\",\"name\":\"Shkurt: KUVENDI I KMShK-s\u00eb MORI VENDIM P\u00cbR 12 ANKESA - K\u00ebshilli i Mediave t\u00eb Shkruara t\u00eb Kosov\u00ebs | P\u00ebr nj\u00eb gazetari etike dhe profesionale\",\"isPartOf\":{\"@id\":\"http:\\\/\\\/presscouncil-ks.org\\\/#website\"},\"primaryImageOfPage\":{\"@id\":\"http:\\\/\\\/presscouncil-ks.org\\\/?p=14233#primaryimage\"},\"image\":{\"@id\":\"http:\\\/\\\/presscouncil-ks.org\\\/?p=14233#primaryimage\"},\"thumbnailUrl\":\"http:\\\/\\\/presscouncil-ks.org\\\/wp-content\\\/uploads\\\/2025\\\/04\\\/12-ankesa.jpg\",\"datePublished\":\"2025-04-22T15:52:31+00:00\",\"dateModified\":\"2025-07-16T13:53:14+00:00\",\"breadcrumb\":{\"@id\":\"http:\\\/\\\/presscouncil-ks.org\\\/?p=14233#breadcrumb\"},\"inLanguage\":\"en-US\",\"potentialAction\":[{\"@type\":\"ReadAction\",\"target\":[\"http:\\\/\\\/presscouncil-ks.org\\\/?p=14233\"]}]},{\"@type\":\"ImageObject\",\"inLanguage\":\"en-US\",\"@id\":\"http:\\\/\\\/presscouncil-ks.org\\\/?p=14233#primaryimage\",\"url\":\"http:\\\/\\\/presscouncil-ks.org\\\/wp-content\\\/uploads\\\/2025\\\/04\\\/12-ankesa.jpg\",\"contentUrl\":\"http:\\\/\\\/presscouncil-ks.org\\\/wp-content\\\/uploads\\\/2025\\\/04\\\/12-ankesa.jpg\",\"width\":1024,\"height\":478},{\"@type\":\"BreadcrumbList\",\"@id\":\"http:\\\/\\\/presscouncil-ks.org\\\/?p=14233#breadcrumb\",\"itemListElement\":[{\"@type\":\"ListItem\",\"position\":1,\"name\":\"Home\",\"item\":\"https:\\\/\\\/presscouncil-ks.org\\\/\"},{\"@type\":\"ListItem\",\"position\":2,\"name\":\"Shkurt: KUVENDI I KMShK-s\u00eb MORI VENDIM P\u00cbR 12 ANKESA\"}]},{\"@type\":\"WebSite\",\"@id\":\"http:\\\/\\\/presscouncil-ks.org\\\/#website\",\"url\":\"http:\\\/\\\/presscouncil-ks.org\\\/\",\"name\":\"https:\\\/\\\/presscouncil-ks.org\\\/\",\"description\":\"\",\"publisher\":{\"@id\":\"http:\\\/\\\/presscouncil-ks.org\\\/#organization\"},\"potentialAction\":[{\"@type\":\"SearchAction\",\"target\":{\"@type\":\"EntryPoint\",\"urlTemplate\":\"http:\\\/\\\/presscouncil-ks.org\\\/?s={search_term_string}\"},\"query-input\":{\"@type\":\"PropertyValueSpecification\",\"valueRequired\":true,\"valueName\":\"search_term_string\"}}],\"inLanguage\":\"en-US\"},{\"@type\":\"Organization\",\"@id\":\"http:\\\/\\\/presscouncil-ks.org\\\/#organization\",\"name\":\"K\u00ebshilli i Mediave t\u00eb Shkruara t\u00eb Kosov\u00ebs\",\"url\":\"http:\\\/\\\/presscouncil-ks.org\\\/\",\"logo\":{\"@type\":\"ImageObject\",\"inLanguage\":\"en-US\",\"@id\":\"http:\\\/\\\/presscouncil-ks.org\\\/#\\\/schema\\\/logo\\\/image\\\/\",\"url\":\"http:\\\/\\\/presscouncil-ks.org\\\/wp-content\\\/uploads\\\/2023\\\/06\\\/cropped-logo.png\",\"contentUrl\":\"http:\\\/\\\/presscouncil-ks.org\\\/wp-content\\\/uploads\\\/2023\\\/06\\\/cropped-logo.png\",\"width\":268,\"height\":166,\"caption\":\"K\u00ebshilli i Mediave t\u00eb Shkruara t\u00eb Kosov\u00ebs\"},\"image\":{\"@id\":\"http:\\\/\\\/presscouncil-ks.org\\\/#\\\/schema\\\/logo\\\/image\\\/\"},\"sameAs\":[\"https:\\\/\\\/www.facebook.com\\\/KMSHKosove\"]},{\"@type\":\"Person\",\"@id\":\"http:\\\/\\\/presscouncil-ks.org\\\/#\\\/schema\\\/person\\\/b79d30c61264caeb733239c16cc4d673\",\"name\":\"Editor\",\"image\":{\"@type\":\"ImageObject\",\"inLanguage\":\"en-US\",\"@id\":\"https:\\\/\\\/secure.gravatar.com\\\/avatar\\\/9534865f39e7b3527010ee17196a76d054b16d731a6a5bfe2f92a071c6e9bf4e?s=96&d=mm&r=g\",\"url\":\"https:\\\/\\\/secure.gravatar.com\\\/avatar\\\/9534865f39e7b3527010ee17196a76d054b16d731a6a5bfe2f92a071c6e9bf4e?s=96&d=mm&r=g\",\"contentUrl\":\"https:\\\/\\\/secure.gravatar.com\\\/avatar\\\/9534865f39e7b3527010ee17196a76d054b16d731a6a5bfe2f92a071c6e9bf4e?s=96&d=mm&r=g\",\"caption\":\"Editor\"},\"url\":\"http:\\\/\\\/presscouncil-ks.org\\\/?author=2\"}]}<\/script>\n<!-- \/ Yoast SEO plugin. -->","yoast_head_json":{"title":"Shkurt: KUVENDI I KMShK-s\u00eb MORI VENDIM P\u00cbR 12 ANKESA - K\u00ebshilli i Mediave t\u00eb Shkruara t\u00eb Kosov\u00ebs | P\u00ebr nj\u00eb gazetari etike dhe profesionale","robots":{"index":"index","follow":"follow","max-snippet":"max-snippet:-1","max-image-preview":"max-image-preview:large","max-video-preview":"max-video-preview:-1"},"canonical":"http:\/\/presscouncil-ks.org\/?p=14233","og_locale":"en_US","og_type":"article","og_title":"Shkurt: KUVENDI I KMShK-s\u00eb MORI VENDIM P\u00cbR 12 ANKESA - K\u00ebshilli i Mediave t\u00eb Shkruara t\u00eb Kosov\u00ebs | P\u00ebr nj\u00eb gazetari etike dhe profesionale","og_description":"K\u00ebshilli i Mediave t\u00eb Shkruara t\u00eb Kosov\u00ebs (KMShK) n\u00eb mbledhjen e rregullt ka shqyrtuar gjithsej 12 ankesa. An\u00ebtar\u00ebt e Kuvendit t\u00eb KMShK-s\u00eb kan\u00eb vendosur q\u00eb t\u00eb miratohen tri nga to, gjasht\u00eb t\u00eb miratohen pjes\u00ebrisht, nj\u00eb ankes\u00eb t\u00eb refuzohet dhe dy t\u00eb shpallen t\u00eb patrajtueshme. Ankesat kishin t\u00eb b\u00ebnin me pretendimet p\u00ebr shkeljen e kapitujve t\u00eb [&hellip;]","og_url":"http:\/\/presscouncil-ks.org\/?p=14233","og_site_name":"K\u00ebshilli i Mediave t\u00eb Shkruara t\u00eb Kosov\u00ebs | P\u00ebr nj\u00eb gazetari etike dhe profesionale","article_publisher":"https:\/\/www.facebook.com\/KMSHKosove","article_published_time":"2025-04-22T15:52:31+00:00","article_modified_time":"2025-07-16T13:53:14+00:00","og_image":[{"width":1024,"height":478,"url":"http:\/\/presscouncil-ks.org\/wp-content\/uploads\/2025\/04\/12-ankesa.jpg","type":"image\/jpeg"}],"author":"Editor","twitter_card":"summary_large_image","twitter_misc":{"Written by":"Editor","Est. reading time":"5 minutes"},"schema":{"@context":"https:\/\/schema.org","@graph":[{"@type":"Article","@id":"http:\/\/presscouncil-ks.org\/?p=14233#article","isPartOf":{"@id":"http:\/\/presscouncil-ks.org\/?p=14233"},"author":{"name":"Editor","@id":"http:\/\/presscouncil-ks.org\/#\/schema\/person\/b79d30c61264caeb733239c16cc4d673"},"headline":"Shkurt: KUVENDI I KMShK-s\u00eb MORI VENDIM P\u00cbR 12 ANKESA","datePublished":"2025-04-22T15:52:31+00:00","dateModified":"2025-07-16T13:53:14+00:00","mainEntityOfPage":{"@id":"http:\/\/presscouncil-ks.org\/?p=14233"},"wordCount":965,"commentCount":0,"publisher":{"@id":"http:\/\/presscouncil-ks.org\/#organization"},"image":{"@id":"http:\/\/presscouncil-ks.org\/?p=14233#primaryimage"},"thumbnailUrl":"http:\/\/presscouncil-ks.org\/wp-content\/uploads\/2025\/04\/12-ankesa.jpg","articleSection":["Lajm"],"inLanguage":"en-US","potentialAction":[{"@type":"CommentAction","name":"Comment","target":["http:\/\/presscouncil-ks.org\/?p=14233#respond"]}]},{"@type":"WebPage","@id":"http:\/\/presscouncil-ks.org\/?p=14233","url":"http:\/\/presscouncil-ks.org\/?p=14233","name":"Shkurt: KUVENDI I KMShK-s\u00eb MORI VENDIM P\u00cbR 12 ANKESA - K\u00ebshilli i Mediave t\u00eb Shkruara t\u00eb Kosov\u00ebs | P\u00ebr nj\u00eb gazetari etike dhe profesionale","isPartOf":{"@id":"http:\/\/presscouncil-ks.org\/#website"},"primaryImageOfPage":{"@id":"http:\/\/presscouncil-ks.org\/?p=14233#primaryimage"},"image":{"@id":"http:\/\/presscouncil-ks.org\/?p=14233#primaryimage"},"thumbnailUrl":"http:\/\/presscouncil-ks.org\/wp-content\/uploads\/2025\/04\/12-ankesa.jpg","datePublished":"2025-04-22T15:52:31+00:00","dateModified":"2025-07-16T13:53:14+00:00","breadcrumb":{"@id":"http:\/\/presscouncil-ks.org\/?p=14233#breadcrumb"},"inLanguage":"en-US","potentialAction":[{"@type":"ReadAction","target":["http:\/\/presscouncil-ks.org\/?p=14233"]}]},{"@type":"ImageObject","inLanguage":"en-US","@id":"http:\/\/presscouncil-ks.org\/?p=14233#primaryimage","url":"http:\/\/presscouncil-ks.org\/wp-content\/uploads\/2025\/04\/12-ankesa.jpg","contentUrl":"http:\/\/presscouncil-ks.org\/wp-content\/uploads\/2025\/04\/12-ankesa.jpg","width":1024,"height":478},{"@type":"BreadcrumbList","@id":"http:\/\/presscouncil-ks.org\/?p=14233#breadcrumb","itemListElement":[{"@type":"ListItem","position":1,"name":"Home","item":"https:\/\/presscouncil-ks.org\/"},{"@type":"ListItem","position":2,"name":"Shkurt: KUVENDI I KMShK-s\u00eb MORI VENDIM P\u00cbR 12 ANKESA"}]},{"@type":"WebSite","@id":"http:\/\/presscouncil-ks.org\/#website","url":"http:\/\/presscouncil-ks.org\/","name":"https:\/\/presscouncil-ks.org\/","description":"","publisher":{"@id":"http:\/\/presscouncil-ks.org\/#organization"},"potentialAction":[{"@type":"SearchAction","target":{"@type":"EntryPoint","urlTemplate":"http:\/\/presscouncil-ks.org\/?s={search_term_string}"},"query-input":{"@type":"PropertyValueSpecification","valueRequired":true,"valueName":"search_term_string"}}],"inLanguage":"en-US"},{"@type":"Organization","@id":"http:\/\/presscouncil-ks.org\/#organization","name":"K\u00ebshilli i Mediave t\u00eb Shkruara t\u00eb Kosov\u00ebs","url":"http:\/\/presscouncil-ks.org\/","logo":{"@type":"ImageObject","inLanguage":"en-US","@id":"http:\/\/presscouncil-ks.org\/#\/schema\/logo\/image\/","url":"http:\/\/presscouncil-ks.org\/wp-content\/uploads\/2023\/06\/cropped-logo.png","contentUrl":"http:\/\/presscouncil-ks.org\/wp-content\/uploads\/2023\/06\/cropped-logo.png","width":268,"height":166,"caption":"K\u00ebshilli i Mediave t\u00eb Shkruara t\u00eb Kosov\u00ebs"},"image":{"@id":"http:\/\/presscouncil-ks.org\/#\/schema\/logo\/image\/"},"sameAs":["https:\/\/www.facebook.com\/KMSHKosove"]},{"@type":"Person","@id":"http:\/\/presscouncil-ks.org\/#\/schema\/person\/b79d30c61264caeb733239c16cc4d673","name":"Editor","image":{"@type":"ImageObject","inLanguage":"en-US","@id":"https:\/\/secure.gravatar.com\/avatar\/9534865f39e7b3527010ee17196a76d054b16d731a6a5bfe2f92a071c6e9bf4e?s=96&d=mm&r=g","url":"https:\/\/secure.gravatar.com\/avatar\/9534865f39e7b3527010ee17196a76d054b16d731a6a5bfe2f92a071c6e9bf4e?s=96&d=mm&r=g","contentUrl":"https:\/\/secure.gravatar.com\/avatar\/9534865f39e7b3527010ee17196a76d054b16d731a6a5bfe2f92a071c6e9bf4e?s=96&d=mm&r=g","caption":"Editor"},"url":"http:\/\/presscouncil-ks.org\/?author=2"}]}},"_links":{"self":[{"href":"http:\/\/presscouncil-ks.org\/index.php?rest_route=\/wp\/v2\/posts\/14233","targetHints":{"allow":["GET"]}}],"collection":[{"href":"http:\/\/presscouncil-ks.org\/index.php?rest_route=\/wp\/v2\/posts"}],"about":[{"href":"http:\/\/presscouncil-ks.org\/index.php?rest_route=\/wp\/v2\/types\/post"}],"author":[{"embeddable":true,"href":"http:\/\/presscouncil-ks.org\/index.php?rest_route=\/wp\/v2\/users\/2"}],"replies":[{"embeddable":true,"href":"http:\/\/presscouncil-ks.org\/index.php?rest_route=%2Fwp%2Fv2%2Fcomments&post=14233"}],"version-history":[{"count":2,"href":"http:\/\/presscouncil-ks.org\/index.php?rest_route=\/wp\/v2\/posts\/14233\/revisions"}],"predecessor-version":[{"id":16605,"href":"http:\/\/presscouncil-ks.org\/index.php?rest_route=\/wp\/v2\/posts\/14233\/revisions\/16605"}],"wp:featuredmedia":[{"embeddable":true,"href":"http:\/\/presscouncil-ks.org\/index.php?rest_route=\/wp\/v2\/media\/16604"}],"wp:attachment":[{"href":"http:\/\/presscouncil-ks.org\/index.php?rest_route=%2Fwp%2Fv2%2Fmedia&parent=14233"}],"wp:term":[{"taxonomy":"category","embeddable":true,"href":"http:\/\/presscouncil-ks.org\/index.php?rest_route=%2Fwp%2Fv2%2Fcategories&post=14233"},{"taxonomy":"post_tag","embeddable":true,"href":"http:\/\/presscouncil-ks.org\/index.php?rest_route=%2Fwp%2Fv2%2Ftags&post=14233"}],"curies":[{"name":"wp","href":"https:\/\/api.w.org\/{rel}","templated":true}]}}