{"id":14230,"date":"2025-04-22T15:50:32","date_gmt":"2025-04-22T15:50:32","guid":{"rendered":"https:\/\/presscouncil-ks.org\/?p=14230"},"modified":"2025-07-16T13:54:29","modified_gmt":"2025-07-16T13:54:29","slug":"kuvendi-i-kmshk-se-mori-vendim-per-11-ankesa","status":"publish","type":"post","link":"http:\/\/presscouncil-ks.org\/?p=14230","title":{"rendered":"Janar: KUVENDI I KMShK-s\u00eb MORI VENDIM P\u00cbR 11 ANKESA"},"content":{"rendered":"\r\n<figure class=\"wp-block-image size-large\"><img loading=\"lazy\" decoding=\"async\" width=\"1024\" height=\"382\" class=\"wp-image-14231\" src=\"https:\/\/presscouncil-ks.org\/wp-content\/uploads\/2025\/04\/1-5-1024x382.jpg\" alt=\"\" srcset=\"http:\/\/presscouncil-ks.org\/wp-content\/uploads\/2025\/04\/1-5-1024x382.jpg 1024w, http:\/\/presscouncil-ks.org\/wp-content\/uploads\/2025\/04\/1-5-300x112.jpg 300w, http:\/\/presscouncil-ks.org\/wp-content\/uploads\/2025\/04\/1-5-768x286.jpg 768w, http:\/\/presscouncil-ks.org\/wp-content\/uploads\/2025\/04\/1-5-1536x573.jpg 1536w, http:\/\/presscouncil-ks.org\/wp-content\/uploads\/2025\/04\/1-5-2048x763.jpg 2048w\" sizes=\"auto, (max-width: 1024px) 100vw, 1024px\" \/><\/figure>\r\n\r\n\r\n\r\n<p class=\"wp-block-paragraph\">K\u00ebshilli i Mediave t\u00eb Shkruara t\u00eb Kosov\u00ebs (KMShK) n\u00eb mbledhjen e rregullt ka shqyrtuar gjithsej 11 ankesa. An\u00ebtar\u00ebt e Kuvendit t\u00eb KMShK-s\u00eb kan\u00eb vendosur q\u00eb t\u00eb miratohen gjasht\u00eb nga to, nj\u00eb ankes\u00eb t\u00eb miratohet pjes\u00ebrisht, dy ankesa t\u00eb refuzohen dhe dy t\u00eb shpallen t\u00eb paaftshme.<\/p>\r\n\r\n\r\n\r\n<p class=\"wp-block-paragraph\">Ankesat kishin t\u00eb b\u00ebnin me pretendimet p\u00ebr shkeljen e kapitujve t\u00eb caktuar t\u00eb Kodit t\u00eb Mediave t\u00eb Shkruara t\u00eb Kosov\u00ebs, si\u00e7 jan\u00eb Kapitulli II &#8211; Raportimi i s\u00eb v\u00ebrtet\u00ebs, Kapitulli IV \u2013 E drejta p\u00ebr t\u2019u p\u00ebrgjigjur dhe Kapitulli V \u2013 Personat e p\u00ebrfshir\u00eb n\u00eb incidente, aksidente, t\u00eb arrestuar apo t\u00eb akuzuar p\u00ebr vepra penale.<\/p>\r\n\r\n\r\n\r\n<p class=\"wp-block-paragraph\">KMShK ka miratuar ankesat e Isuf Zejn\u00ebs kund\u00ebr <a href=\"http:\/\/demokracia.com\/?fbclid=IwZXh0bgNhZW0CMTAAAR6Mjytd0j3228pty6ZjZVi8eMwk0HoEMhELIlGHWz2xVnPnxVZnMi7M9zAB6w_aem_Utu2TbxT1U-mrz-vaSNX1g\" target=\"_blank\" rel=\"noreferrer noopener\">Demokracia.com<\/a>, <a href=\"https:\/\/l.facebook.com\/l.php?u=http%3A%2F%2FPaparaci.com%2F%3Ffbclid%3DIwZXh0bgNhZW0CMTAAAR4U3xFbC4c0AMTCSFnbX4pYHPzEQbRVLj2bmdqFhzZpeqkfiAJO_cj5_fP90Q_aem_QXTOHYzoHN38SyeLztrLRQ&amp;h=AT3SCWYwWZOLcfpJRYYSOsYdOVi3A1e1gDNTJ54ayuW1jjCX2fj1B9Clwx_IPLCrlZijQ7Y1NDnwvKNU_iS44yKUvndiyE4cqfO2xt7nx-RVgcHsENBPa-jGYkZf5rLiUEQCk6vWM43673GE&amp;__tn__=-UK-R&amp;c[0]=AT2y_-2jtct11qTt15FdG7tBATjOz7brqCZ73exlMVufkQIamqVHi89oOW8QWbP05CU5Z2Eq5ywwFCneM_J_FiUzR0rsOJ5SSr9lFPPtWhM9KS1lnk126XIpFcgK6zAM5d32iyvC32bhFCTlNWgeKeAqhmMLU9Hw7s1uonfKGsE0\" target=\"_blank\" rel=\"noreferrer noopener\">Paparaci.com<\/a> dhe <a href=\"http:\/\/periskopi.com\/?fbclid=IwZXh0bgNhZW0CMTAAAR5Rl8l24i_y_JXFBWWqPMoahx8T4sFu2av_PoRrzAzXru9x3UwVsPahc8vAgQ_aem_dPEQScjNpOfyepJCZuEfzA\" target=\"_blank\" rel=\"noreferrer noopener\">Periskopi.com<\/a> p\u00ebr shkrimet \u201cQemajl Aliu, kryetari q\u00eb shp\u00ebrbleu avokatin e Nagip Krasniqit me post e me tender\u201d, p\u00ebrkat\u00ebsisht \u201cIsuf Zejna i p\u00ebrfshir\u00eb n\u00eb skandalin milion\u00ebsh t\u00eb KEK-ut p\u00ebrfitoi edhe nga Komuna e Shtimes\u201d, p\u00ebrkat\u00ebsisht \u201cTenderi i dyshimt\u00eb p\u00ebr avokatin Isuf Zejna, Nagip Krasniqi e implikon profesorin e UP-s\u00eb\u201d, duke konstatuar se jan\u00eb shkelur kapitujt II dhe IV t\u00eb Kodit t\u00eb Mediave t\u00eb Shkruara t\u00eb Kosov\u00ebs. Kapitulli II ka t\u00eb b\u00ebj\u00eb me raportimin e t\u00eb v\u00ebrtet\u00ebs, nd\u00ebrkaq Kapitulli IV me t\u00eb drejt\u00ebn p\u00ebr t\u2019u p\u00ebrgjigjur.<\/p>\r\n\r\n\r\n\r\n<p class=\"wp-block-paragraph\">KMShK ka miratuar ankes\u00ebn e Arian Hashanit kund\u00ebr <a href=\"https:\/\/l.facebook.com\/l.php?u=http%3A%2F%2FGazetademos.com%2F%3Ffbclid%3DIwZXh0bgNhZW0CMTAAAR761ZfZS7yheUnSafU3QJ86Dq92qxK_9ELA6UQRVaPprsuYTTKCnvLsgezI1w_aem_uFoHZ_I_P42mhLKbqOsc1w&amp;h=AT09VNm9jLZpmXyj6kuLM19iCJbGo-88bf5jUKKWb6TlLUs8jSeo3Vzm50m6kQqc5Rq6wqzSnOKqnbai-rik-sOeko-IcIm2paAfrQZyjgnyJgEWrE7kdjcXISfLgtcS1f608tLnYgGiwdmv&amp;__tn__=-UK-R&amp;c[0]=AT2y_-2jtct11qTt15FdG7tBATjOz7brqCZ73exlMVufkQIamqVHi89oOW8QWbP05CU5Z2Eq5ywwFCneM_J_FiUzR0rsOJ5SSr9lFPPtWhM9KS1lnk126XIpFcgK6zAM5d32iyvC32bhFCTlNWgeKeAqhmMLU9Hw7s1uonfKGsE0\" target=\"_blank\" rel=\"noreferrer noopener\">Gazetademos.com<\/a> p\u00ebr shkrimin \u201cZyrtari policor, Arian Hashani, fyen r\u00ebnd\u00eb Ramush Haradinajn, e quan budall\u00eb\u201d, duke konstatuar se bie ndesh me Kapitullin II dhe Kapitullin IV t\u00eb Kodit t\u00eb Mediave t\u00eb Shkruara t\u00eb Kosov\u00ebs.<\/p>\r\n\r\n\r\n\r\n<p class=\"wp-block-paragraph\">KMShK ka miratuar ankes\u00ebn e Arben Krasniqit kund\u00ebr <a href=\"https:\/\/l.facebook.com\/l.php?u=http%3A%2F%2FPrishtinapress.org%2F%3Ffbclid%3DIwZXh0bgNhZW0CMTAAAR5sLnJCxqLzYXKrD5awzUK8Baa4nxE6bLLeQRwTGsBZ8rCdyu-RGeBWiJf47Q_aem_7WfvcqFIDKKZEpFruhBr3A&amp;h=AT3cKNIS7Sk_9VEaXKI7tWqEE-kzzv52DAY15dnPJjgye8Xk5iyqHr1jMG9INAhHU_YlEkdWsC_4_NM7uFtTq-ZohxSTc_LK8IcPcLyE-QuQQ8q2pYOmCW8GTe1vFnaQXwzVrkG_ttpCSAra&amp;__tn__=-UK-R&amp;c[0]=AT2y_-2jtct11qTt15FdG7tBATjOz7brqCZ73exlMVufkQIamqVHi89oOW8QWbP05CU5Z2Eq5ywwFCneM_J_FiUzR0rsOJ5SSr9lFPPtWhM9KS1lnk126XIpFcgK6zAM5d32iyvC32bhFCTlNWgeKeAqhmMLU9Hw7s1uonfKGsE0\" target=\"_blank\" rel=\"noreferrer noopener\">Prishtinapress.org<\/a> p\u00ebr shkrimin \u201cLajm i fundit: Dy zyrtar\u00ebt e r\u00ebnd\u00ebsish\u00ebm nga Kuvendi Komunal n\u00eb Prizren nga radh\u00ebt e VV-s\u00eb, z. Arben Krasniqi dhe z. Shqipron Krasniqi mb\u00ebshtesin kandidatin e PDK-s\u00eb, z. Fetah Pa\u00e7arizi\u201d, duke konstatuar se bie ndesh me Kapitullin II t\u00eb Kodit t\u00eb Mediave t\u00eb Shkruara t\u00eb Kosov\u00ebs.<\/p>\r\n\r\n\r\n\r\n<p class=\"wp-block-paragraph\">KMShK ka miratuar ankes\u00ebn e Shqipron Krasniqit kund\u00ebr <a href=\"http:\/\/prishtinapress.org\/?fbclid=IwZXh0bgNhZW0CMTAAAR4U3xFbC4c0AMTCSFnbX4pYHPzEQbRVLj2bmdqFhzZpeqkfiAJO_cj5_fP90Q_aem_QXTOHYzoHN38SyeLztrLRQ\" target=\"_blank\" rel=\"noreferrer noopener\">Prishtinapress.org<\/a> p\u00ebr shkrimin \u201cLajm i fundit: Dy zyrtar\u00ebt e r\u00ebnd\u00ebsish\u00ebm nga Kuvendi Komunal n\u00eb Prizren nga radh\u00ebt e VV-s\u00eb, z. Arben Krasniqi dhe z. Shqipron Krasniqi mb\u00ebshtesin kandidatin e PDK-s\u00eb, z. Fetah Pa\u00e7arizi\u201d, duke konstatuar se bie ndesh me Kapitullin II t\u00eb Kodit t\u00eb Mediave t\u00eb Shkruara t\u00eb Kosov\u00ebs.<\/p>\r\n\r\n\r\n\r\n<p class=\"wp-block-paragraph\">KMShK ka miratuar pjes\u00ebrisht ankes\u00ebn e Iljasa Fazliut kund\u00ebr <a href=\"https:\/\/l.facebook.com\/l.php?u=https%3A%2F%2FNacionale.com%2F%3Ffbclid%3DIwZXh0bgNhZW0CMTAAAR4CUqYU0FVMv3BHjpn3eHSmDg-MoLWR49RA8M9si71kdgZwHBXbbKjf4X_MzQ_aem_ZZRLNt0HLOm7Kviolo_g1A&amp;h=AT1qki79KBgkRi6CDF8wuxNLrXGS886YYtHHXWnjmc4ynlV_RfQAIfq6NoiEY2v0pJ7U6qidqJu1ZdcBqig-Kr6iZZyoARpsl6G6Zg_duom_8Wn5sFP50zCerObH8FrHMSnGVQiFH8QyC3Fs&amp;__tn__=-UK-R&amp;c[0]=AT2y_-2jtct11qTt15FdG7tBATjOz7brqCZ73exlMVufkQIamqVHi89oOW8QWbP05CU5Z2Eq5ywwFCneM_J_FiUzR0rsOJ5SSr9lFPPtWhM9KS1lnk126XIpFcgK6zAM5d32iyvC32bhFCTlNWgeKeAqhmMLU9Hw7s1uonfKGsE0\" target=\"_blank\" rel=\"noreferrer noopener\">Nacionale.com<\/a>, p\u00ebrfaq\u00ebsuar nga avokati Emin Zariqi, p\u00ebr shkrimin dhe videon me titull \u201cSkandali n\u00eb IPFK, k\u00ebrkohet largimi nga puna i Iljasa Fazliut dhe psikiat\u00ebrve\u201d, duke konstatuar se bien ndesh me kapitujt II dhe IV t\u00eb Kodit t\u00eb Mediave t\u00eb Shkruara t\u00eb Kosov\u00ebs, por jo edhe Kapitullin V t\u00eb kodit, si\u00e7 pretendon ankuesi.<\/p>\r\n\r\n\r\n\r\n<p class=\"wp-block-paragraph\">KMShK nuk e ka miratuar (e ka hedhur posht\u00eb) ankes\u00ebn e Ekrem Lluk\u00ebs, p\u00ebrfaq\u00ebsuar nga avokatja Vjosa Shkodra, kund\u00ebr Veriu.info p\u00ebr shkrimin dhe videon me titull \u201cAkuzohet se mashtroi bizneset e duhanit me rreth 2 milion\u00eb euro, Mehmeti: jam viktim\u00eb e Xhevdet Bajramit, Ekrem Lluk\u00ebs e Valon Dobroshit\u201d, duke konstatuar se nuk bie ndesh me kapitujt II dhe IV t\u00eb Kodit t\u00eb Mediave t\u00eb Shkruara t\u00eb Kosov\u00ebs, si\u00e7 pretendon ankuesi.<\/p>\r\n\r\n\r\n\r\n<p class=\"wp-block-paragraph\">KMShK nuk e ka miratuar (e ka hedhur posht\u00eb) ankes\u00ebn e Leutrim Sahitit kund\u00ebr <a href=\"https:\/\/l.facebook.com\/l.php?u=http%3A%2F%2FIndeksonline.net%2F%3Ffbclid%3DIwZXh0bgNhZW0CMTAAAR5L6M0-Omq7Ah3ejEIcucaml6i1WQo4TeB7aFh_H-NCjmCxCtMvCY13q8tNUw_aem_dI_m3czcae0K83h2Idn5uQ&amp;h=AT1MN5jb--pnA-fucOfQFqfP931DbsClIy80CffR5KQKu3xAWVV5ZlvjAgQTT2pkKWu-VffpaWf-TXjPEWcbzbSRz7HSuc_V-WI83katcTt-jL5dr5wyS_Tt0_VvNGPBNUmlpNggMEkRXOqn&amp;__tn__=-UK-R&amp;c[0]=AT2y_-2jtct11qTt15FdG7tBATjOz7brqCZ73exlMVufkQIamqVHi89oOW8QWbP05CU5Z2Eq5ywwFCneM_J_FiUzR0rsOJ5SSr9lFPPtWhM9KS1lnk126XIpFcgK6zAM5d32iyvC32bhFCTlNWgeKeAqhmMLU9Hw7s1uonfKGsE0\" target=\"_blank\" rel=\"noreferrer noopener\">Indeksonline.net<\/a> p\u00ebr shkrimin \u201cEskalon Donika G\u00ebrvalla nj\u00eb or\u00eb pasi u largua nga deg\u00ebt m\u00eb t\u00eb m\u00ebdha t\u00eb List\u00ebs Guxo\u201d, duke konstatuar se nuk bie ndesh me kapitujt II dhe IV t\u00eb Kodit t\u00eb Mediave t\u00eb Shkruara t\u00eb Kosov\u00ebs, si\u00e7 pretendon ankuesi.<\/p>\r\n\r\n\r\n\r\n<p class=\"wp-block-paragraph\">KMShK e ka shpallur t\u00eb paafatshme ankes\u00ebn e Fitore Pacollit, p\u00ebrfaq\u00ebsuar nga avokatja Lendita Keqekolla, kund\u00ebr <a href=\"https:\/\/nacionale.com\/?fbclid=IwZXh0bgNhZW0CMTAAAR761ZfZS7yheUnSafU3QJ86Dq92qxK_9ELA6UQRVaPprsuYTTKCnvLsgezI1w_aem_uFoHZ_I_P42mhLKbqOsc1w\" target=\"_blank\" rel=\"noreferrer noopener\">Nacionale.com<\/a>, p\u00ebr disa shkrime. Bazuar n\u00eb rregullat e procedur\u00ebs, KMShK nuk ka mundur ta trajtoj\u00eb ankes\u00ebn, pasi q\u00eb \u00ebsht\u00eb e paafatshme.<\/p>\r\n\r\n\r\n\r\n<p class=\"wp-block-paragraph\">&nbsp;<\/p>\r\n","protected":false},"excerpt":{"rendered":"<p>K\u00ebshilli i Mediave t\u00eb Shkruara t\u00eb Kosov\u00ebs (KMShK) n\u00eb mbledhjen e rregullt ka shqyrtuar gjithsej 11 ankesa. An\u00ebtar\u00ebt e Kuvendit t\u00eb KMShK-s\u00eb kan\u00eb vendosur q\u00eb t\u00eb miratohen gjasht\u00eb nga to, nj\u00eb ankes\u00eb t\u00eb miratohet pjes\u00ebrisht, dy ankesa t\u00eb refuzohen dhe dy t\u00eb shpallen t\u00eb paaftshme. Ankesat kishin t\u00eb b\u00ebnin me pretendimet p\u00ebr shkeljen e kapitujve [&hellip;]<\/p>\n","protected":false},"author":2,"featured_media":16606,"comment_status":"open","ping_status":"open","sticky":false,"template":"","format":"standard","meta":{"footnotes":""},"categories":[92],"tags":[],"class_list":["post-14230","post","type-post","status-publish","format-standard","has-post-thumbnail","hentry","category-news-sq"],"acf":{"video_title":"","video":false},"yoast_head":"<!-- This site is optimized with the Yoast SEO plugin v28.4 - https:\/\/yoast.com\/product\/yoast-seo-wordpress\/ -->\n<title>Janar: KUVENDI I KMShK-s\u00eb MORI VENDIM P\u00cbR 11 ANKESA - K\u00ebshilli i Mediave t\u00eb Shkruara t\u00eb Kosov\u00ebs | P\u00ebr nj\u00eb gazetari etike dhe profesionale<\/title>\n<meta name=\"robots\" content=\"index, follow, max-snippet:-1, max-image-preview:large, max-video-preview:-1\" \/>\n<link rel=\"canonical\" href=\"http:\/\/presscouncil-ks.org\/?p=14230\" \/>\n<meta property=\"og:locale\" content=\"en_US\" \/>\n<meta property=\"og:type\" content=\"article\" \/>\n<meta property=\"og:title\" content=\"Janar: KUVENDI I KMShK-s\u00eb MORI VENDIM P\u00cbR 11 ANKESA - K\u00ebshilli i Mediave t\u00eb Shkruara t\u00eb Kosov\u00ebs | P\u00ebr nj\u00eb gazetari etike dhe profesionale\" \/>\n<meta property=\"og:description\" content=\"K\u00ebshilli i Mediave t\u00eb Shkruara t\u00eb Kosov\u00ebs (KMShK) n\u00eb mbledhjen e rregullt ka shqyrtuar gjithsej 11 ankesa. An\u00ebtar\u00ebt e Kuvendit t\u00eb KMShK-s\u00eb kan\u00eb vendosur q\u00eb t\u00eb miratohen gjasht\u00eb nga to, nj\u00eb ankes\u00eb t\u00eb miratohet pjes\u00ebrisht, dy ankesa t\u00eb refuzohen dhe dy t\u00eb shpallen t\u00eb paaftshme. Ankesat kishin t\u00eb b\u00ebnin me pretendimet p\u00ebr shkeljen e kapitujve [&hellip;]\" \/>\n<meta property=\"og:url\" content=\"http:\/\/presscouncil-ks.org\/?p=14230\" \/>\n<meta property=\"og:site_name\" content=\"K\u00ebshilli i Mediave t\u00eb Shkruara t\u00eb Kosov\u00ebs | P\u00ebr nj\u00eb gazetari etike dhe profesionale\" \/>\n<meta property=\"article:publisher\" content=\"https:\/\/www.facebook.com\/KMSHKosove\" \/>\n<meta property=\"article:published_time\" content=\"2025-04-22T15:50:32+00:00\" \/>\n<meta property=\"article:modified_time\" content=\"2025-07-16T13:54:29+00:00\" \/>\n<meta property=\"og:image\" content=\"http:\/\/presscouncil-ks.org\/wp-content\/uploads\/2025\/04\/13-janar-2025.jpg\" \/>\n\t<meta property=\"og:image:width\" content=\"1024\" \/>\n\t<meta property=\"og:image:height\" content=\"382\" \/>\n\t<meta property=\"og:image:type\" content=\"image\/jpeg\" \/>\n<meta name=\"author\" content=\"Editor\" \/>\n<meta name=\"twitter:card\" content=\"summary_large_image\" \/>\n<meta name=\"twitter:label1\" content=\"Written by\" \/>\n\t<meta name=\"twitter:data1\" content=\"Editor\" \/>\n\t<meta name=\"twitter:label2\" content=\"Est. reading time\" \/>\n\t<meta name=\"twitter:data2\" content=\"3 minutes\" \/>\n<script type=\"application\/ld+json\" class=\"yoast-schema-graph\">{\"@context\":\"https:\\\/\\\/schema.org\",\"@graph\":[{\"@type\":\"Article\",\"@id\":\"http:\\\/\\\/presscouncil-ks.org\\\/?p=14230#article\",\"isPartOf\":{\"@id\":\"http:\\\/\\\/presscouncil-ks.org\\\/?p=14230\"},\"author\":{\"name\":\"Editor\",\"@id\":\"http:\\\/\\\/presscouncil-ks.org\\\/#\\\/schema\\\/person\\\/b79d30c61264caeb733239c16cc4d673\"},\"headline\":\"Janar: KUVENDI I KMShK-s\u00eb MORI VENDIM P\u00cbR 11 ANKESA\",\"datePublished\":\"2025-04-22T15:50:32+00:00\",\"dateModified\":\"2025-07-16T13:54:29+00:00\",\"mainEntityOfPage\":{\"@id\":\"http:\\\/\\\/presscouncil-ks.org\\\/?p=14230\"},\"wordCount\":684,\"commentCount\":0,\"publisher\":{\"@id\":\"http:\\\/\\\/presscouncil-ks.org\\\/#organization\"},\"image\":{\"@id\":\"http:\\\/\\\/presscouncil-ks.org\\\/?p=14230#primaryimage\"},\"thumbnailUrl\":\"http:\\\/\\\/presscouncil-ks.org\\\/wp-content\\\/uploads\\\/2025\\\/04\\\/13-janar-2025.jpg\",\"articleSection\":[\"Lajm\"],\"inLanguage\":\"en-US\",\"potentialAction\":[{\"@type\":\"CommentAction\",\"name\":\"Comment\",\"target\":[\"http:\\\/\\\/presscouncil-ks.org\\\/?p=14230#respond\"]}]},{\"@type\":\"WebPage\",\"@id\":\"http:\\\/\\\/presscouncil-ks.org\\\/?p=14230\",\"url\":\"http:\\\/\\\/presscouncil-ks.org\\\/?p=14230\",\"name\":\"Janar: KUVENDI I KMShK-s\u00eb MORI VENDIM P\u00cbR 11 ANKESA - K\u00ebshilli i Mediave t\u00eb Shkruara t\u00eb Kosov\u00ebs | P\u00ebr nj\u00eb gazetari etike dhe profesionale\",\"isPartOf\":{\"@id\":\"http:\\\/\\\/presscouncil-ks.org\\\/#website\"},\"primaryImageOfPage\":{\"@id\":\"http:\\\/\\\/presscouncil-ks.org\\\/?p=14230#primaryimage\"},\"image\":{\"@id\":\"http:\\\/\\\/presscouncil-ks.org\\\/?p=14230#primaryimage\"},\"thumbnailUrl\":\"http:\\\/\\\/presscouncil-ks.org\\\/wp-content\\\/uploads\\\/2025\\\/04\\\/13-janar-2025.jpg\",\"datePublished\":\"2025-04-22T15:50:32+00:00\",\"dateModified\":\"2025-07-16T13:54:29+00:00\",\"breadcrumb\":{\"@id\":\"http:\\\/\\\/presscouncil-ks.org\\\/?p=14230#breadcrumb\"},\"inLanguage\":\"en-US\",\"potentialAction\":[{\"@type\":\"ReadAction\",\"target\":[\"http:\\\/\\\/presscouncil-ks.org\\\/?p=14230\"]}]},{\"@type\":\"ImageObject\",\"inLanguage\":\"en-US\",\"@id\":\"http:\\\/\\\/presscouncil-ks.org\\\/?p=14230#primaryimage\",\"url\":\"http:\\\/\\\/presscouncil-ks.org\\\/wp-content\\\/uploads\\\/2025\\\/04\\\/13-janar-2025.jpg\",\"contentUrl\":\"http:\\\/\\\/presscouncil-ks.org\\\/wp-content\\\/uploads\\\/2025\\\/04\\\/13-janar-2025.jpg\",\"width\":1024,\"height\":382},{\"@type\":\"BreadcrumbList\",\"@id\":\"http:\\\/\\\/presscouncil-ks.org\\\/?p=14230#breadcrumb\",\"itemListElement\":[{\"@type\":\"ListItem\",\"position\":1,\"name\":\"Home\",\"item\":\"https:\\\/\\\/presscouncil-ks.org\\\/\"},{\"@type\":\"ListItem\",\"position\":2,\"name\":\"Janar: KUVENDI I KMShK-s\u00eb MORI VENDIM P\u00cbR 11 ANKESA\"}]},{\"@type\":\"WebSite\",\"@id\":\"http:\\\/\\\/presscouncil-ks.org\\\/#website\",\"url\":\"http:\\\/\\\/presscouncil-ks.org\\\/\",\"name\":\"https:\\\/\\\/presscouncil-ks.org\\\/\",\"description\":\"\",\"publisher\":{\"@id\":\"http:\\\/\\\/presscouncil-ks.org\\\/#organization\"},\"potentialAction\":[{\"@type\":\"SearchAction\",\"target\":{\"@type\":\"EntryPoint\",\"urlTemplate\":\"http:\\\/\\\/presscouncil-ks.org\\\/?s={search_term_string}\"},\"query-input\":{\"@type\":\"PropertyValueSpecification\",\"valueRequired\":true,\"valueName\":\"search_term_string\"}}],\"inLanguage\":\"en-US\"},{\"@type\":\"Organization\",\"@id\":\"http:\\\/\\\/presscouncil-ks.org\\\/#organization\",\"name\":\"K\u00ebshilli i Mediave t\u00eb Shkruara t\u00eb Kosov\u00ebs\",\"url\":\"http:\\\/\\\/presscouncil-ks.org\\\/\",\"logo\":{\"@type\":\"ImageObject\",\"inLanguage\":\"en-US\",\"@id\":\"http:\\\/\\\/presscouncil-ks.org\\\/#\\\/schema\\\/logo\\\/image\\\/\",\"url\":\"http:\\\/\\\/presscouncil-ks.org\\\/wp-content\\\/uploads\\\/2023\\\/06\\\/cropped-logo.png\",\"contentUrl\":\"http:\\\/\\\/presscouncil-ks.org\\\/wp-content\\\/uploads\\\/2023\\\/06\\\/cropped-logo.png\",\"width\":268,\"height\":166,\"caption\":\"K\u00ebshilli i Mediave t\u00eb Shkruara t\u00eb Kosov\u00ebs\"},\"image\":{\"@id\":\"http:\\\/\\\/presscouncil-ks.org\\\/#\\\/schema\\\/logo\\\/image\\\/\"},\"sameAs\":[\"https:\\\/\\\/www.facebook.com\\\/KMSHKosove\"]},{\"@type\":\"Person\",\"@id\":\"http:\\\/\\\/presscouncil-ks.org\\\/#\\\/schema\\\/person\\\/b79d30c61264caeb733239c16cc4d673\",\"name\":\"Editor\",\"image\":{\"@type\":\"ImageObject\",\"inLanguage\":\"en-US\",\"@id\":\"https:\\\/\\\/secure.gravatar.com\\\/avatar\\\/9534865f39e7b3527010ee17196a76d054b16d731a6a5bfe2f92a071c6e9bf4e?s=96&d=mm&r=g\",\"url\":\"https:\\\/\\\/secure.gravatar.com\\\/avatar\\\/9534865f39e7b3527010ee17196a76d054b16d731a6a5bfe2f92a071c6e9bf4e?s=96&d=mm&r=g\",\"contentUrl\":\"https:\\\/\\\/secure.gravatar.com\\\/avatar\\\/9534865f39e7b3527010ee17196a76d054b16d731a6a5bfe2f92a071c6e9bf4e?s=96&d=mm&r=g\",\"caption\":\"Editor\"},\"url\":\"http:\\\/\\\/presscouncil-ks.org\\\/?author=2\"}]}<\/script>\n<!-- \/ Yoast SEO plugin. -->","yoast_head_json":{"title":"Janar: KUVENDI I KMShK-s\u00eb MORI VENDIM P\u00cbR 11 ANKESA - K\u00ebshilli i Mediave t\u00eb Shkruara t\u00eb Kosov\u00ebs | P\u00ebr nj\u00eb gazetari etike dhe profesionale","robots":{"index":"index","follow":"follow","max-snippet":"max-snippet:-1","max-image-preview":"max-image-preview:large","max-video-preview":"max-video-preview:-1"},"canonical":"http:\/\/presscouncil-ks.org\/?p=14230","og_locale":"en_US","og_type":"article","og_title":"Janar: KUVENDI I KMShK-s\u00eb MORI VENDIM P\u00cbR 11 ANKESA - K\u00ebshilli i Mediave t\u00eb Shkruara t\u00eb Kosov\u00ebs | P\u00ebr nj\u00eb gazetari etike dhe profesionale","og_description":"K\u00ebshilli i Mediave t\u00eb Shkruara t\u00eb Kosov\u00ebs (KMShK) n\u00eb mbledhjen e rregullt ka shqyrtuar gjithsej 11 ankesa. An\u00ebtar\u00ebt e Kuvendit t\u00eb KMShK-s\u00eb kan\u00eb vendosur q\u00eb t\u00eb miratohen gjasht\u00eb nga to, nj\u00eb ankes\u00eb t\u00eb miratohet pjes\u00ebrisht, dy ankesa t\u00eb refuzohen dhe dy t\u00eb shpallen t\u00eb paaftshme. Ankesat kishin t\u00eb b\u00ebnin me pretendimet p\u00ebr shkeljen e kapitujve [&hellip;]","og_url":"http:\/\/presscouncil-ks.org\/?p=14230","og_site_name":"K\u00ebshilli i Mediave t\u00eb Shkruara t\u00eb Kosov\u00ebs | P\u00ebr nj\u00eb gazetari etike dhe profesionale","article_publisher":"https:\/\/www.facebook.com\/KMSHKosove","article_published_time":"2025-04-22T15:50:32+00:00","article_modified_time":"2025-07-16T13:54:29+00:00","og_image":[{"width":1024,"height":382,"url":"http:\/\/presscouncil-ks.org\/wp-content\/uploads\/2025\/04\/13-janar-2025.jpg","type":"image\/jpeg"}],"author":"Editor","twitter_card":"summary_large_image","twitter_misc":{"Written by":"Editor","Est. reading time":"3 minutes"},"schema":{"@context":"https:\/\/schema.org","@graph":[{"@type":"Article","@id":"http:\/\/presscouncil-ks.org\/?p=14230#article","isPartOf":{"@id":"http:\/\/presscouncil-ks.org\/?p=14230"},"author":{"name":"Editor","@id":"http:\/\/presscouncil-ks.org\/#\/schema\/person\/b79d30c61264caeb733239c16cc4d673"},"headline":"Janar: KUVENDI I KMShK-s\u00eb MORI VENDIM P\u00cbR 11 ANKESA","datePublished":"2025-04-22T15:50:32+00:00","dateModified":"2025-07-16T13:54:29+00:00","mainEntityOfPage":{"@id":"http:\/\/presscouncil-ks.org\/?p=14230"},"wordCount":684,"commentCount":0,"publisher":{"@id":"http:\/\/presscouncil-ks.org\/#organization"},"image":{"@id":"http:\/\/presscouncil-ks.org\/?p=14230#primaryimage"},"thumbnailUrl":"http:\/\/presscouncil-ks.org\/wp-content\/uploads\/2025\/04\/13-janar-2025.jpg","articleSection":["Lajm"],"inLanguage":"en-US","potentialAction":[{"@type":"CommentAction","name":"Comment","target":["http:\/\/presscouncil-ks.org\/?p=14230#respond"]}]},{"@type":"WebPage","@id":"http:\/\/presscouncil-ks.org\/?p=14230","url":"http:\/\/presscouncil-ks.org\/?p=14230","name":"Janar: KUVENDI I KMShK-s\u00eb MORI VENDIM P\u00cbR 11 ANKESA - K\u00ebshilli i Mediave t\u00eb Shkruara t\u00eb Kosov\u00ebs | P\u00ebr nj\u00eb gazetari etike dhe profesionale","isPartOf":{"@id":"http:\/\/presscouncil-ks.org\/#website"},"primaryImageOfPage":{"@id":"http:\/\/presscouncil-ks.org\/?p=14230#primaryimage"},"image":{"@id":"http:\/\/presscouncil-ks.org\/?p=14230#primaryimage"},"thumbnailUrl":"http:\/\/presscouncil-ks.org\/wp-content\/uploads\/2025\/04\/13-janar-2025.jpg","datePublished":"2025-04-22T15:50:32+00:00","dateModified":"2025-07-16T13:54:29+00:00","breadcrumb":{"@id":"http:\/\/presscouncil-ks.org\/?p=14230#breadcrumb"},"inLanguage":"en-US","potentialAction":[{"@type":"ReadAction","target":["http:\/\/presscouncil-ks.org\/?p=14230"]}]},{"@type":"ImageObject","inLanguage":"en-US","@id":"http:\/\/presscouncil-ks.org\/?p=14230#primaryimage","url":"http:\/\/presscouncil-ks.org\/wp-content\/uploads\/2025\/04\/13-janar-2025.jpg","contentUrl":"http:\/\/presscouncil-ks.org\/wp-content\/uploads\/2025\/04\/13-janar-2025.jpg","width":1024,"height":382},{"@type":"BreadcrumbList","@id":"http:\/\/presscouncil-ks.org\/?p=14230#breadcrumb","itemListElement":[{"@type":"ListItem","position":1,"name":"Home","item":"https:\/\/presscouncil-ks.org\/"},{"@type":"ListItem","position":2,"name":"Janar: KUVENDI I KMShK-s\u00eb MORI VENDIM P\u00cbR 11 ANKESA"}]},{"@type":"WebSite","@id":"http:\/\/presscouncil-ks.org\/#website","url":"http:\/\/presscouncil-ks.org\/","name":"https:\/\/presscouncil-ks.org\/","description":"","publisher":{"@id":"http:\/\/presscouncil-ks.org\/#organization"},"potentialAction":[{"@type":"SearchAction","target":{"@type":"EntryPoint","urlTemplate":"http:\/\/presscouncil-ks.org\/?s={search_term_string}"},"query-input":{"@type":"PropertyValueSpecification","valueRequired":true,"valueName":"search_term_string"}}],"inLanguage":"en-US"},{"@type":"Organization","@id":"http:\/\/presscouncil-ks.org\/#organization","name":"K\u00ebshilli i Mediave t\u00eb Shkruara t\u00eb Kosov\u00ebs","url":"http:\/\/presscouncil-ks.org\/","logo":{"@type":"ImageObject","inLanguage":"en-US","@id":"http:\/\/presscouncil-ks.org\/#\/schema\/logo\/image\/","url":"http:\/\/presscouncil-ks.org\/wp-content\/uploads\/2023\/06\/cropped-logo.png","contentUrl":"http:\/\/presscouncil-ks.org\/wp-content\/uploads\/2023\/06\/cropped-logo.png","width":268,"height":166,"caption":"K\u00ebshilli i Mediave t\u00eb Shkruara t\u00eb Kosov\u00ebs"},"image":{"@id":"http:\/\/presscouncil-ks.org\/#\/schema\/logo\/image\/"},"sameAs":["https:\/\/www.facebook.com\/KMSHKosove"]},{"@type":"Person","@id":"http:\/\/presscouncil-ks.org\/#\/schema\/person\/b79d30c61264caeb733239c16cc4d673","name":"Editor","image":{"@type":"ImageObject","inLanguage":"en-US","@id":"https:\/\/secure.gravatar.com\/avatar\/9534865f39e7b3527010ee17196a76d054b16d731a6a5bfe2f92a071c6e9bf4e?s=96&d=mm&r=g","url":"https:\/\/secure.gravatar.com\/avatar\/9534865f39e7b3527010ee17196a76d054b16d731a6a5bfe2f92a071c6e9bf4e?s=96&d=mm&r=g","contentUrl":"https:\/\/secure.gravatar.com\/avatar\/9534865f39e7b3527010ee17196a76d054b16d731a6a5bfe2f92a071c6e9bf4e?s=96&d=mm&r=g","caption":"Editor"},"url":"http:\/\/presscouncil-ks.org\/?author=2"}]}},"_links":{"self":[{"href":"http:\/\/presscouncil-ks.org\/index.php?rest_route=\/wp\/v2\/posts\/14230","targetHints":{"allow":["GET"]}}],"collection":[{"href":"http:\/\/presscouncil-ks.org\/index.php?rest_route=\/wp\/v2\/posts"}],"about":[{"href":"http:\/\/presscouncil-ks.org\/index.php?rest_route=\/wp\/v2\/types\/post"}],"author":[{"embeddable":true,"href":"http:\/\/presscouncil-ks.org\/index.php?rest_route=\/wp\/v2\/users\/2"}],"replies":[{"embeddable":true,"href":"http:\/\/presscouncil-ks.org\/index.php?rest_route=%2Fwp%2Fv2%2Fcomments&post=14230"}],"version-history":[{"count":3,"href":"http:\/\/presscouncil-ks.org\/index.php?rest_route=\/wp\/v2\/posts\/14230\/revisions"}],"predecessor-version":[{"id":16607,"href":"http:\/\/presscouncil-ks.org\/index.php?rest_route=\/wp\/v2\/posts\/14230\/revisions\/16607"}],"wp:featuredmedia":[{"embeddable":true,"href":"http:\/\/presscouncil-ks.org\/index.php?rest_route=\/wp\/v2\/media\/16606"}],"wp:attachment":[{"href":"http:\/\/presscouncil-ks.org\/index.php?rest_route=%2Fwp%2Fv2%2Fmedia&parent=14230"}],"wp:term":[{"taxonomy":"category","embeddable":true,"href":"http:\/\/presscouncil-ks.org\/index.php?rest_route=%2Fwp%2Fv2%2Fcategories&post=14230"},{"taxonomy":"post_tag","embeddable":true,"href":"http:\/\/presscouncil-ks.org\/index.php?rest_route=%2Fwp%2Fv2%2Ftags&post=14230"}],"curies":[{"name":"wp","href":"https:\/\/api.w.org\/{rel}","templated":true}]}}