{"id":14054,"date":"2024-07-10T07:32:48","date_gmt":"2024-07-10T07:32:48","guid":{"rendered":"https:\/\/presscouncil-ks.org\/?p=14054"},"modified":"2025-05-20T20:37:52","modified_gmt":"2025-05-20T20:37:52","slug":"neser-nis-moduli-i-dyte-i-shkolles-se-etikes-se-gazetarise","status":"publish","type":"post","link":"http:\/\/presscouncil-ks.org\/?p=14054","title":{"rendered":"NES\u00cbR NIS MODULI I DYT\u00cb I SHKOLL\u00cbS S\u00cb ETIK\u00cbS S\u00cb GAZETARIS\u00cb"},"content":{"rendered":"<p>Nes\u00ebr (e h\u00ebn\u00eb, 10 qeshor) n\u00eb Prishtin\u00eb nis moduli i dyt\u00eb i Shkoll\u00ebs s\u00eb Etik\u00ebs s\u00eb Gazetaris\u00eb, organizuar nga K\u00ebshilli i Mediave t\u00eb Shkruara t\u00eb Kosov\u00ebs (KMShK). Gjat\u00eb tri dit\u00ebve pjes\u00ebmarr\u00ebsit (student\u00eb t\u00eb gazetaris\u00eb dhe gazetar\u00eb t\u00eb rinj) do t\u00eb ken\u00eb rastin q\u00eb t\u00eb bashk\u00ebbisedojn\u00eb n\u00eb tem\u00ebn e etik\u00ebs me profesionist\u00eb t\u00eb fush\u00ebs. Po ashtu, ata do t\u00eb jen\u00eb pjes\u00eb e pun\u00ebtoris\u00eb q\u00eb ka t\u00eb b\u00ebj\u00eb me edukimin medial, si dhe do t\u00eb vizitojn\u00eb institucione dhe media.<\/p>\n","protected":false},"excerpt":{"rendered":"<p>Nes\u00ebr (e h\u00ebn\u00eb, 10 qeshor) n\u00eb Prishtin\u00eb nis moduli i dyt\u00eb i Shkoll\u00ebs s\u00eb Etik\u00ebs s\u00eb Gazetaris\u00eb, organizuar nga K\u00ebshilli i Mediave t\u00eb Shkruara t\u00eb Kosov\u00ebs (KMShK). Gjat\u00eb tri dit\u00ebve pjes\u00ebmarr\u00ebsit (student\u00eb t\u00eb gazetaris\u00eb dhe gazetar\u00eb t\u00eb rinj) do t\u00eb ken\u00eb rastin q\u00eb t\u00eb bashk\u00ebbisedojn\u00eb n\u00eb tem\u00ebn e etik\u00ebs me profesionist\u00eb t\u00eb fush\u00ebs. Po ashtu, [&hellip;]<\/p>\n","protected":false},"author":1,"featured_media":14055,"comment_status":"open","ping_status":"open","sticky":false,"template":"","format":"standard","meta":{"footnotes":""},"categories":[92],"tags":[],"class_list":["post-14054","post","type-post","status-publish","format-standard","has-post-thumbnail","hentry","category-news-sq"],"acf":{"video_title":"","video":false},"yoast_head":"<!-- This site is optimized with the Yoast SEO plugin v28.3 - https:\/\/yoast.com\/product\/yoast-seo-wordpress\/ -->\n<title>NES\u00cbR NIS MODULI I DYT\u00cb I SHKOLL\u00cbS S\u00cb ETIK\u00cbS S\u00cb GAZETARIS\u00cb - K\u00ebshilli i Mediave t\u00eb Shkruara t\u00eb Kosov\u00ebs | P\u00ebr nj\u00eb gazetari etike dhe profesionale<\/title>\n<meta name=\"robots\" content=\"index, follow, max-snippet:-1, max-image-preview:large, max-video-preview:-1\" \/>\n<link rel=\"canonical\" href=\"http:\/\/presscouncil-ks.org\/?p=14054\" \/>\n<meta property=\"og:locale\" content=\"en_US\" \/>\n<meta property=\"og:type\" content=\"article\" \/>\n<meta property=\"og:title\" content=\"NES\u00cbR NIS MODULI I DYT\u00cb I SHKOLL\u00cbS S\u00cb ETIK\u00cbS S\u00cb GAZETARIS\u00cb - K\u00ebshilli i Mediave t\u00eb Shkruara t\u00eb Kosov\u00ebs | P\u00ebr nj\u00eb gazetari etike dhe profesionale\" \/>\n<meta property=\"og:description\" content=\"Nes\u00ebr (e h\u00ebn\u00eb, 10 qeshor) n\u00eb Prishtin\u00eb nis moduli i dyt\u00eb i Shkoll\u00ebs s\u00eb Etik\u00ebs s\u00eb Gazetaris\u00eb, organizuar nga K\u00ebshilli i Mediave t\u00eb Shkruara t\u00eb Kosov\u00ebs (KMShK). Gjat\u00eb tri dit\u00ebve pjes\u00ebmarr\u00ebsit (student\u00eb t\u00eb gazetaris\u00eb dhe gazetar\u00eb t\u00eb rinj) do t\u00eb ken\u00eb rastin q\u00eb t\u00eb bashk\u00ebbisedojn\u00eb n\u00eb tem\u00ebn e etik\u00ebs me profesionist\u00eb t\u00eb fush\u00ebs. Po ashtu, [&hellip;]\" \/>\n<meta property=\"og:url\" content=\"http:\/\/presscouncil-ks.org\/?p=14054\" \/>\n<meta property=\"og:site_name\" content=\"K\u00ebshilli i Mediave t\u00eb Shkruara t\u00eb Kosov\u00ebs | P\u00ebr nj\u00eb gazetari etike dhe profesionale\" \/>\n<meta property=\"article:publisher\" content=\"https:\/\/www.facebook.com\/KMSHKosove\" \/>\n<meta property=\"article:published_time\" content=\"2024-07-10T07:32:48+00:00\" \/>\n<meta property=\"article:modified_time\" content=\"2025-05-20T20:37:52+00:00\" \/>\n<meta property=\"og:image\" content=\"http:\/\/presscouncil-ks.org\/wp-content\/uploads\/2024\/07\/448093159_487157317003933_6269905149620744951_n.jpg\" \/>\n\t<meta property=\"og:image:width\" content=\"600\" \/>\n\t<meta property=\"og:image:height\" content=\"338\" \/>\n\t<meta property=\"og:image:type\" content=\"image\/jpeg\" \/>\n<meta name=\"author\" content=\"trok1t\" \/>\n<meta name=\"twitter:card\" content=\"summary_large_image\" \/>\n<meta name=\"twitter:label1\" content=\"Written by\" \/>\n\t<meta name=\"twitter:data1\" content=\"trok1t\" \/>\n<script type=\"application\/ld+json\" class=\"yoast-schema-graph\">{\"@context\":\"https:\\\/\\\/schema.org\",\"@graph\":[{\"@type\":\"Article\",\"@id\":\"http:\\\/\\\/presscouncil-ks.org\\\/?p=14054#article\",\"isPartOf\":{\"@id\":\"http:\\\/\\\/presscouncil-ks.org\\\/?p=14054\"},\"author\":{\"name\":\"trok1t\",\"@id\":\"http:\\\/\\\/presscouncil-ks.org\\\/#\\\/schema\\\/person\\\/25b4d08e364cdd1da5ad335f08501250\"},\"headline\":\"NES\u00cbR NIS MODULI I DYT\u00cb I SHKOLL\u00cbS S\u00cb ETIK\u00cbS S\u00cb GAZETARIS\u00cb\",\"datePublished\":\"2024-07-10T07:32:48+00:00\",\"dateModified\":\"2025-05-20T20:37:52+00:00\",\"mainEntityOfPage\":{\"@id\":\"http:\\\/\\\/presscouncil-ks.org\\\/?p=14054\"},\"wordCount\":105,\"commentCount\":0,\"publisher\":{\"@id\":\"http:\\\/\\\/presscouncil-ks.org\\\/#organization\"},\"image\":{\"@id\":\"http:\\\/\\\/presscouncil-ks.org\\\/?p=14054#primaryimage\"},\"thumbnailUrl\":\"http:\\\/\\\/presscouncil-ks.org\\\/wp-content\\\/uploads\\\/2024\\\/07\\\/448093159_487157317003933_6269905149620744951_n.jpg\",\"articleSection\":[\"Lajm\"],\"inLanguage\":\"en-US\",\"potentialAction\":[{\"@type\":\"CommentAction\",\"name\":\"Comment\",\"target\":[\"http:\\\/\\\/presscouncil-ks.org\\\/?p=14054#respond\"]}]},{\"@type\":\"WebPage\",\"@id\":\"http:\\\/\\\/presscouncil-ks.org\\\/?p=14054\",\"url\":\"http:\\\/\\\/presscouncil-ks.org\\\/?p=14054\",\"name\":\"NES\u00cbR NIS MODULI I DYT\u00cb I SHKOLL\u00cbS S\u00cb ETIK\u00cbS S\u00cb GAZETARIS\u00cb - K\u00ebshilli i Mediave t\u00eb Shkruara t\u00eb Kosov\u00ebs | P\u00ebr nj\u00eb gazetari etike dhe profesionale\",\"isPartOf\":{\"@id\":\"http:\\\/\\\/presscouncil-ks.org\\\/#website\"},\"primaryImageOfPage\":{\"@id\":\"http:\\\/\\\/presscouncil-ks.org\\\/?p=14054#primaryimage\"},\"image\":{\"@id\":\"http:\\\/\\\/presscouncil-ks.org\\\/?p=14054#primaryimage\"},\"thumbnailUrl\":\"http:\\\/\\\/presscouncil-ks.org\\\/wp-content\\\/uploads\\\/2024\\\/07\\\/448093159_487157317003933_6269905149620744951_n.jpg\",\"datePublished\":\"2024-07-10T07:32:48+00:00\",\"dateModified\":\"2025-05-20T20:37:52+00:00\",\"breadcrumb\":{\"@id\":\"http:\\\/\\\/presscouncil-ks.org\\\/?p=14054#breadcrumb\"},\"inLanguage\":\"en-US\",\"potentialAction\":[{\"@type\":\"ReadAction\",\"target\":[\"http:\\\/\\\/presscouncil-ks.org\\\/?p=14054\"]}]},{\"@type\":\"ImageObject\",\"inLanguage\":\"en-US\",\"@id\":\"http:\\\/\\\/presscouncil-ks.org\\\/?p=14054#primaryimage\",\"url\":\"http:\\\/\\\/presscouncil-ks.org\\\/wp-content\\\/uploads\\\/2024\\\/07\\\/448093159_487157317003933_6269905149620744951_n.jpg\",\"contentUrl\":\"http:\\\/\\\/presscouncil-ks.org\\\/wp-content\\\/uploads\\\/2024\\\/07\\\/448093159_487157317003933_6269905149620744951_n.jpg\",\"width\":600,\"height\":338},{\"@type\":\"BreadcrumbList\",\"@id\":\"http:\\\/\\\/presscouncil-ks.org\\\/?p=14054#breadcrumb\",\"itemListElement\":[{\"@type\":\"ListItem\",\"position\":1,\"name\":\"Home\",\"item\":\"https:\\\/\\\/presscouncil-ks.org\\\/\"},{\"@type\":\"ListItem\",\"position\":2,\"name\":\"NES\u00cbR NIS MODULI I DYT\u00cb I SHKOLL\u00cbS S\u00cb ETIK\u00cbS S\u00cb GAZETARIS\u00cb\"}]},{\"@type\":\"WebSite\",\"@id\":\"http:\\\/\\\/presscouncil-ks.org\\\/#website\",\"url\":\"http:\\\/\\\/presscouncil-ks.org\\\/\",\"name\":\"https:\\\/\\\/presscouncil-ks.org\\\/\",\"description\":\"\",\"publisher\":{\"@id\":\"http:\\\/\\\/presscouncil-ks.org\\\/#organization\"},\"potentialAction\":[{\"@type\":\"SearchAction\",\"target\":{\"@type\":\"EntryPoint\",\"urlTemplate\":\"http:\\\/\\\/presscouncil-ks.org\\\/?s={search_term_string}\"},\"query-input\":{\"@type\":\"PropertyValueSpecification\",\"valueRequired\":true,\"valueName\":\"search_term_string\"}}],\"inLanguage\":\"en-US\"},{\"@type\":\"Organization\",\"@id\":\"http:\\\/\\\/presscouncil-ks.org\\\/#organization\",\"name\":\"K\u00ebshilli i Mediave t\u00eb Shkruara t\u00eb Kosov\u00ebs\",\"url\":\"http:\\\/\\\/presscouncil-ks.org\\\/\",\"logo\":{\"@type\":\"ImageObject\",\"inLanguage\":\"en-US\",\"@id\":\"http:\\\/\\\/presscouncil-ks.org\\\/#\\\/schema\\\/logo\\\/image\\\/\",\"url\":\"http:\\\/\\\/presscouncil-ks.org\\\/wp-content\\\/uploads\\\/2023\\\/06\\\/cropped-logo.png\",\"contentUrl\":\"http:\\\/\\\/presscouncil-ks.org\\\/wp-content\\\/uploads\\\/2023\\\/06\\\/cropped-logo.png\",\"width\":268,\"height\":166,\"caption\":\"K\u00ebshilli i Mediave t\u00eb Shkruara t\u00eb Kosov\u00ebs\"},\"image\":{\"@id\":\"http:\\\/\\\/presscouncil-ks.org\\\/#\\\/schema\\\/logo\\\/image\\\/\"},\"sameAs\":[\"https:\\\/\\\/www.facebook.com\\\/KMSHKosove\"]},{\"@type\":\"Person\",\"@id\":\"http:\\\/\\\/presscouncil-ks.org\\\/#\\\/schema\\\/person\\\/25b4d08e364cdd1da5ad335f08501250\",\"name\":\"trok1t\",\"image\":{\"@type\":\"ImageObject\",\"inLanguage\":\"en-US\",\"@id\":\"https:\\\/\\\/secure.gravatar.com\\\/avatar\\\/e10ec79711a90706c9892640d3fb74a88e6cb8063544c08e0084c238fb4b4140?s=96&d=mm&r=g\",\"url\":\"https:\\\/\\\/secure.gravatar.com\\\/avatar\\\/e10ec79711a90706c9892640d3fb74a88e6cb8063544c08e0084c238fb4b4140?s=96&d=mm&r=g\",\"contentUrl\":\"https:\\\/\\\/secure.gravatar.com\\\/avatar\\\/e10ec79711a90706c9892640d3fb74a88e6cb8063544c08e0084c238fb4b4140?s=96&d=mm&r=g\",\"caption\":\"trok1t\"},\"sameAs\":[\"https:\\\/\\\/presscouncil-ks.org\"],\"url\":\"http:\\\/\\\/presscouncil-ks.org\\\/?author=1\"}]}<\/script>\n<!-- \/ Yoast SEO plugin. -->","yoast_head_json":{"title":"NES\u00cbR NIS MODULI I DYT\u00cb I SHKOLL\u00cbS S\u00cb ETIK\u00cbS S\u00cb GAZETARIS\u00cb - K\u00ebshilli i Mediave t\u00eb Shkruara t\u00eb Kosov\u00ebs | P\u00ebr nj\u00eb gazetari etike dhe profesionale","robots":{"index":"index","follow":"follow","max-snippet":"max-snippet:-1","max-image-preview":"max-image-preview:large","max-video-preview":"max-video-preview:-1"},"canonical":"http:\/\/presscouncil-ks.org\/?p=14054","og_locale":"en_US","og_type":"article","og_title":"NES\u00cbR NIS MODULI I DYT\u00cb I SHKOLL\u00cbS S\u00cb ETIK\u00cbS S\u00cb GAZETARIS\u00cb - K\u00ebshilli i Mediave t\u00eb Shkruara t\u00eb Kosov\u00ebs | P\u00ebr nj\u00eb gazetari etike dhe profesionale","og_description":"Nes\u00ebr (e h\u00ebn\u00eb, 10 qeshor) n\u00eb Prishtin\u00eb nis moduli i dyt\u00eb i Shkoll\u00ebs s\u00eb Etik\u00ebs s\u00eb Gazetaris\u00eb, organizuar nga K\u00ebshilli i Mediave t\u00eb Shkruara t\u00eb Kosov\u00ebs (KMShK). Gjat\u00eb tri dit\u00ebve pjes\u00ebmarr\u00ebsit (student\u00eb t\u00eb gazetaris\u00eb dhe gazetar\u00eb t\u00eb rinj) do t\u00eb ken\u00eb rastin q\u00eb t\u00eb bashk\u00ebbisedojn\u00eb n\u00eb tem\u00ebn e etik\u00ebs me profesionist\u00eb t\u00eb fush\u00ebs. Po ashtu, [&hellip;]","og_url":"http:\/\/presscouncil-ks.org\/?p=14054","og_site_name":"K\u00ebshilli i Mediave t\u00eb Shkruara t\u00eb Kosov\u00ebs | P\u00ebr nj\u00eb gazetari etike dhe profesionale","article_publisher":"https:\/\/www.facebook.com\/KMSHKosove","article_published_time":"2024-07-10T07:32:48+00:00","article_modified_time":"2025-05-20T20:37:52+00:00","og_image":[{"width":600,"height":338,"url":"http:\/\/presscouncil-ks.org\/wp-content\/uploads\/2024\/07\/448093159_487157317003933_6269905149620744951_n.jpg","type":"image\/jpeg"}],"author":"trok1t","twitter_card":"summary_large_image","twitter_misc":{"Written by":"trok1t"},"schema":{"@context":"https:\/\/schema.org","@graph":[{"@type":"Article","@id":"http:\/\/presscouncil-ks.org\/?p=14054#article","isPartOf":{"@id":"http:\/\/presscouncil-ks.org\/?p=14054"},"author":{"name":"trok1t","@id":"http:\/\/presscouncil-ks.org\/#\/schema\/person\/25b4d08e364cdd1da5ad335f08501250"},"headline":"NES\u00cbR NIS MODULI I DYT\u00cb I SHKOLL\u00cbS S\u00cb ETIK\u00cbS S\u00cb GAZETARIS\u00cb","datePublished":"2024-07-10T07:32:48+00:00","dateModified":"2025-05-20T20:37:52+00:00","mainEntityOfPage":{"@id":"http:\/\/presscouncil-ks.org\/?p=14054"},"wordCount":105,"commentCount":0,"publisher":{"@id":"http:\/\/presscouncil-ks.org\/#organization"},"image":{"@id":"http:\/\/presscouncil-ks.org\/?p=14054#primaryimage"},"thumbnailUrl":"http:\/\/presscouncil-ks.org\/wp-content\/uploads\/2024\/07\/448093159_487157317003933_6269905149620744951_n.jpg","articleSection":["Lajm"],"inLanguage":"en-US","potentialAction":[{"@type":"CommentAction","name":"Comment","target":["http:\/\/presscouncil-ks.org\/?p=14054#respond"]}]},{"@type":"WebPage","@id":"http:\/\/presscouncil-ks.org\/?p=14054","url":"http:\/\/presscouncil-ks.org\/?p=14054","name":"NES\u00cbR NIS MODULI I DYT\u00cb I SHKOLL\u00cbS S\u00cb ETIK\u00cbS S\u00cb GAZETARIS\u00cb - K\u00ebshilli i Mediave t\u00eb Shkruara t\u00eb Kosov\u00ebs | P\u00ebr nj\u00eb gazetari etike dhe profesionale","isPartOf":{"@id":"http:\/\/presscouncil-ks.org\/#website"},"primaryImageOfPage":{"@id":"http:\/\/presscouncil-ks.org\/?p=14054#primaryimage"},"image":{"@id":"http:\/\/presscouncil-ks.org\/?p=14054#primaryimage"},"thumbnailUrl":"http:\/\/presscouncil-ks.org\/wp-content\/uploads\/2024\/07\/448093159_487157317003933_6269905149620744951_n.jpg","datePublished":"2024-07-10T07:32:48+00:00","dateModified":"2025-05-20T20:37:52+00:00","breadcrumb":{"@id":"http:\/\/presscouncil-ks.org\/?p=14054#breadcrumb"},"inLanguage":"en-US","potentialAction":[{"@type":"ReadAction","target":["http:\/\/presscouncil-ks.org\/?p=14054"]}]},{"@type":"ImageObject","inLanguage":"en-US","@id":"http:\/\/presscouncil-ks.org\/?p=14054#primaryimage","url":"http:\/\/presscouncil-ks.org\/wp-content\/uploads\/2024\/07\/448093159_487157317003933_6269905149620744951_n.jpg","contentUrl":"http:\/\/presscouncil-ks.org\/wp-content\/uploads\/2024\/07\/448093159_487157317003933_6269905149620744951_n.jpg","width":600,"height":338},{"@type":"BreadcrumbList","@id":"http:\/\/presscouncil-ks.org\/?p=14054#breadcrumb","itemListElement":[{"@type":"ListItem","position":1,"name":"Home","item":"https:\/\/presscouncil-ks.org\/"},{"@type":"ListItem","position":2,"name":"NES\u00cbR NIS MODULI I DYT\u00cb I SHKOLL\u00cbS S\u00cb ETIK\u00cbS S\u00cb GAZETARIS\u00cb"}]},{"@type":"WebSite","@id":"http:\/\/presscouncil-ks.org\/#website","url":"http:\/\/presscouncil-ks.org\/","name":"https:\/\/presscouncil-ks.org\/","description":"","publisher":{"@id":"http:\/\/presscouncil-ks.org\/#organization"},"potentialAction":[{"@type":"SearchAction","target":{"@type":"EntryPoint","urlTemplate":"http:\/\/presscouncil-ks.org\/?s={search_term_string}"},"query-input":{"@type":"PropertyValueSpecification","valueRequired":true,"valueName":"search_term_string"}}],"inLanguage":"en-US"},{"@type":"Organization","@id":"http:\/\/presscouncil-ks.org\/#organization","name":"K\u00ebshilli i Mediave t\u00eb Shkruara t\u00eb Kosov\u00ebs","url":"http:\/\/presscouncil-ks.org\/","logo":{"@type":"ImageObject","inLanguage":"en-US","@id":"http:\/\/presscouncil-ks.org\/#\/schema\/logo\/image\/","url":"http:\/\/presscouncil-ks.org\/wp-content\/uploads\/2023\/06\/cropped-logo.png","contentUrl":"http:\/\/presscouncil-ks.org\/wp-content\/uploads\/2023\/06\/cropped-logo.png","width":268,"height":166,"caption":"K\u00ebshilli i Mediave t\u00eb Shkruara t\u00eb Kosov\u00ebs"},"image":{"@id":"http:\/\/presscouncil-ks.org\/#\/schema\/logo\/image\/"},"sameAs":["https:\/\/www.facebook.com\/KMSHKosove"]},{"@type":"Person","@id":"http:\/\/presscouncil-ks.org\/#\/schema\/person\/25b4d08e364cdd1da5ad335f08501250","name":"trok1t","image":{"@type":"ImageObject","inLanguage":"en-US","@id":"https:\/\/secure.gravatar.com\/avatar\/e10ec79711a90706c9892640d3fb74a88e6cb8063544c08e0084c238fb4b4140?s=96&d=mm&r=g","url":"https:\/\/secure.gravatar.com\/avatar\/e10ec79711a90706c9892640d3fb74a88e6cb8063544c08e0084c238fb4b4140?s=96&d=mm&r=g","contentUrl":"https:\/\/secure.gravatar.com\/avatar\/e10ec79711a90706c9892640d3fb74a88e6cb8063544c08e0084c238fb4b4140?s=96&d=mm&r=g","caption":"trok1t"},"sameAs":["https:\/\/presscouncil-ks.org"],"url":"http:\/\/presscouncil-ks.org\/?author=1"}]}},"_links":{"self":[{"href":"http:\/\/presscouncil-ks.org\/index.php?rest_route=\/wp\/v2\/posts\/14054","targetHints":{"allow":["GET"]}}],"collection":[{"href":"http:\/\/presscouncil-ks.org\/index.php?rest_route=\/wp\/v2\/posts"}],"about":[{"href":"http:\/\/presscouncil-ks.org\/index.php?rest_route=\/wp\/v2\/types\/post"}],"author":[{"embeddable":true,"href":"http:\/\/presscouncil-ks.org\/index.php?rest_route=\/wp\/v2\/users\/1"}],"replies":[{"embeddable":true,"href":"http:\/\/presscouncil-ks.org\/index.php?rest_route=%2Fwp%2Fv2%2Fcomments&post=14054"}],"version-history":[{"count":1,"href":"http:\/\/presscouncil-ks.org\/index.php?rest_route=\/wp\/v2\/posts\/14054\/revisions"}],"predecessor-version":[{"id":14056,"href":"http:\/\/presscouncil-ks.org\/index.php?rest_route=\/wp\/v2\/posts\/14054\/revisions\/14056"}],"wp:featuredmedia":[{"embeddable":true,"href":"http:\/\/presscouncil-ks.org\/index.php?rest_route=\/wp\/v2\/media\/14055"}],"wp:attachment":[{"href":"http:\/\/presscouncil-ks.org\/index.php?rest_route=%2Fwp%2Fv2%2Fmedia&parent=14054"}],"wp:term":[{"taxonomy":"category","embeddable":true,"href":"http:\/\/presscouncil-ks.org\/index.php?rest_route=%2Fwp%2Fv2%2Fcategories&post=14054"},{"taxonomy":"post_tag","embeddable":true,"href":"http:\/\/presscouncil-ks.org\/index.php?rest_route=%2Fwp%2Fv2%2Ftags&post=14054"}],"curies":[{"name":"wp","href":"https:\/\/api.w.org\/{rel}","templated":true}]}}